{"id":936,"date":"2016-10-08T11:04:54","date_gmt":"2016-10-08T09:04:54","guid":{"rendered":"http:\/\/fridolin.vw-bulli.net\/2016\/10\/08\/letzter-umzug\/"},"modified":"2016-10-08T11:04:54","modified_gmt":"2016-10-08T09:04:54","slug":"letzter-umzug","status":"publish","type":"post","link":"http:\/\/fridolin.vw-bulli.net\/?p=936","title":{"rendered":"Letzter Umzug"},"content":{"rendered":"<p>So, heute haben wir den letzten Umzug auf dieser Reise gemacht. F\u00fcr die letzten Tage g\u00f6nnen Fridolin und ich uns einen Premium Stellplatz. Ich denke die Bilder zeigen, warum &#8222;Premium Stellplatz&#8220;.<\/p>\n<p><a href=\"http:\/\/fridolin.vw-bulli.net\/wp-content\/uploads\/2016\/10\/img_5064.jpg\"><img loading=\"lazy\" width=\"500\" height=\"374\" alt=\"\" src=\"http:\/\/fridolin.vw-bulli.net\/wp-content\/uploads\/2016\/10\/img_5064.jpg\" title=\"\" class=\"alignnone size-large wp-image-933\"><\/a><a href=\"http:\/\/fridolin.vw-bulli.net\/wp-content\/uploads\/2016\/10\/img_5063.jpg\"><img loading=\"lazy\" width=\"640\" height=\"138\" alt=\"\" src=\"http:\/\/fridolin.vw-bulli.net\/wp-content\/uploads\/2016\/10\/img_5063.jpg\" title=\"\" class=\"alignnone size-large wp-image-934\" srcset=\"http:\/\/fridolin.vw-bulli.net\/wp-content\/uploads\/2016\/10\/img_5063.jpg 666w, http:\/\/fridolin.vw-bulli.net\/wp-content\/uploads\/2016\/10\/img_5063-500x108.jpg 500w\" sizes=\"(max-width: 709px) 85vw, (max-width: 909px) 67vw, (max-width: 984px) 61vw, (max-width: 1362px) 45vw, 600px\" \/><\/a><a href=\"http:\/\/fridolin.vw-bulli.net\/wp-content\/uploads\/2016\/10\/img_5068.jpg\"><img loading=\"lazy\" width=\"640\" height=\"480\" alt=\"\" src=\"http:\/\/fridolin.vw-bulli.net\/wp-content\/uploads\/2016\/10\/img_5068.jpg\" title=\"\" class=\"alignnone size-large wp-image-935\" srcset=\"http:\/\/fridolin.vw-bulli.net\/wp-content\/uploads\/2016\/10\/img_5068.jpg 1000w, http:\/\/fridolin.vw-bulli.net\/wp-content\/uploads\/2016\/10\/img_5068-500x375.jpg 500w\" sizes=\"(max-width: 709px) 85vw, (max-width: 909px) 67vw, (max-width: 984px) 61vw, (max-width: 1362px) 45vw, 600px\" \/><\/a><br \/>\nEin sch\u00f6ner Abschluss der Reise, bevor es in wenigen Tagen auf die F\u00e4hre (Olbia &#8211; Genua) und die R\u00fcckfahrt geht.&nbsp;<\/p>\n<div class=\"sharedaddy sd-sharing-enabled\"><div class=\"robots-nocontent sd-block sd-social sd-social-icon-text sd-sharing\"><h3 class=\"sd-title\">Ich bin dann mal weg ...<\/h3><div class=\"sd-content\"><ul><li><a href=\"#\" class=\"sharing-anchor sd-button share-more\"><span>Teilen<\/span><\/a><\/li><li class=\"share-end\"><\/li><\/ul><div class=\"sharing-hidden\"><div class=\"inner\" style=\"display: none;\"><ul><li class=\"share-facebook\"><a rel=\"nofollow noopener noreferrer\" data-shared=\"sharing-facebook-936\" class=\"share-facebook sd-button share-icon\" href=\"http:\/\/fridolin.vw-bulli.net\/?p=936&amp;share=facebook\" target=\"_blank\" title=\"Klick, um auf Facebook zu teilen\"><span>Facebook<\/span><\/a><\/li><li class=\"share-twitter\"><a rel=\"nofollow noopener noreferrer\" data-shared=\"sharing-twitter-936\" class=\"share-twitter sd-button share-icon\" href=\"http:\/\/fridolin.vw-bulli.net\/?p=936&amp;share=twitter\" target=\"_blank\" title=\"Klick, um \u00fcber Twitter zu teilen\"><span>Twitter<\/span><\/a><\/li><li class=\"share-end\"><\/li><li class=\"share-end\"><\/li><\/ul><\/div><\/div><\/div><\/div><\/div>","protected":false},"excerpt":{"rendered":"<p>So, heute haben wir den letzten Umzug auf dieser Reise gemacht. F\u00fcr die letzten Tage g\u00f6nnen Fridolin und ich uns einen Premium Stellplatz. Ich denke die Bilder zeigen, warum &#8222;Premium Stellplatz&#8220;. Ein sch\u00f6ner Abschluss der Reise, bevor es in wenigen Tagen auf die F\u00e4hre (Olbia &#8211; Genua) und die R\u00fcckfahrt geht.&nbsp;<\/p>\n<div class=\"sharedaddy sd-sharing-enabled\"><div class=\"robots-nocontent sd-block sd-social sd-social-icon-text sd-sharing\"><h3 class=\"sd-title\">Ich bin dann mal weg ...<\/h3><div class=\"sd-content\"><ul><li><a href=\"#\" class=\"sharing-anchor sd-button share-more\"><span>Teilen<\/span><\/a><\/li><li class=\"share-end\"><\/li><\/ul><div class=\"sharing-hidden\"><div class=\"inner\" style=\"display: none;\"><ul><li class=\"share-facebook\"><a rel=\"nofollow noopener noreferrer\" data-shared=\"sharing-facebook-936\" class=\"share-facebook sd-button share-icon\" href=\"http:\/\/fridolin.vw-bulli.net\/?p=936&amp;share=facebook\" target=\"_blank\" title=\"Klick, um auf Facebook zu teilen\"><span>Facebook<\/span><\/a><\/li><li class=\"share-twitter\"><a rel=\"nofollow noopener noreferrer\" data-shared=\"sharing-twitter-936\" class=\"share-twitter sd-button share-icon\" href=\"http:\/\/fridolin.vw-bulli.net\/?p=936&amp;share=twitter\" target=\"_blank\" title=\"Klick, um \u00fcber Twitter zu teilen\"><span>Twitter<\/span><\/a><\/li><li class=\"share-end\"><\/li><li class=\"share-end\"><\/li><\/ul><\/div><\/div><\/div><\/div><\/div>","protected":false},"author":1,"featured_media":0,"comment_status":"open","ping_status":"open","sticky":false,"template":"","format":"standard","meta":{"spay_email":"","jetpack_publicize_message":"","jetpack_is_tweetstorm":false,"jetpack_publicize_feature_enabled":true},"categories":[4],"tags":[],"jetpack_featured_media_url":"","jetpack_publicize_connections":[],"jetpack_sharing_enabled":true,"jetpack_shortlink":"https:\/\/wp.me\/pcLMis-f6","jetpack_likes_enabled":true,"_links":{"self":[{"href":"http:\/\/fridolin.vw-bulli.net\/index.php?rest_route=\/wp\/v2\/posts\/936"}],"collection":[{"href":"http:\/\/fridolin.vw-bulli.net\/index.php?rest_route=\/wp\/v2\/posts"}],"about":[{"href":"http:\/\/fridolin.vw-bulli.net\/index.php?rest_route=\/wp\/v2\/types\/post"}],"author":[{"embeddable":true,"href":"http:\/\/fridolin.vw-bulli.net\/index.php?rest_route=\/wp\/v2\/users\/1"}],"replies":[{"embeddable":true,"href":"http:\/\/fridolin.vw-bulli.net\/index.php?rest_route=%2Fwp%2Fv2%2Fcomments&post=936"}],"version-history":[{"count":0,"href":"http:\/\/fridolin.vw-bulli.net\/index.php?rest_route=\/wp\/v2\/posts\/936\/revisions"}],"wp:attachment":[{"href":"http:\/\/fridolin.vw-bulli.net\/index.php?rest_route=%2Fwp%2Fv2%2Fmedia&parent=936"}],"wp:term":[{"taxonomy":"category","embeddable":true,"href":"http:\/\/fridolin.vw-bulli.net\/index.php?rest_route=%2Fwp%2Fv2%2Fcategories&post=936"},{"taxonomy":"post_tag","embeddable":true,"href":"http:\/\/fridolin.vw-bulli.net\/index.php?rest_route=%2Fwp%2Fv2%2Ftags&post=936"}],"curies":[{"name":"wp","href":"https:\/\/api.w.org\/{rel}","templated":true}]}}