{"id":929,"date":"2016-10-06T08:51:39","date_gmt":"2016-10-06T06:51:39","guid":{"rendered":"http:\/\/fridolin.vw-bulli.net\/2016\/10\/05\/ich-bin-muede-sehr-sogar-ich-glaub-ich-geh-wieder-nach-hause-forrest-gump\/"},"modified":"2016-10-06T18:39:45","modified_gmt":"2016-10-06T16:39:45","slug":"ich-bin-muede-sehr-sogar-ich-glaub-ich-geh-wieder-nach-hause-forrest-gump","status":"publish","type":"post","link":"http:\/\/fridolin.vw-bulli.net\/?p=929","title":{"rendered":"&#8222;Ich bin m\u00fcde sehr sogar ich glaub ich geh wieder nach Hause&#8220; Forrest Gump\u00a0"},"content":{"rendered":"<p>Bald sind es 3 Monate, seit ich auf Reisen gegangen bin. Eine unglaubliche Zeit. Ich habe so tolle Fahrten und Orte erlebt und phantastische Menschen kennenlernen d\u00fcrfen. Die F\u00fclle der Eindr\u00fccke, insbesondere wenn man Urlaub von den letzten Jahren kaum noch gewohnt war, kann einen fast erschlagen.&nbsp;<\/p>\n<p>Doch jetzt geht es mir wohl ein wenig wie Forrest Gump:<\/p>\n<p>&#8222;Ich bin m\u00fcde sehr sogar ich glaub ich geh wieder nach Hause&#8220;<\/p>\n<p>Es ist die Zeit gekommen, wo ich mich wieder auf Zuhause freue und noch etwas Zeit mit Freunden und Familie geniessen m\u00f6chte, bevor ich Mitte November meinen neuen Job beginne und wieder zur\u00fcck nach Bern ziehe. So habe ich heute die erste Passage gen Heimat absolviert. Nun bin ich wieder in Porto Pollo um noch einmal Bekannte von der Reise zu treffen und dort noch ein paar Tage zum Ausklang der Reise verbringen werde. Erstaunlich ist zum einen wie das Meer hier in den letzten gut 2 Wochen seine Farbe ver\u00e4ndert hat. Von einem T\u00fcrkis-Blau, zu einem Dunkelblau. Zum anderen wie voll es hier ist. Ich bin froh den vorletzten Platz bekommen zu haben &#8222;auf der Schweizer Insel&#8220; \ud83d\ude1c Man merkt deutlich, dass in der Schweiz Herbstferien sind.&nbsp;<\/p>\n<div class=\"sharedaddy sd-sharing-enabled\"><div class=\"robots-nocontent sd-block sd-social sd-social-icon-text sd-sharing\"><h3 class=\"sd-title\">Ich bin dann mal weg ...<\/h3><div class=\"sd-content\"><ul><li><a href=\"#\" class=\"sharing-anchor sd-button share-more\"><span>Teilen<\/span><\/a><\/li><li class=\"share-end\"><\/li><\/ul><div class=\"sharing-hidden\"><div class=\"inner\" style=\"display: none;\"><ul><li class=\"share-facebook\"><a rel=\"nofollow noopener noreferrer\" data-shared=\"sharing-facebook-929\" class=\"share-facebook sd-button share-icon\" href=\"http:\/\/fridolin.vw-bulli.net\/?p=929&amp;share=facebook\" target=\"_blank\" title=\"Klick, um auf Facebook zu teilen\"><span>Facebook<\/span><\/a><\/li><li class=\"share-twitter\"><a rel=\"nofollow noopener noreferrer\" data-shared=\"sharing-twitter-929\" class=\"share-twitter sd-button share-icon\" href=\"http:\/\/fridolin.vw-bulli.net\/?p=929&amp;share=twitter\" target=\"_blank\" title=\"Klick, um \u00fcber Twitter zu teilen\"><span>Twitter<\/span><\/a><\/li><li class=\"share-end\"><\/li><li class=\"share-end\"><\/li><\/ul><\/div><\/div><\/div><\/div><\/div>","protected":false},"excerpt":{"rendered":"<p>Bald sind es 3 Monate, seit ich auf Reisen gegangen bin. Eine unglaubliche Zeit. Ich habe so tolle Fahrten und Orte erlebt und phantastische Menschen kennenlernen d\u00fcrfen. Die F\u00fclle der Eindr\u00fccke, insbesondere wenn man Urlaub von den letzten Jahren kaum noch gewohnt war, kann einen fast erschlagen.&nbsp; Doch jetzt geht es mir wohl ein wenig &hellip; <a href=\"http:\/\/fridolin.vw-bulli.net\/?p=929\" class=\"more-link\"><span class=\"screen-reader-text\">&#8222;&#8222;Ich bin m\u00fcde sehr sogar ich glaub ich geh wieder nach Hause&#8220; Forrest Gump\u00a0&#8220; <\/span>weiterlesen<\/a><\/p>\n<div class=\"sharedaddy sd-sharing-enabled\"><div class=\"robots-nocontent sd-block sd-social sd-social-icon-text sd-sharing\"><h3 class=\"sd-title\">Ich bin dann mal weg ...<\/h3><div class=\"sd-content\"><ul><li><a href=\"#\" class=\"sharing-anchor sd-button share-more\"><span>Teilen<\/span><\/a><\/li><li class=\"share-end\"><\/li><\/ul><div class=\"sharing-hidden\"><div class=\"inner\" style=\"display: none;\"><ul><li class=\"share-facebook\"><a rel=\"nofollow noopener noreferrer\" data-shared=\"sharing-facebook-929\" class=\"share-facebook sd-button share-icon\" href=\"http:\/\/fridolin.vw-bulli.net\/?p=929&amp;share=facebook\" target=\"_blank\" title=\"Klick, um auf Facebook zu teilen\"><span>Facebook<\/span><\/a><\/li><li class=\"share-twitter\"><a rel=\"nofollow noopener noreferrer\" data-shared=\"sharing-twitter-929\" class=\"share-twitter sd-button share-icon\" href=\"http:\/\/fridolin.vw-bulli.net\/?p=929&amp;share=twitter\" target=\"_blank\" title=\"Klick, um \u00fcber Twitter zu teilen\"><span>Twitter<\/span><\/a><\/li><li class=\"share-end\"><\/li><li class=\"share-end\"><\/li><\/ul><\/div><\/div><\/div><\/div><\/div>","protected":false},"author":1,"featured_media":0,"comment_status":"open","ping_status":"open","sticky":false,"template":"","format":"standard","meta":{"spay_email":"","jetpack_publicize_message":"","jetpack_is_tweetstorm":false,"jetpack_publicize_feature_enabled":true},"categories":[4],"tags":[],"jetpack_featured_media_url":"","jetpack_publicize_connections":[],"jetpack_sharing_enabled":true,"jetpack_shortlink":"https:\/\/wp.me\/pcLMis-eZ","jetpack_likes_enabled":true,"_links":{"self":[{"href":"http:\/\/fridolin.vw-bulli.net\/index.php?rest_route=\/wp\/v2\/posts\/929"}],"collection":[{"href":"http:\/\/fridolin.vw-bulli.net\/index.php?rest_route=\/wp\/v2\/posts"}],"about":[{"href":"http:\/\/fridolin.vw-bulli.net\/index.php?rest_route=\/wp\/v2\/types\/post"}],"author":[{"embeddable":true,"href":"http:\/\/fridolin.vw-bulli.net\/index.php?rest_route=\/wp\/v2\/users\/1"}],"replies":[{"embeddable":true,"href":"http:\/\/fridolin.vw-bulli.net\/index.php?rest_route=%2Fwp%2Fv2%2Fcomments&post=929"}],"version-history":[{"count":2,"href":"http:\/\/fridolin.vw-bulli.net\/index.php?rest_route=\/wp\/v2\/posts\/929\/revisions"}],"predecessor-version":[{"id":932,"href":"http:\/\/fridolin.vw-bulli.net\/index.php?rest_route=\/wp\/v2\/posts\/929\/revisions\/932"}],"wp:attachment":[{"href":"http:\/\/fridolin.vw-bulli.net\/index.php?rest_route=%2Fwp%2Fv2%2Fmedia&parent=929"}],"wp:term":[{"taxonomy":"category","embeddable":true,"href":"http:\/\/fridolin.vw-bulli.net\/index.php?rest_route=%2Fwp%2Fv2%2Fcategories&post=929"},{"taxonomy":"post_tag","embeddable":true,"href":"http:\/\/fridolin.vw-bulli.net\/index.php?rest_route=%2Fwp%2Fv2%2Ftags&post=929"}],"curies":[{"name":"wp","href":"https:\/\/api.w.org\/{rel}","templated":true}]}}