{"id":915,"date":"2016-10-01T09:37:02","date_gmt":"2016-10-01T07:37:02","guid":{"rendered":"http:\/\/fridolin.vw-bulli.net\/2016\/10\/01\/suche-wohnung-in-bern-ich-komme-nach-hause-%f0%9f%98%80\/"},"modified":"2016-10-01T09:37:02","modified_gmt":"2016-10-01T07:37:02","slug":"suche-wohnung-in-bern-ich-komme-nach-hause-%f0%9f%98%80","status":"publish","type":"post","link":"http:\/\/fridolin.vw-bulli.net\/?p=915","title":{"rendered":"Suche Wohnung in Bern (Ich komme nach Hause \ud83d\ude00)"},"content":{"rendered":"<p>So, heute mal ein anderes Thema als meine Reise. Den Bericht der letzten Tage werde ich noch nachliefern aber soviel sei schon gesagt, ich bin mittlerweile an der Costa Rei und habe mein Berner Kontaktnetzwerk (Familie mit VW T1 Bus) erweitert.&nbsp;<\/p>\n<p><a href=\"http:\/\/fridolin.vw-bulli.net\/wp-content\/uploads\/2016\/10\/img_4810.jpg\"><img loading=\"lazy\" src=\"http:\/\/fridolin.vw-bulli.net\/wp-content\/uploads\/2016\/10\/img_4810.jpg\" alt=\"\" width=\"1000\" height=\"750\" class=\"alignnone size-full wp-image-914\" srcset=\"http:\/\/fridolin.vw-bulli.net\/wp-content\/uploads\/2016\/10\/img_4810.jpg 1000w, http:\/\/fridolin.vw-bulli.net\/wp-content\/uploads\/2016\/10\/img_4810-500x375.jpg 500w\" sizes=\"(max-width: 709px) 85vw, (max-width: 909px) 67vw, (max-width: 1362px) 62vw, 840px\" \/><\/a><br \/>\nWomit wir auch schon beim Thema sind (was eine \u00dcberleitung):<\/p>\n<p>Beruflich und privat werde ich nach Bern zur\u00fcck kommen und freue mich riesig. Ein wenig wie nach Hause kommen \ud83d\ude03<\/p>\n<p>Damit das alles klappt suche ich ab November oder Dezember eine Wohnung in Bern. 3-4 Zimmer &gt;70qm und zwingend mit Balkon oder Terrasse. Wenn es dann noch 1-2 Stellpl\u00e4tze oder eine Garage f\u00fcr Fridolin &amp; Co. hat, w\u00e4re das klasse.&nbsp;<\/p>\n<p>Falls also jemand was h\u00f6rt und mir einen Tipp geben kann, freue ich mich.<\/p>\n<p>F\u00fcr eine Wohnung mit oben genannten Kriterien und zus\u00e4tzlicher Aaresicht und das unter 2000 CHF\/Monat setze ich als Pr\u00e4mie ein Abendessen in meinem liebsten GaultMillaut Restaurant &#8222;Tanaka New Style Restaurant&#8220; aus.<\/p>\n<div class=\"sharedaddy sd-sharing-enabled\"><div class=\"robots-nocontent sd-block sd-social sd-social-icon-text sd-sharing\"><h3 class=\"sd-title\">Ich bin dann mal weg ...<\/h3><div class=\"sd-content\"><ul><li><a href=\"#\" class=\"sharing-anchor sd-button share-more\"><span>Teilen<\/span><\/a><\/li><li class=\"share-end\"><\/li><\/ul><div class=\"sharing-hidden\"><div class=\"inner\" style=\"display: none;\"><ul><li class=\"share-facebook\"><a rel=\"nofollow noopener noreferrer\" data-shared=\"sharing-facebook-915\" class=\"share-facebook sd-button share-icon\" href=\"http:\/\/fridolin.vw-bulli.net\/?p=915&amp;share=facebook\" target=\"_blank\" title=\"Klick, um auf Facebook zu teilen\"><span>Facebook<\/span><\/a><\/li><li class=\"share-twitter\"><a rel=\"nofollow noopener noreferrer\" data-shared=\"sharing-twitter-915\" class=\"share-twitter sd-button share-icon\" href=\"http:\/\/fridolin.vw-bulli.net\/?p=915&amp;share=twitter\" target=\"_blank\" title=\"Klick, um \u00fcber Twitter zu teilen\"><span>Twitter<\/span><\/a><\/li><li class=\"share-end\"><\/li><li class=\"share-end\"><\/li><\/ul><\/div><\/div><\/div><\/div><\/div>","protected":false},"excerpt":{"rendered":"<p>So, heute mal ein anderes Thema als meine Reise. Den Bericht der letzten Tage werde ich noch nachliefern aber soviel sei schon gesagt, ich bin mittlerweile an der Costa Rei und habe mein Berner Kontaktnetzwerk (Familie mit VW T1 Bus) erweitert.&nbsp; Womit wir auch schon beim Thema sind (was eine \u00dcberleitung): Beruflich und privat werde &hellip; <a href=\"http:\/\/fridolin.vw-bulli.net\/?p=915\" class=\"more-link\"><span class=\"screen-reader-text\">&#8222;Suche Wohnung in Bern (Ich komme nach Hause \ud83d\ude00)&#8220; <\/span>weiterlesen<\/a><\/p>\n<div class=\"sharedaddy sd-sharing-enabled\"><div class=\"robots-nocontent sd-block sd-social sd-social-icon-text sd-sharing\"><h3 class=\"sd-title\">Ich bin dann mal weg ...<\/h3><div class=\"sd-content\"><ul><li><a href=\"#\" class=\"sharing-anchor sd-button share-more\"><span>Teilen<\/span><\/a><\/li><li class=\"share-end\"><\/li><\/ul><div class=\"sharing-hidden\"><div class=\"inner\" style=\"display: none;\"><ul><li class=\"share-facebook\"><a rel=\"nofollow noopener noreferrer\" data-shared=\"sharing-facebook-915\" class=\"share-facebook sd-button share-icon\" href=\"http:\/\/fridolin.vw-bulli.net\/?p=915&amp;share=facebook\" target=\"_blank\" title=\"Klick, um auf Facebook zu teilen\"><span>Facebook<\/span><\/a><\/li><li class=\"share-twitter\"><a rel=\"nofollow noopener noreferrer\" data-shared=\"sharing-twitter-915\" class=\"share-twitter sd-button share-icon\" href=\"http:\/\/fridolin.vw-bulli.net\/?p=915&amp;share=twitter\" target=\"_blank\" title=\"Klick, um \u00fcber Twitter zu teilen\"><span>Twitter<\/span><\/a><\/li><li class=\"share-end\"><\/li><li class=\"share-end\"><\/li><\/ul><\/div><\/div><\/div><\/div><\/div>","protected":false},"author":1,"featured_media":0,"comment_status":"open","ping_status":"open","sticky":false,"template":"","format":"standard","meta":{"spay_email":"","jetpack_publicize_message":"","jetpack_is_tweetstorm":false,"jetpack_publicize_feature_enabled":true},"categories":[4],"tags":[],"jetpack_featured_media_url":"","jetpack_publicize_connections":[],"jetpack_sharing_enabled":true,"jetpack_shortlink":"https:\/\/wp.me\/pcLMis-eL","jetpack_likes_enabled":true,"_links":{"self":[{"href":"http:\/\/fridolin.vw-bulli.net\/index.php?rest_route=\/wp\/v2\/posts\/915"}],"collection":[{"href":"http:\/\/fridolin.vw-bulli.net\/index.php?rest_route=\/wp\/v2\/posts"}],"about":[{"href":"http:\/\/fridolin.vw-bulli.net\/index.php?rest_route=\/wp\/v2\/types\/post"}],"author":[{"embeddable":true,"href":"http:\/\/fridolin.vw-bulli.net\/index.php?rest_route=\/wp\/v2\/users\/1"}],"replies":[{"embeddable":true,"href":"http:\/\/fridolin.vw-bulli.net\/index.php?rest_route=%2Fwp%2Fv2%2Fcomments&post=915"}],"version-history":[{"count":0,"href":"http:\/\/fridolin.vw-bulli.net\/index.php?rest_route=\/wp\/v2\/posts\/915\/revisions"}],"wp:attachment":[{"href":"http:\/\/fridolin.vw-bulli.net\/index.php?rest_route=%2Fwp%2Fv2%2Fmedia&parent=915"}],"wp:term":[{"taxonomy":"category","embeddable":true,"href":"http:\/\/fridolin.vw-bulli.net\/index.php?rest_route=%2Fwp%2Fv2%2Fcategories&post=915"},{"taxonomy":"post_tag","embeddable":true,"href":"http:\/\/fridolin.vw-bulli.net\/index.php?rest_route=%2Fwp%2Fv2%2Ftags&post=915"}],"curies":[{"name":"wp","href":"https:\/\/api.w.org\/{rel}","templated":true}]}}