{"id":905,"date":"2016-09-27T17:22:59","date_gmt":"2016-09-27T15:22:59","guid":{"rendered":"http:\/\/fridolin.vw-bulli.net\/2016\/09\/27\/cala-fuili-zwei-mal-keine-ahnung-aber-schoen-wars\/"},"modified":"2016-09-30T11:57:45","modified_gmt":"2016-09-30T09:57:45","slug":"cala-fuili-zwei-mal-keine-ahnung-aber-schoen-wars","status":"publish","type":"post","link":"http:\/\/fridolin.vw-bulli.net\/?p=905","title":{"rendered":"Cala Fuili &#038; zwei Mal keine Ahnung, aber sch\u00f6n war&#8217;s"},"content":{"rendered":"<p>Nachdem ich gestern in Cala Gonone angekommen und v\u00f6llig entt\u00e4uscht war, wollte ich heute eigentlich gleich weiter fahren. Doch wie das Leben so spielt kommt es erstens anders und zweitens als man denkt.<\/p>\n<p>Nach einem gemeinsamen Fr\u00fchst\u00fcck mit meinen Berner Camping Nachbarn und einem l\u00e4nger als gedacht dauerndem Telefonat h\u00e4tte ich ziemlich Hektik machen m\u00fcssen um noch rechtzeitig aus zu checken. Und da ich keine Lust auf Hektik hatte, bin ich noch geblieben und habe mich um den Haushalt gek\u00fcmmert (Einkaufen und W\u00e4sche machen, da komme ich selbst in meiner Auszeit nicht drum herum). Danach habe ich den Blog gecheckt und Franks Tipps gesehen. Also Fahrrad runter vom Bulli und mal schauen was die K\u00fcste hier so zu bieten hat. Und es hat sich gelohnt.<\/p>\n<p><a href=\"http:\/\/fridolin.vw-bulli.net\/wp-content\/uploads\/2016\/09\/img_4727.jpg\"><img loading=\"lazy\" class=\"alignnone size-full wp-image-878\" src=\"http:\/\/fridolin.vw-bulli.net\/wp-content\/uploads\/2016\/09\/img_4727.jpg\" alt=\"\" width=\"374\" height=\"500\" \/><\/a><a href=\"http:\/\/fridolin.vw-bulli.net\/wp-content\/uploads\/2016\/09\/img_4728.jpg\"><img loading=\"lazy\" class=\"alignnone size-full wp-image-877\" src=\"http:\/\/fridolin.vw-bulli.net\/wp-content\/uploads\/2016\/09\/img_4728.jpg\" alt=\"\" width=\"374\" height=\"280\" \/><\/a><a href=\"http:\/\/fridolin.vw-bulli.net\/wp-content\/uploads\/2016\/09\/img_4729.jpg\"><img loading=\"lazy\" class=\"alignnone size-full wp-image-880\" src=\"http:\/\/fridolin.vw-bulli.net\/wp-content\/uploads\/2016\/09\/img_4729.jpg\" alt=\"\" width=\"374\" height=\"500\" \/><\/a><a href=\"http:\/\/fridolin.vw-bulli.net\/wp-content\/uploads\/2016\/09\/img_4730.jpg\"><img loading=\"lazy\" class=\"alignnone size-full wp-image-879\" src=\"http:\/\/fridolin.vw-bulli.net\/wp-content\/uploads\/2016\/09\/img_4730.jpg\" alt=\"\" width=\"374\" height=\"500\" \/><\/a><a href=\"http:\/\/fridolin.vw-bulli.net\/wp-content\/uploads\/2016\/09\/img_4731.jpg\"><img loading=\"lazy\" class=\"alignnone  wp-image-894\" src=\"http:\/\/fridolin.vw-bulli.net\/wp-content\/uploads\/2016\/09\/img_4731.jpg\" alt=\"\" width=\"500\" height=\"375\" srcset=\"http:\/\/fridolin.vw-bulli.net\/wp-content\/uploads\/2016\/09\/img_4731.jpg 1000w, http:\/\/fridolin.vw-bulli.net\/wp-content\/uploads\/2016\/09\/img_4731-500x375.jpg 500w\" sizes=\"(max-width: 500px) 85vw, 500px\" \/><\/a><a href=\"http:\/\/fridolin.vw-bulli.net\/wp-content\/uploads\/2016\/09\/img_4732.jpg\"><img loading=\"lazy\" class=\"alignnone  wp-image-883\" src=\"http:\/\/fridolin.vw-bulli.net\/wp-content\/uploads\/2016\/09\/img_4732.jpg\" alt=\"\" width=\"500\" height=\"667\" srcset=\"http:\/\/fridolin.vw-bulli.net\/wp-content\/uploads\/2016\/09\/img_4732.jpg 750w, http:\/\/fridolin.vw-bulli.net\/wp-content\/uploads\/2016\/09\/img_4732-500x667.jpg 500w\" sizes=\"(max-width: 500px) 85vw, 500px\" \/><\/a><a href=\"http:\/\/fridolin.vw-bulli.net\/wp-content\/uploads\/2016\/09\/img_4733.jpg\"><img loading=\"lazy\" class=\"alignnone  wp-image-904\" src=\"http:\/\/fridolin.vw-bulli.net\/wp-content\/uploads\/2016\/09\/img_4733.jpg\" alt=\"\" width=\"500\" height=\"375\" srcset=\"http:\/\/fridolin.vw-bulli.net\/wp-content\/uploads\/2016\/09\/img_4733.jpg 1000w, http:\/\/fridolin.vw-bulli.net\/wp-content\/uploads\/2016\/09\/img_4733-500x375.jpg 500w\" sizes=\"(max-width: 500px) 85vw, 500px\" \/><\/a><a href=\"http:\/\/fridolin.vw-bulli.net\/wp-content\/uploads\/2016\/09\/img_4736.jpg\"><img loading=\"lazy\" class=\"alignnone  wp-image-882\" src=\"http:\/\/fridolin.vw-bulli.net\/wp-content\/uploads\/2016\/09\/img_4736.jpg\" alt=\"\" width=\"500\" height=\"375\" srcset=\"http:\/\/fridolin.vw-bulli.net\/wp-content\/uploads\/2016\/09\/img_4736.jpg 1000w, http:\/\/fridolin.vw-bulli.net\/wp-content\/uploads\/2016\/09\/img_4736-500x375.jpg 500w\" sizes=\"(max-width: 500px) 85vw, 500px\" \/><\/a><a href=\"http:\/\/fridolin.vw-bulli.net\/wp-content\/uploads\/2016\/09\/img_4739.jpg\"><img loading=\"lazy\" class=\"alignnone  wp-image-893\" src=\"http:\/\/fridolin.vw-bulli.net\/wp-content\/uploads\/2016\/09\/img_4739.jpg\" alt=\"\" width=\"500\" height=\"375\" srcset=\"http:\/\/fridolin.vw-bulli.net\/wp-content\/uploads\/2016\/09\/img_4739.jpg 1000w, http:\/\/fridolin.vw-bulli.net\/wp-content\/uploads\/2016\/09\/img_4739-500x375.jpg 500w\" sizes=\"(max-width: 500px) 85vw, 500px\" \/><\/a><a href=\"http:\/\/fridolin.vw-bulli.net\/wp-content\/uploads\/2016\/09\/img_4740.jpg\"><img loading=\"lazy\" class=\"alignnone  wp-image-886\" src=\"http:\/\/fridolin.vw-bulli.net\/wp-content\/uploads\/2016\/09\/img_4740.jpg\" alt=\"\" width=\"500\" height=\"667\" srcset=\"http:\/\/fridolin.vw-bulli.net\/wp-content\/uploads\/2016\/09\/img_4740.jpg 750w, http:\/\/fridolin.vw-bulli.net\/wp-content\/uploads\/2016\/09\/img_4740-500x667.jpg 500w\" sizes=\"(max-width: 500px) 85vw, 500px\" \/><\/a><a href=\"http:\/\/fridolin.vw-bulli.net\/wp-content\/uploads\/2016\/09\/img_4741.jpg\"><img loading=\"lazy\" class=\"alignnone  wp-image-901\" src=\"http:\/\/fridolin.vw-bulli.net\/wp-content\/uploads\/2016\/09\/img_4741.jpg\" alt=\"\" width=\"500\" height=\"667\" srcset=\"http:\/\/fridolin.vw-bulli.net\/wp-content\/uploads\/2016\/09\/img_4741.jpg 750w, http:\/\/fridolin.vw-bulli.net\/wp-content\/uploads\/2016\/09\/img_4741-500x667.jpg 500w\" sizes=\"(max-width: 500px) 85vw, 500px\" \/><\/a><a href=\"http:\/\/fridolin.vw-bulli.net\/wp-content\/uploads\/2016\/09\/img_4742.jpg\"><img loading=\"lazy\" class=\"alignnone  wp-image-892\" src=\"http:\/\/fridolin.vw-bulli.net\/wp-content\/uploads\/2016\/09\/img_4742.jpg\" alt=\"\" width=\"500\" height=\"667\" srcset=\"http:\/\/fridolin.vw-bulli.net\/wp-content\/uploads\/2016\/09\/img_4742.jpg 750w, http:\/\/fridolin.vw-bulli.net\/wp-content\/uploads\/2016\/09\/img_4742-500x667.jpg 500w\" sizes=\"(max-width: 500px) 85vw, 500px\" \/><\/a><a href=\"http:\/\/fridolin.vw-bulli.net\/wp-content\/uploads\/2016\/09\/img_4743.jpg\"><img loading=\"lazy\" class=\"alignnone  wp-image-899\" src=\"http:\/\/fridolin.vw-bulli.net\/wp-content\/uploads\/2016\/09\/img_4743.jpg\" alt=\"\" width=\"500\" height=\"667\" srcset=\"http:\/\/fridolin.vw-bulli.net\/wp-content\/uploads\/2016\/09\/img_4743.jpg 750w, http:\/\/fridolin.vw-bulli.net\/wp-content\/uploads\/2016\/09\/img_4743-500x667.jpg 500w\" sizes=\"(max-width: 500px) 85vw, 500px\" \/><\/a><a href=\"http:\/\/fridolin.vw-bulli.net\/wp-content\/uploads\/2016\/09\/img_4744.jpg\"><img loading=\"lazy\" class=\"alignnone  wp-image-876\" src=\"http:\/\/fridolin.vw-bulli.net\/wp-content\/uploads\/2016\/09\/img_4744.jpg\" alt=\"\" width=\"500\" height=\"107\" \/><\/a><a href=\"http:\/\/fridolin.vw-bulli.net\/wp-content\/uploads\/2016\/09\/img_4746.jpg\"><img loading=\"lazy\" class=\"alignnone  wp-image-884\" src=\"http:\/\/fridolin.vw-bulli.net\/wp-content\/uploads\/2016\/09\/img_4746.jpg\" alt=\"\" width=\"500\" height=\"375\" srcset=\"http:\/\/fridolin.vw-bulli.net\/wp-content\/uploads\/2016\/09\/img_4746.jpg 1000w, http:\/\/fridolin.vw-bulli.net\/wp-content\/uploads\/2016\/09\/img_4746-500x375.jpg 500w\" sizes=\"(max-width: 500px) 85vw, 500px\" \/><\/a><a href=\"http:\/\/fridolin.vw-bulli.net\/wp-content\/uploads\/2016\/09\/img_4747.jpg\"><img loading=\"lazy\" class=\"alignnone  wp-image-885\" src=\"http:\/\/fridolin.vw-bulli.net\/wp-content\/uploads\/2016\/09\/img_4747.jpg\" alt=\"\" width=\"500\" height=\"667\" srcset=\"http:\/\/fridolin.vw-bulli.net\/wp-content\/uploads\/2016\/09\/img_4747.jpg 750w, http:\/\/fridolin.vw-bulli.net\/wp-content\/uploads\/2016\/09\/img_4747-500x667.jpg 500w\" sizes=\"(max-width: 500px) 85vw, 500px\" \/><\/a><a href=\"http:\/\/fridolin.vw-bulli.net\/wp-content\/uploads\/2016\/09\/img_4749.jpg\"><img loading=\"lazy\" class=\"alignnone  wp-image-895\" src=\"http:\/\/fridolin.vw-bulli.net\/wp-content\/uploads\/2016\/09\/img_4749.jpg\" alt=\"\" width=\"500\" height=\"667\" srcset=\"http:\/\/fridolin.vw-bulli.net\/wp-content\/uploads\/2016\/09\/img_4749.jpg 750w, http:\/\/fridolin.vw-bulli.net\/wp-content\/uploads\/2016\/09\/img_4749-500x667.jpg 500w\" sizes=\"(max-width: 500px) 85vw, 500px\" \/><\/a><a href=\"http:\/\/fridolin.vw-bulli.net\/wp-content\/uploads\/2016\/09\/img_4751.jpg\"><img loading=\"lazy\" class=\"alignnone  wp-image-900\" src=\"http:\/\/fridolin.vw-bulli.net\/wp-content\/uploads\/2016\/09\/img_4751.jpg\" alt=\"\" width=\"500\" height=\"667\" srcset=\"http:\/\/fridolin.vw-bulli.net\/wp-content\/uploads\/2016\/09\/img_4751.jpg 750w, http:\/\/fridolin.vw-bulli.net\/wp-content\/uploads\/2016\/09\/img_4751-500x667.jpg 500w\" sizes=\"(max-width: 500px) 85vw, 500px\" \/><\/a><a href=\"http:\/\/fridolin.vw-bulli.net\/wp-content\/uploads\/2016\/09\/img_4752.jpg\"><img loading=\"lazy\" class=\"alignnone  wp-image-903\" src=\"http:\/\/fridolin.vw-bulli.net\/wp-content\/uploads\/2016\/09\/img_4752.jpg\" alt=\"\" width=\"500\" height=\"667\" srcset=\"http:\/\/fridolin.vw-bulli.net\/wp-content\/uploads\/2016\/09\/img_4752.jpg 750w, http:\/\/fridolin.vw-bulli.net\/wp-content\/uploads\/2016\/09\/img_4752-500x667.jpg 500w\" sizes=\"(max-width: 500px) 85vw, 500px\" \/><\/a><a href=\"http:\/\/fridolin.vw-bulli.net\/wp-content\/uploads\/2016\/09\/img_4754.jpg\"><img loading=\"lazy\" class=\"alignnone  wp-image-897\" src=\"http:\/\/fridolin.vw-bulli.net\/wp-content\/uploads\/2016\/09\/img_4754.jpg\" alt=\"\" width=\"500\" height=\"375\" srcset=\"http:\/\/fridolin.vw-bulli.net\/wp-content\/uploads\/2016\/09\/img_4754.jpg 1000w, http:\/\/fridolin.vw-bulli.net\/wp-content\/uploads\/2016\/09\/img_4754-500x375.jpg 500w\" sizes=\"(max-width: 500px) 85vw, 500px\" \/><\/a><a href=\"http:\/\/fridolin.vw-bulli.net\/wp-content\/uploads\/2016\/09\/img_4758.jpg\"><img loading=\"lazy\" class=\"alignnone  wp-image-902\" src=\"http:\/\/fridolin.vw-bulli.net\/wp-content\/uploads\/2016\/09\/img_4758.jpg\" alt=\"\" width=\"500\" height=\"667\" srcset=\"http:\/\/fridolin.vw-bulli.net\/wp-content\/uploads\/2016\/09\/img_4758.jpg 750w, http:\/\/fridolin.vw-bulli.net\/wp-content\/uploads\/2016\/09\/img_4758-500x667.jpg 500w\" sizes=\"(max-width: 500px) 85vw, 500px\" \/><\/a><a href=\"http:\/\/fridolin.vw-bulli.net\/wp-content\/uploads\/2016\/09\/img_4759.jpg\"><img loading=\"lazy\" class=\"alignnone  wp-image-896\" src=\"http:\/\/fridolin.vw-bulli.net\/wp-content\/uploads\/2016\/09\/img_4759.jpg\" alt=\"\" width=\"500\" height=\"667\" srcset=\"http:\/\/fridolin.vw-bulli.net\/wp-content\/uploads\/2016\/09\/img_4759.jpg 750w, http:\/\/fridolin.vw-bulli.net\/wp-content\/uploads\/2016\/09\/img_4759-500x667.jpg 500w\" sizes=\"(max-width: 500px) 85vw, 500px\" \/><\/a><a href=\"http:\/\/fridolin.vw-bulli.net\/wp-content\/uploads\/2016\/09\/img_4763.jpg\"><img loading=\"lazy\" class=\"alignnone  wp-image-887\" src=\"http:\/\/fridolin.vw-bulli.net\/wp-content\/uploads\/2016\/09\/img_4763.jpg\" alt=\"\" width=\"500\" height=\"667\" srcset=\"http:\/\/fridolin.vw-bulli.net\/wp-content\/uploads\/2016\/09\/img_4763.jpg 750w, http:\/\/fridolin.vw-bulli.net\/wp-content\/uploads\/2016\/09\/img_4763-500x667.jpg 500w\" sizes=\"(max-width: 500px) 85vw, 500px\" \/><\/a><a href=\"http:\/\/fridolin.vw-bulli.net\/wp-content\/uploads\/2016\/09\/img_4765.jpg\"><img loading=\"lazy\" class=\"alignnone  wp-image-888\" src=\"http:\/\/fridolin.vw-bulli.net\/wp-content\/uploads\/2016\/09\/img_4765.jpg\" alt=\"\" width=\"500\" height=\"375\" srcset=\"http:\/\/fridolin.vw-bulli.net\/wp-content\/uploads\/2016\/09\/img_4765.jpg 1000w, http:\/\/fridolin.vw-bulli.net\/wp-content\/uploads\/2016\/09\/img_4765-500x375.jpg 500w\" sizes=\"(max-width: 500px) 85vw, 500px\" \/><\/a><a href=\"http:\/\/fridolin.vw-bulli.net\/wp-content\/uploads\/2016\/09\/img_4766.jpg\"><img loading=\"lazy\" class=\"alignnone  wp-image-890\" src=\"http:\/\/fridolin.vw-bulli.net\/wp-content\/uploads\/2016\/09\/img_4766.jpg\" alt=\"\" width=\"500\" height=\"375\" srcset=\"http:\/\/fridolin.vw-bulli.net\/wp-content\/uploads\/2016\/09\/img_4766.jpg 1000w, http:\/\/fridolin.vw-bulli.net\/wp-content\/uploads\/2016\/09\/img_4766-500x375.jpg 500w\" sizes=\"(max-width: 500px) 85vw, 500px\" \/><\/a><a href=\"http:\/\/fridolin.vw-bulli.net\/wp-content\/uploads\/2016\/09\/img_4767.jpg\"><img loading=\"lazy\" class=\"alignnone  wp-image-898\" src=\"http:\/\/fridolin.vw-bulli.net\/wp-content\/uploads\/2016\/09\/img_4767.jpg\" alt=\"\" width=\"500\" height=\"667\" srcset=\"http:\/\/fridolin.vw-bulli.net\/wp-content\/uploads\/2016\/09\/img_4767.jpg 750w, http:\/\/fridolin.vw-bulli.net\/wp-content\/uploads\/2016\/09\/img_4767-500x667.jpg 500w\" sizes=\"(max-width: 500px) 85vw, 500px\" \/><\/a><a href=\"http:\/\/fridolin.vw-bulli.net\/wp-content\/uploads\/2016\/09\/img_4769.jpg\"><img loading=\"lazy\" class=\"alignnone  wp-image-891\" src=\"http:\/\/fridolin.vw-bulli.net\/wp-content\/uploads\/2016\/09\/img_4769.jpg\" alt=\"\" width=\"500\" height=\"375\" srcset=\"http:\/\/fridolin.vw-bulli.net\/wp-content\/uploads\/2016\/09\/img_4769.jpg 1000w, http:\/\/fridolin.vw-bulli.net\/wp-content\/uploads\/2016\/09\/img_4769-500x375.jpg 500w\" sizes=\"(max-width: 500px) 85vw, 500px\" \/><\/a><a href=\"http:\/\/fridolin.vw-bulli.net\/wp-content\/uploads\/2016\/09\/img_4771.jpg\"><img loading=\"lazy\" class=\"alignnone  wp-image-875\" src=\"http:\/\/fridolin.vw-bulli.net\/wp-content\/uploads\/2016\/09\/img_4771.jpg\" alt=\"\" width=\"499\" height=\"112\" \/><\/a><a href=\"http:\/\/fridolin.vw-bulli.net\/wp-content\/uploads\/2016\/09\/img_4772.jpg\"><img loading=\"lazy\" class=\"alignnone  wp-image-889\" src=\"http:\/\/fridolin.vw-bulli.net\/wp-content\/uploads\/2016\/09\/img_4772.jpg\" alt=\"\" width=\"500\" height=\"375\" srcset=\"http:\/\/fridolin.vw-bulli.net\/wp-content\/uploads\/2016\/09\/img_4772.jpg 1000w, http:\/\/fridolin.vw-bulli.net\/wp-content\/uploads\/2016\/09\/img_4772-500x375.jpg 500w\" sizes=\"(max-width: 500px) 85vw, 500px\" \/><\/a><a href=\"http:\/\/fridolin.vw-bulli.net\/wp-content\/uploads\/2016\/09\/img_4770.jpg\"><img loading=\"lazy\" class=\"alignnone  wp-image-881\" src=\"http:\/\/fridolin.vw-bulli.net\/wp-content\/uploads\/2016\/09\/img_4770.jpg\" alt=\"\" width=\"500\" height=\"375\" srcset=\"http:\/\/fridolin.vw-bulli.net\/wp-content\/uploads\/2016\/09\/img_4770.jpg 1000w, http:\/\/fridolin.vw-bulli.net\/wp-content\/uploads\/2016\/09\/img_4770-500x375.jpg 500w\" sizes=\"(max-width: 500px) 85vw, 500px\" \/><\/a><br \/>\nBilder von Unterwasser und vom Meer aus reiche ich nach, sobald ich sie von der GoPro \u00fcbertragen habe. Es war einfach klasse.<\/p>\n<div class=\"sharedaddy sd-sharing-enabled\"><div class=\"robots-nocontent sd-block sd-social sd-social-icon-text sd-sharing\"><h3 class=\"sd-title\">Ich bin dann mal weg ...<\/h3><div class=\"sd-content\"><ul><li><a href=\"#\" class=\"sharing-anchor sd-button share-more\"><span>Teilen<\/span><\/a><\/li><li class=\"share-end\"><\/li><\/ul><div class=\"sharing-hidden\"><div class=\"inner\" style=\"display: none;\"><ul><li class=\"share-facebook\"><a rel=\"nofollow noopener noreferrer\" data-shared=\"sharing-facebook-905\" class=\"share-facebook sd-button share-icon\" href=\"http:\/\/fridolin.vw-bulli.net\/?p=905&amp;share=facebook\" target=\"_blank\" title=\"Klick, um auf Facebook zu teilen\"><span>Facebook<\/span><\/a><\/li><li class=\"share-twitter\"><a rel=\"nofollow noopener noreferrer\" data-shared=\"sharing-twitter-905\" class=\"share-twitter sd-button share-icon\" href=\"http:\/\/fridolin.vw-bulli.net\/?p=905&amp;share=twitter\" target=\"_blank\" title=\"Klick, um \u00fcber Twitter zu teilen\"><span>Twitter<\/span><\/a><\/li><li class=\"share-end\"><\/li><li class=\"share-end\"><\/li><\/ul><\/div><\/div><\/div><\/div><\/div>","protected":false},"excerpt":{"rendered":"<p>Nachdem ich gestern in Cala Gonone angekommen und v\u00f6llig entt\u00e4uscht war, wollte ich heute eigentlich gleich weiter fahren. Doch wie das Leben so spielt kommt es erstens anders und zweitens als man denkt. Nach einem gemeinsamen Fr\u00fchst\u00fcck mit meinen Berner Camping Nachbarn und einem l\u00e4nger als gedacht dauerndem Telefonat h\u00e4tte ich ziemlich Hektik machen m\u00fcssen &hellip; <a href=\"http:\/\/fridolin.vw-bulli.net\/?p=905\" class=\"more-link\"><span class=\"screen-reader-text\">&#8222;Cala Fuili &#038; zwei Mal keine Ahnung, aber sch\u00f6n war&#8217;s&#8220; <\/span>weiterlesen<\/a><\/p>\n<div class=\"sharedaddy sd-sharing-enabled\"><div class=\"robots-nocontent sd-block sd-social sd-social-icon-text sd-sharing\"><h3 class=\"sd-title\">Ich bin dann mal weg ...<\/h3><div class=\"sd-content\"><ul><li><a href=\"#\" class=\"sharing-anchor sd-button share-more\"><span>Teilen<\/span><\/a><\/li><li class=\"share-end\"><\/li><\/ul><div class=\"sharing-hidden\"><div class=\"inner\" style=\"display: none;\"><ul><li class=\"share-facebook\"><a rel=\"nofollow noopener noreferrer\" data-shared=\"sharing-facebook-905\" class=\"share-facebook sd-button share-icon\" href=\"http:\/\/fridolin.vw-bulli.net\/?p=905&amp;share=facebook\" target=\"_blank\" title=\"Klick, um auf Facebook zu teilen\"><span>Facebook<\/span><\/a><\/li><li class=\"share-twitter\"><a rel=\"nofollow noopener noreferrer\" data-shared=\"sharing-twitter-905\" class=\"share-twitter sd-button share-icon\" href=\"http:\/\/fridolin.vw-bulli.net\/?p=905&amp;share=twitter\" target=\"_blank\" title=\"Klick, um \u00fcber Twitter zu teilen\"><span>Twitter<\/span><\/a><\/li><li class=\"share-end\"><\/li><li class=\"share-end\"><\/li><\/ul><\/div><\/div><\/div><\/div><\/div>","protected":false},"author":1,"featured_media":0,"comment_status":"open","ping_status":"open","sticky":false,"template":"","format":"standard","meta":{"spay_email":"","jetpack_publicize_message":"","jetpack_is_tweetstorm":false,"jetpack_publicize_feature_enabled":true},"categories":[4],"tags":[],"jetpack_featured_media_url":"","jetpack_publicize_connections":[],"jetpack_sharing_enabled":true,"jetpack_shortlink":"https:\/\/wp.me\/pcLMis-eB","jetpack_likes_enabled":true,"_links":{"self":[{"href":"http:\/\/fridolin.vw-bulli.net\/index.php?rest_route=\/wp\/v2\/posts\/905"}],"collection":[{"href":"http:\/\/fridolin.vw-bulli.net\/index.php?rest_route=\/wp\/v2\/posts"}],"about":[{"href":"http:\/\/fridolin.vw-bulli.net\/index.php?rest_route=\/wp\/v2\/types\/post"}],"author":[{"embeddable":true,"href":"http:\/\/fridolin.vw-bulli.net\/index.php?rest_route=\/wp\/v2\/users\/1"}],"replies":[{"embeddable":true,"href":"http:\/\/fridolin.vw-bulli.net\/index.php?rest_route=%2Fwp%2Fv2%2Fcomments&post=905"}],"version-history":[{"count":2,"href":"http:\/\/fridolin.vw-bulli.net\/index.php?rest_route=\/wp\/v2\/posts\/905\/revisions"}],"predecessor-version":[{"id":910,"href":"http:\/\/fridolin.vw-bulli.net\/index.php?rest_route=\/wp\/v2\/posts\/905\/revisions\/910"}],"wp:attachment":[{"href":"http:\/\/fridolin.vw-bulli.net\/index.php?rest_route=%2Fwp%2Fv2%2Fmedia&parent=905"}],"wp:term":[{"taxonomy":"category","embeddable":true,"href":"http:\/\/fridolin.vw-bulli.net\/index.php?rest_route=%2Fwp%2Fv2%2Fcategories&post=905"},{"taxonomy":"post_tag","embeddable":true,"href":"http:\/\/fridolin.vw-bulli.net\/index.php?rest_route=%2Fwp%2Fv2%2Ftags&post=905"}],"curies":[{"name":"wp","href":"https:\/\/api.w.org\/{rel}","templated":true}]}}