{"id":730,"date":"2016-09-07T18:27:17","date_gmt":"2016-09-07T16:27:17","guid":{"rendered":"http:\/\/fridolin.vw-bulli.net\/2016\/09\/07\/fautea-ein-voellig-abgefahrener-campingplatz\/"},"modified":"2016-09-15T16:35:44","modified_gmt":"2016-09-15T14:35:44","slug":"fautea-ein-voellig-abgefahrener-campingplatz","status":"publish","type":"post","link":"http:\/\/fridolin.vw-bulli.net\/?p=730","title":{"rendered":"Fautea &#8211; Ein v\u00f6llig abgefahrener Campingplatz\u00a0"},"content":{"rendered":"<p>Nachdem uns letzte Nacht von jetzt auf gleich ein Sturm und Regeng\u00fcsse im Solenzara Tal erwischt haben, wollte ich weiter an den Palombaggia Strand. Auf der Fahrt habe ich eine kurze Snack Pause eingelegt<\/p>\n<p><a href=\"http:\/\/fridolin.vw-bulli.net\/wp-content\/uploads\/2016\/09\/img_4160-1.jpg\"><img loading=\"lazy\" class=\"alignnone  wp-image-725\" src=\"http:\/\/fridolin.vw-bulli.net\/wp-content\/uploads\/2016\/09\/img_4160-1.jpg\" alt=\"\" width=\"500\" height=\"375\" srcset=\"http:\/\/fridolin.vw-bulli.net\/wp-content\/uploads\/2016\/09\/img_4160-1.jpg 1000w, http:\/\/fridolin.vw-bulli.net\/wp-content\/uploads\/2016\/09\/img_4160-1-500x375.jpg 500w\" sizes=\"(max-width: 500px) 85vw, 500px\" \/><\/a><\/p>\n<p>Und wer ruft dort auf einmal meinen Namen?<\/p>\n<p><a href=\"http:\/\/fridolin.vw-bulli.net\/wp-content\/uploads\/2016\/09\/img_4162-2.jpg\"><img loading=\"lazy\" class=\"alignnone  wp-image-727\" src=\"http:\/\/fridolin.vw-bulli.net\/wp-content\/uploads\/2016\/09\/img_4162-2.jpg\" alt=\"\" width=\"500\" height=\"374\" \/><\/a><br \/>\nRosalie, Susanne und Frank, die ich vor einer guten Woche in Ile Rousse kennengelernt habe. Ich habe mich riesig gefreut sie wieder zu sehen und habe gleich wieder tolle Tipps von Ihnen bekommen. Neben einer tollen Bar am Palombaggia Strand auch ein Campingplatz ein paar Meter weiter. Genau richtig, da ich heute eh keine wirkliche Lust zum Fahren hatte. Was mich dann aber auf dem Campingplatz Fautea erwartet hat, hat mich echt aus den Socken gehauen. Erst mal zu Fridolin und meinem Stellplatz: Einmal ganz hoch und direkt auf einer Klippe. Die eine Seite, von der her es gerade, bei 29 Grad, st\u00fcrmisch weht, gut durch B\u00e4ume und Str\u00e4ucher gesch\u00fctzt. Die andere Seite offen mit einem unglaublichen Blick.<\/p>\n<p><a href=\"http:\/\/fridolin.vw-bulli.net\/wp-content\/uploads\/2016\/09\/img_4184-1.jpg\"><img loading=\"lazy\" class=\"alignnone  wp-image-728\" src=\"http:\/\/fridolin.vw-bulli.net\/wp-content\/uploads\/2016\/09\/img_4184-1.jpg\" alt=\"\" width=\"501\" height=\"157\" srcset=\"http:\/\/fridolin.vw-bulli.net\/wp-content\/uploads\/2016\/09\/img_4184-1.jpg 1000w, http:\/\/fridolin.vw-bulli.net\/wp-content\/uploads\/2016\/09\/img_4184-1-500x157.jpg 500w\" sizes=\"(max-width: 501px) 85vw, 501px\" \/><\/a><a href=\"http:\/\/fridolin.vw-bulli.net\/wp-content\/uploads\/2016\/09\/img_4167.jpg\"><img loading=\"lazy\" class=\"alignnone  wp-image-729\" src=\"http:\/\/fridolin.vw-bulli.net\/wp-content\/uploads\/2016\/09\/img_4167.jpg\" alt=\"\" width=\"501\" height=\"376\" srcset=\"http:\/\/fridolin.vw-bulli.net\/wp-content\/uploads\/2016\/09\/img_4167.jpg 1000w, http:\/\/fridolin.vw-bulli.net\/wp-content\/uploads\/2016\/09\/img_4167-500x375.jpg 500w\" sizes=\"(max-width: 501px) 85vw, 501px\" \/><\/a><br \/>\nDer Wind bl\u00e4st, die B\u00e4ume biegen sich im Wind und unten tost das Meer. Besser geht&#8217;s nicht!<\/p>\n<p>Aber auch die anderen Pl\u00e4tze sind genial. In den Klippen drin immer wieder kleine Pl\u00e4tze wo die Leute ihre Zelte aufbauen oder unter tollen Baum und Strauchgruppen versteckt. Vom Platz her der wohl coolste Campingplatz den ich bisher erlebt habe. \u00a0Normal vergebe ich ja f\u00fcr Atmosph\u00e4re * bis ***** aber hier gibt es ganz klar einen Extrastern ******!<\/p>\n<div class=\"sharedaddy sd-sharing-enabled\"><div class=\"robots-nocontent sd-block sd-social sd-social-icon-text sd-sharing\"><h3 class=\"sd-title\">Ich bin dann mal weg ...<\/h3><div class=\"sd-content\"><ul><li><a href=\"#\" class=\"sharing-anchor sd-button share-more\"><span>Teilen<\/span><\/a><\/li><li class=\"share-end\"><\/li><\/ul><div class=\"sharing-hidden\"><div class=\"inner\" style=\"display: none;\"><ul><li class=\"share-facebook\"><a rel=\"nofollow noopener noreferrer\" data-shared=\"sharing-facebook-730\" class=\"share-facebook sd-button share-icon\" href=\"http:\/\/fridolin.vw-bulli.net\/?p=730&amp;share=facebook\" target=\"_blank\" title=\"Klick, um auf Facebook zu teilen\"><span>Facebook<\/span><\/a><\/li><li class=\"share-twitter\"><a rel=\"nofollow noopener noreferrer\" data-shared=\"sharing-twitter-730\" class=\"share-twitter sd-button share-icon\" href=\"http:\/\/fridolin.vw-bulli.net\/?p=730&amp;share=twitter\" target=\"_blank\" title=\"Klick, um \u00fcber Twitter zu teilen\"><span>Twitter<\/span><\/a><\/li><li class=\"share-end\"><\/li><li class=\"share-end\"><\/li><\/ul><\/div><\/div><\/div><\/div><\/div>","protected":false},"excerpt":{"rendered":"<p>Nachdem uns letzte Nacht von jetzt auf gleich ein Sturm und Regeng\u00fcsse im Solenzara Tal erwischt haben, wollte ich weiter an den Palombaggia Strand. Auf der Fahrt habe ich eine kurze Snack Pause eingelegt Und wer ruft dort auf einmal meinen Namen? Rosalie, Susanne und Frank, die ich vor einer guten Woche in Ile Rousse &hellip; <a href=\"http:\/\/fridolin.vw-bulli.net\/?p=730\" class=\"more-link\"><span class=\"screen-reader-text\">&#8222;Fautea &#8211; Ein v\u00f6llig abgefahrener Campingplatz\u00a0&#8220; <\/span>weiterlesen<\/a><\/p>\n<div class=\"sharedaddy sd-sharing-enabled\"><div class=\"robots-nocontent sd-block sd-social sd-social-icon-text sd-sharing\"><h3 class=\"sd-title\">Ich bin dann mal weg ...<\/h3><div class=\"sd-content\"><ul><li><a href=\"#\" class=\"sharing-anchor sd-button share-more\"><span>Teilen<\/span><\/a><\/li><li class=\"share-end\"><\/li><\/ul><div class=\"sharing-hidden\"><div class=\"inner\" style=\"display: none;\"><ul><li class=\"share-facebook\"><a rel=\"nofollow noopener noreferrer\" data-shared=\"sharing-facebook-730\" class=\"share-facebook sd-button share-icon\" href=\"http:\/\/fridolin.vw-bulli.net\/?p=730&amp;share=facebook\" target=\"_blank\" title=\"Klick, um auf Facebook zu teilen\"><span>Facebook<\/span><\/a><\/li><li class=\"share-twitter\"><a rel=\"nofollow noopener noreferrer\" data-shared=\"sharing-twitter-730\" class=\"share-twitter sd-button share-icon\" href=\"http:\/\/fridolin.vw-bulli.net\/?p=730&amp;share=twitter\" target=\"_blank\" title=\"Klick, um \u00fcber Twitter zu teilen\"><span>Twitter<\/span><\/a><\/li><li class=\"share-end\"><\/li><li class=\"share-end\"><\/li><\/ul><\/div><\/div><\/div><\/div><\/div>","protected":false},"author":1,"featured_media":0,"comment_status":"open","ping_status":"open","sticky":false,"template":"","format":"standard","meta":{"spay_email":"","jetpack_publicize_message":"","jetpack_is_tweetstorm":false,"jetpack_publicize_feature_enabled":true},"categories":[4],"tags":[],"jetpack_featured_media_url":"","jetpack_publicize_connections":[],"jetpack_sharing_enabled":true,"jetpack_shortlink":"https:\/\/wp.me\/pcLMis-bM","jetpack_likes_enabled":true,"_links":{"self":[{"href":"http:\/\/fridolin.vw-bulli.net\/index.php?rest_route=\/wp\/v2\/posts\/730"}],"collection":[{"href":"http:\/\/fridolin.vw-bulli.net\/index.php?rest_route=\/wp\/v2\/posts"}],"about":[{"href":"http:\/\/fridolin.vw-bulli.net\/index.php?rest_route=\/wp\/v2\/types\/post"}],"author":[{"embeddable":true,"href":"http:\/\/fridolin.vw-bulli.net\/index.php?rest_route=\/wp\/v2\/users\/1"}],"replies":[{"embeddable":true,"href":"http:\/\/fridolin.vw-bulli.net\/index.php?rest_route=%2Fwp%2Fv2%2Fcomments&post=730"}],"version-history":[{"count":1,"href":"http:\/\/fridolin.vw-bulli.net\/index.php?rest_route=\/wp\/v2\/posts\/730\/revisions"}],"predecessor-version":[{"id":761,"href":"http:\/\/fridolin.vw-bulli.net\/index.php?rest_route=\/wp\/v2\/posts\/730\/revisions\/761"}],"wp:attachment":[{"href":"http:\/\/fridolin.vw-bulli.net\/index.php?rest_route=%2Fwp%2Fv2%2Fmedia&parent=730"}],"wp:term":[{"taxonomy":"category","embeddable":true,"href":"http:\/\/fridolin.vw-bulli.net\/index.php?rest_route=%2Fwp%2Fv2%2Fcategories&post=730"},{"taxonomy":"post_tag","embeddable":true,"href":"http:\/\/fridolin.vw-bulli.net\/index.php?rest_route=%2Fwp%2Fv2%2Ftags&post=730"}],"curies":[{"name":"wp","href":"https:\/\/api.w.org\/{rel}","templated":true}]}}