{"id":723,"date":"2016-09-07T08:38:37","date_gmt":"2016-09-07T06:38:37","guid":{"rendered":"http:\/\/fridolin.vw-bulli.net\/2016\/09\/07\/gumpenwanderung\/"},"modified":"2016-09-15T16:39:27","modified_gmt":"2016-09-15T14:39:27","slug":"gumpenwanderung","status":"publish","type":"post","link":"http:\/\/fridolin.vw-bulli.net\/?p=723","title":{"rendered":"Gumpenwanderung (Fiumicelli &#038; Ascotal)"},"content":{"rendered":"<p>Gestern ging es am sp\u00e4ten Nachmittag zur Gumpenwanderung. Vom Campingplatz aus mit dem Fahrrad den Berg hoch, bis zu Fiumicelli Br\u00fccke, wo sich ein geeigneter Einstieg befindet.<\/p>\n<p><a href=\"http:\/\/fridolin.vw-bulli.net\/wp-content\/uploads\/2016\/09\/img_4139.png\"><img loading=\"lazy\" class=\"alignnone  wp-image-700\" src=\"http:\/\/fridolin.vw-bulli.net\/wp-content\/uploads\/2016\/09\/img_4139.png\" alt=\"\" width=\"500\" height=\"281\" srcset=\"http:\/\/fridolin.vw-bulli.net\/wp-content\/uploads\/2016\/09\/img_4139.png 1000w, http:\/\/fridolin.vw-bulli.net\/wp-content\/uploads\/2016\/09\/img_4139-500x281.png 500w\" sizes=\"(max-width: 500px) 85vw, 500px\" \/><\/a><a href=\"http:\/\/fridolin.vw-bulli.net\/wp-content\/uploads\/2016\/09\/img_4138.png\"><img loading=\"lazy\" class=\"alignnone  wp-image-702\" src=\"http:\/\/fridolin.vw-bulli.net\/wp-content\/uploads\/2016\/09\/img_4138.png\" alt=\"\" width=\"500\" height=\"281\" srcset=\"http:\/\/fridolin.vw-bulli.net\/wp-content\/uploads\/2016\/09\/img_4138.png 1000w, http:\/\/fridolin.vw-bulli.net\/wp-content\/uploads\/2016\/09\/img_4138-500x281.png 500w\" sizes=\"(max-width: 500px) 85vw, 500px\" \/><\/a><br \/>\nVon dort aus ging es erst durch kleine Bachl\u00e4ufe, dann zwischendurch durch tiefere Passagen die man durchquere oder umklettern musste weiter bergauf.<\/p>\n<p><a href=\"http:\/\/fridolin.vw-bulli.net\/wp-content\/uploads\/2016\/09\/img_4136.png\"><img loading=\"lazy\" class=\"alignnone  wp-image-703\" src=\"http:\/\/fridolin.vw-bulli.net\/wp-content\/uploads\/2016\/09\/img_4136.png\" alt=\"\" width=\"500\" height=\"281\" srcset=\"http:\/\/fridolin.vw-bulli.net\/wp-content\/uploads\/2016\/09\/img_4136.png 1000w, http:\/\/fridolin.vw-bulli.net\/wp-content\/uploads\/2016\/09\/img_4136-500x281.png 500w\" sizes=\"(max-width: 500px) 85vw, 500px\" \/><\/a><a href=\"http:\/\/fridolin.vw-bulli.net\/wp-content\/uploads\/2016\/09\/img_4134.png\"><img loading=\"lazy\" class=\"alignnone  wp-image-712\" src=\"http:\/\/fridolin.vw-bulli.net\/wp-content\/uploads\/2016\/09\/img_4134.png\" alt=\"\" width=\"500\" height=\"281\" srcset=\"http:\/\/fridolin.vw-bulli.net\/wp-content\/uploads\/2016\/09\/img_4134.png 1000w, http:\/\/fridolin.vw-bulli.net\/wp-content\/uploads\/2016\/09\/img_4134-500x281.png 500w\" sizes=\"(max-width: 500px) 85vw, 500px\" \/><\/a><a href=\"http:\/\/fridolin.vw-bulli.net\/wp-content\/uploads\/2016\/09\/img_4132.png\"><img loading=\"lazy\" class=\"alignnone  wp-image-717\" src=\"http:\/\/fridolin.vw-bulli.net\/wp-content\/uploads\/2016\/09\/img_4132.png\" alt=\"\" width=\"500\" height=\"281\" srcset=\"http:\/\/fridolin.vw-bulli.net\/wp-content\/uploads\/2016\/09\/img_4132.png 1000w, http:\/\/fridolin.vw-bulli.net\/wp-content\/uploads\/2016\/09\/img_4132-500x281.png 500w\" sizes=\"(max-width: 500px) 85vw, 500px\" \/><\/a><a href=\"http:\/\/fridolin.vw-bulli.net\/wp-content\/uploads\/2016\/09\/img_4131.png\"><img loading=\"lazy\" class=\"alignnone  wp-image-713\" src=\"http:\/\/fridolin.vw-bulli.net\/wp-content\/uploads\/2016\/09\/img_4131.png\" alt=\"\" width=\"500\" height=\"281\" srcset=\"http:\/\/fridolin.vw-bulli.net\/wp-content\/uploads\/2016\/09\/img_4131.png 1000w, http:\/\/fridolin.vw-bulli.net\/wp-content\/uploads\/2016\/09\/img_4131-500x281.png 500w\" sizes=\"(max-width: 500px) 85vw, 500px\" \/><\/a><a href=\"http:\/\/fridolin.vw-bulli.net\/wp-content\/uploads\/2016\/09\/img_4130.png\"><img loading=\"lazy\" class=\"alignnone  wp-image-716\" src=\"http:\/\/fridolin.vw-bulli.net\/wp-content\/uploads\/2016\/09\/img_4130.png\" alt=\"\" width=\"500\" height=\"281\" srcset=\"http:\/\/fridolin.vw-bulli.net\/wp-content\/uploads\/2016\/09\/img_4130.png 1000w, http:\/\/fridolin.vw-bulli.net\/wp-content\/uploads\/2016\/09\/img_4130-500x281.png 500w\" sizes=\"(max-width: 500px) 85vw, 500px\" \/><\/a><a href=\"http:\/\/fridolin.vw-bulli.net\/wp-content\/uploads\/2016\/09\/img_4129.png\"><img loading=\"lazy\" class=\"alignnone  wp-image-715\" src=\"http:\/\/fridolin.vw-bulli.net\/wp-content\/uploads\/2016\/09\/img_4129.png\" alt=\"\" width=\"500\" height=\"281\" srcset=\"http:\/\/fridolin.vw-bulli.net\/wp-content\/uploads\/2016\/09\/img_4129.png 1000w, http:\/\/fridolin.vw-bulli.net\/wp-content\/uploads\/2016\/09\/img_4129-500x281.png 500w\" sizes=\"(max-width: 500px) 85vw, 500px\" \/><\/a><a href=\"http:\/\/fridolin.vw-bulli.net\/wp-content\/uploads\/2016\/09\/img_4127.png\"><img loading=\"lazy\" class=\"alignnone  wp-image-711\" src=\"http:\/\/fridolin.vw-bulli.net\/wp-content\/uploads\/2016\/09\/img_4127.png\" alt=\"\" width=\"500\" height=\"281\" srcset=\"http:\/\/fridolin.vw-bulli.net\/wp-content\/uploads\/2016\/09\/img_4127.png 1000w, http:\/\/fridolin.vw-bulli.net\/wp-content\/uploads\/2016\/09\/img_4127-500x281.png 500w\" sizes=\"(max-width: 500px) 85vw, 500px\" \/><\/a><a href=\"http:\/\/fridolin.vw-bulli.net\/wp-content\/uploads\/2016\/09\/img_4125.png\"><img loading=\"lazy\" class=\"alignnone  wp-image-710\" src=\"http:\/\/fridolin.vw-bulli.net\/wp-content\/uploads\/2016\/09\/img_4125.png\" alt=\"\" width=\"500\" height=\"281\" srcset=\"http:\/\/fridolin.vw-bulli.net\/wp-content\/uploads\/2016\/09\/img_4125.png 1000w, http:\/\/fridolin.vw-bulli.net\/wp-content\/uploads\/2016\/09\/img_4125-500x281.png 500w\" sizes=\"(max-width: 500px) 85vw, 500px\" \/><\/a><a href=\"http:\/\/fridolin.vw-bulli.net\/wp-content\/uploads\/2016\/09\/img_4124.png\"><img loading=\"lazy\" class=\"alignnone  wp-image-709\" src=\"http:\/\/fridolin.vw-bulli.net\/wp-content\/uploads\/2016\/09\/img_4124.png\" alt=\"\" width=\"500\" height=\"281\" srcset=\"http:\/\/fridolin.vw-bulli.net\/wp-content\/uploads\/2016\/09\/img_4124.png 1000w, http:\/\/fridolin.vw-bulli.net\/wp-content\/uploads\/2016\/09\/img_4124-500x281.png 500w\" sizes=\"(max-width: 500px) 85vw, 500px\" \/><\/a><a href=\"http:\/\/fridolin.vw-bulli.net\/wp-content\/uploads\/2016\/09\/img_4122.png\"><img loading=\"lazy\" class=\"alignnone  wp-image-714\" src=\"http:\/\/fridolin.vw-bulli.net\/wp-content\/uploads\/2016\/09\/img_4122.png\" alt=\"\" width=\"500\" height=\"281\" srcset=\"http:\/\/fridolin.vw-bulli.net\/wp-content\/uploads\/2016\/09\/img_4122.png 1000w, http:\/\/fridolin.vw-bulli.net\/wp-content\/uploads\/2016\/09\/img_4122-500x281.png 500w\" sizes=\"(max-width: 500px) 85vw, 500px\" \/><\/a><a href=\"http:\/\/fridolin.vw-bulli.net\/wp-content\/uploads\/2016\/09\/img_4119.png\"><img loading=\"lazy\" class=\"alignnone  wp-image-708\" src=\"http:\/\/fridolin.vw-bulli.net\/wp-content\/uploads\/2016\/09\/img_4119.png\" alt=\"\" width=\"500\" height=\"281\" srcset=\"http:\/\/fridolin.vw-bulli.net\/wp-content\/uploads\/2016\/09\/img_4119.png 1000w, http:\/\/fridolin.vw-bulli.net\/wp-content\/uploads\/2016\/09\/img_4119-500x281.png 500w\" sizes=\"(max-width: 500px) 85vw, 500px\" \/><\/a><a href=\"http:\/\/fridolin.vw-bulli.net\/wp-content\/uploads\/2016\/09\/img_4118.png\"><img loading=\"lazy\" class=\"alignnone  wp-image-707\" src=\"http:\/\/fridolin.vw-bulli.net\/wp-content\/uploads\/2016\/09\/img_4118.png\" alt=\"\" width=\"500\" height=\"281\" srcset=\"http:\/\/fridolin.vw-bulli.net\/wp-content\/uploads\/2016\/09\/img_4118.png 1000w, http:\/\/fridolin.vw-bulli.net\/wp-content\/uploads\/2016\/09\/img_4118-500x281.png 500w\" sizes=\"(max-width: 500px) 85vw, 500px\" \/><\/a><a href=\"http:\/\/fridolin.vw-bulli.net\/wp-content\/uploads\/2016\/09\/img_4116.png\"><img loading=\"lazy\" class=\"alignnone  wp-image-706\" src=\"http:\/\/fridolin.vw-bulli.net\/wp-content\/uploads\/2016\/09\/img_4116.png\" alt=\"\" width=\"500\" height=\"281\" srcset=\"http:\/\/fridolin.vw-bulli.net\/wp-content\/uploads\/2016\/09\/img_4116.png 1000w, http:\/\/fridolin.vw-bulli.net\/wp-content\/uploads\/2016\/09\/img_4116-500x281.png 500w\" sizes=\"(max-width: 500px) 85vw, 500px\" \/><\/a><a href=\"http:\/\/fridolin.vw-bulli.net\/wp-content\/uploads\/2016\/09\/img_4117.png\"><img loading=\"lazy\" class=\"alignnone  wp-image-705\" src=\"http:\/\/fridolin.vw-bulli.net\/wp-content\/uploads\/2016\/09\/img_4117.png\" alt=\"\" width=\"500\" height=\"281\" srcset=\"http:\/\/fridolin.vw-bulli.net\/wp-content\/uploads\/2016\/09\/img_4117.png 1000w, http:\/\/fridolin.vw-bulli.net\/wp-content\/uploads\/2016\/09\/img_4117-500x281.png 500w\" sizes=\"(max-width: 500px) 85vw, 500px\" \/><\/a><a href=\"http:\/\/fridolin.vw-bulli.net\/wp-content\/uploads\/2016\/09\/img_4114.png\"><img loading=\"lazy\" class=\"alignnone  wp-image-704\" src=\"http:\/\/fridolin.vw-bulli.net\/wp-content\/uploads\/2016\/09\/img_4114.png\" alt=\"\" width=\"500\" height=\"281\" srcset=\"http:\/\/fridolin.vw-bulli.net\/wp-content\/uploads\/2016\/09\/img_4114.png 1000w, http:\/\/fridolin.vw-bulli.net\/wp-content\/uploads\/2016\/09\/img_4114-500x281.png 500w\" sizes=\"(max-width: 500px) 85vw, 500px\" \/><\/a><br \/>\nZwischendurch gab es immer wieder sch\u00f6ne Gumpen zum Baden. Ich denke die Bilder sagen hier mehr als ein weiterer Text.<\/p>\n<p>Vor einigen Tagen, bei der Fahrt aus dem Ascotal heraus war ich ebenfalls bei ein paar sch\u00f6nen Badegumpen. Hier noch ein paar Bilder.<\/p>\n<p><a href=\"http:\/\/fridolin.vw-bulli.net\/wp-content\/uploads\/2016\/09\/img_4146.png\"><img loading=\"lazy\" class=\"alignnone  wp-image-722\" src=\"http:\/\/fridolin.vw-bulli.net\/wp-content\/uploads\/2016\/09\/img_4146.png\" alt=\"\" width=\"500\" height=\"281\" srcset=\"http:\/\/fridolin.vw-bulli.net\/wp-content\/uploads\/2016\/09\/img_4146.png 1000w, http:\/\/fridolin.vw-bulli.net\/wp-content\/uploads\/2016\/09\/img_4146-500x281.png 500w\" sizes=\"(max-width: 500px) 85vw, 500px\" \/><\/a><a href=\"http:\/\/fridolin.vw-bulli.net\/wp-content\/uploads\/2016\/09\/img_4147.png\"><img loading=\"lazy\" class=\"alignnone  wp-image-721\" src=\"http:\/\/fridolin.vw-bulli.net\/wp-content\/uploads\/2016\/09\/img_4147.png\" alt=\"\" width=\"500\" height=\"281\" srcset=\"http:\/\/fridolin.vw-bulli.net\/wp-content\/uploads\/2016\/09\/img_4147.png 1000w, http:\/\/fridolin.vw-bulli.net\/wp-content\/uploads\/2016\/09\/img_4147-500x281.png 500w\" sizes=\"(max-width: 500px) 85vw, 500px\" \/><\/a><a href=\"http:\/\/fridolin.vw-bulli.net\/wp-content\/uploads\/2016\/09\/img_4149.png\"><img loading=\"lazy\" class=\"alignnone  wp-image-720\" src=\"http:\/\/fridolin.vw-bulli.net\/wp-content\/uploads\/2016\/09\/img_4149.png\" alt=\"\" width=\"500\" height=\"281\" srcset=\"http:\/\/fridolin.vw-bulli.net\/wp-content\/uploads\/2016\/09\/img_4149.png 1000w, http:\/\/fridolin.vw-bulli.net\/wp-content\/uploads\/2016\/09\/img_4149-500x281.png 500w\" sizes=\"(max-width: 500px) 85vw, 500px\" \/><\/a><a href=\"http:\/\/fridolin.vw-bulli.net\/wp-content\/uploads\/2016\/09\/img_4152.png\"><img loading=\"lazy\" class=\"alignnone  wp-image-719\" src=\"http:\/\/fridolin.vw-bulli.net\/wp-content\/uploads\/2016\/09\/img_4152.png\" alt=\"\" width=\"500\" height=\"281\" srcset=\"http:\/\/fridolin.vw-bulli.net\/wp-content\/uploads\/2016\/09\/img_4152.png 1000w, http:\/\/fridolin.vw-bulli.net\/wp-content\/uploads\/2016\/09\/img_4152-500x281.png 500w\" sizes=\"(max-width: 500px) 85vw, 500px\" \/><\/a><a href=\"http:\/\/fridolin.vw-bulli.net\/wp-content\/uploads\/2016\/09\/img_4155.png\"><img loading=\"lazy\" class=\"alignnone  wp-image-718\" src=\"http:\/\/fridolin.vw-bulli.net\/wp-content\/uploads\/2016\/09\/img_4155.png\" alt=\"\" width=\"500\" height=\"281\" srcset=\"http:\/\/fridolin.vw-bulli.net\/wp-content\/uploads\/2016\/09\/img_4155.png 1000w, http:\/\/fridolin.vw-bulli.net\/wp-content\/uploads\/2016\/09\/img_4155-500x281.png 500w\" sizes=\"(max-width: 500px) 85vw, 500px\" \/><\/a><a href=\"http:\/\/fridolin.vw-bulli.net\/wp-content\/uploads\/2016\/09\/img_4156.png\"><img loading=\"lazy\" class=\"alignnone  wp-image-701\" src=\"http:\/\/fridolin.vw-bulli.net\/wp-content\/uploads\/2016\/09\/img_4156.png\" alt=\"\" width=\"500\" height=\"281\" srcset=\"http:\/\/fridolin.vw-bulli.net\/wp-content\/uploads\/2016\/09\/img_4156.png 1000w, http:\/\/fridolin.vw-bulli.net\/wp-content\/uploads\/2016\/09\/img_4156-500x281.png 500w\" sizes=\"(max-width: 500px) 85vw, 500px\" \/><\/a><a href=\"http:\/\/fridolin.vw-bulli.net\/wp-content\/uploads\/2016\/09\/img_4157.png\"><img loading=\"lazy\" class=\"alignnone  wp-image-699\" src=\"http:\/\/fridolin.vw-bulli.net\/wp-content\/uploads\/2016\/09\/img_4157.png\" alt=\"\" width=\"500\" height=\"281\" srcset=\"http:\/\/fridolin.vw-bulli.net\/wp-content\/uploads\/2016\/09\/img_4157.png 1000w, http:\/\/fridolin.vw-bulli.net\/wp-content\/uploads\/2016\/09\/img_4157-500x281.png 500w\" sizes=\"(max-width: 500px) 85vw, 500px\" \/><\/a><\/p>\n<div class=\"sharedaddy sd-sharing-enabled\"><div class=\"robots-nocontent sd-block sd-social sd-social-icon-text sd-sharing\"><h3 class=\"sd-title\">Ich bin dann mal weg ...<\/h3><div class=\"sd-content\"><ul><li><a href=\"#\" class=\"sharing-anchor sd-button share-more\"><span>Teilen<\/span><\/a><\/li><li class=\"share-end\"><\/li><\/ul><div class=\"sharing-hidden\"><div class=\"inner\" style=\"display: none;\"><ul><li class=\"share-facebook\"><a rel=\"nofollow noopener noreferrer\" data-shared=\"sharing-facebook-723\" class=\"share-facebook sd-button share-icon\" href=\"http:\/\/fridolin.vw-bulli.net\/?p=723&amp;share=facebook\" target=\"_blank\" title=\"Klick, um auf Facebook zu teilen\"><span>Facebook<\/span><\/a><\/li><li class=\"share-twitter\"><a rel=\"nofollow noopener noreferrer\" data-shared=\"sharing-twitter-723\" class=\"share-twitter sd-button share-icon\" href=\"http:\/\/fridolin.vw-bulli.net\/?p=723&amp;share=twitter\" target=\"_blank\" title=\"Klick, um \u00fcber Twitter zu teilen\"><span>Twitter<\/span><\/a><\/li><li class=\"share-end\"><\/li><li class=\"share-end\"><\/li><\/ul><\/div><\/div><\/div><\/div><\/div>","protected":false},"excerpt":{"rendered":"<p>Gestern ging es am sp\u00e4ten Nachmittag zur Gumpenwanderung. Vom Campingplatz aus mit dem Fahrrad den Berg hoch, bis zu Fiumicelli Br\u00fccke, wo sich ein geeigneter Einstieg befindet. Von dort aus ging es erst durch kleine Bachl\u00e4ufe, dann zwischendurch durch tiefere Passagen die man durchquere oder umklettern musste weiter bergauf. Zwischendurch gab es immer wieder sch\u00f6ne &hellip; <a href=\"http:\/\/fridolin.vw-bulli.net\/?p=723\" class=\"more-link\"><span class=\"screen-reader-text\">&#8222;Gumpenwanderung (Fiumicelli &#038; Ascotal)&#8220; <\/span>weiterlesen<\/a><\/p>\n<div class=\"sharedaddy sd-sharing-enabled\"><div class=\"robots-nocontent sd-block sd-social sd-social-icon-text sd-sharing\"><h3 class=\"sd-title\">Ich bin dann mal weg ...<\/h3><div class=\"sd-content\"><ul><li><a href=\"#\" class=\"sharing-anchor sd-button share-more\"><span>Teilen<\/span><\/a><\/li><li class=\"share-end\"><\/li><\/ul><div class=\"sharing-hidden\"><div class=\"inner\" style=\"display: none;\"><ul><li class=\"share-facebook\"><a rel=\"nofollow noopener noreferrer\" data-shared=\"sharing-facebook-723\" class=\"share-facebook sd-button share-icon\" href=\"http:\/\/fridolin.vw-bulli.net\/?p=723&amp;share=facebook\" target=\"_blank\" title=\"Klick, um auf Facebook zu teilen\"><span>Facebook<\/span><\/a><\/li><li class=\"share-twitter\"><a rel=\"nofollow noopener noreferrer\" data-shared=\"sharing-twitter-723\" class=\"share-twitter sd-button share-icon\" href=\"http:\/\/fridolin.vw-bulli.net\/?p=723&amp;share=twitter\" target=\"_blank\" title=\"Klick, um \u00fcber Twitter zu teilen\"><span>Twitter<\/span><\/a><\/li><li class=\"share-end\"><\/li><li class=\"share-end\"><\/li><\/ul><\/div><\/div><\/div><\/div><\/div>","protected":false},"author":1,"featured_media":0,"comment_status":"open","ping_status":"open","sticky":false,"template":"","format":"standard","meta":{"spay_email":"","jetpack_publicize_message":"","jetpack_is_tweetstorm":false,"jetpack_publicize_feature_enabled":true},"categories":[4],"tags":[],"jetpack_featured_media_url":"","jetpack_publicize_connections":[],"jetpack_sharing_enabled":true,"jetpack_shortlink":"https:\/\/wp.me\/pcLMis-bF","jetpack_likes_enabled":true,"_links":{"self":[{"href":"http:\/\/fridolin.vw-bulli.net\/index.php?rest_route=\/wp\/v2\/posts\/723"}],"collection":[{"href":"http:\/\/fridolin.vw-bulli.net\/index.php?rest_route=\/wp\/v2\/posts"}],"about":[{"href":"http:\/\/fridolin.vw-bulli.net\/index.php?rest_route=\/wp\/v2\/types\/post"}],"author":[{"embeddable":true,"href":"http:\/\/fridolin.vw-bulli.net\/index.php?rest_route=\/wp\/v2\/users\/1"}],"replies":[{"embeddable":true,"href":"http:\/\/fridolin.vw-bulli.net\/index.php?rest_route=%2Fwp%2Fv2%2Fcomments&post=723"}],"version-history":[{"count":3,"href":"http:\/\/fridolin.vw-bulli.net\/index.php?rest_route=\/wp\/v2\/posts\/723\/revisions"}],"predecessor-version":[{"id":763,"href":"http:\/\/fridolin.vw-bulli.net\/index.php?rest_route=\/wp\/v2\/posts\/723\/revisions\/763"}],"wp:attachment":[{"href":"http:\/\/fridolin.vw-bulli.net\/index.php?rest_route=%2Fwp%2Fv2%2Fmedia&parent=723"}],"wp:term":[{"taxonomy":"category","embeddable":true,"href":"http:\/\/fridolin.vw-bulli.net\/index.php?rest_route=%2Fwp%2Fv2%2Fcategories&post=723"},{"taxonomy":"post_tag","embeddable":true,"href":"http:\/\/fridolin.vw-bulli.net\/index.php?rest_route=%2Fwp%2Fv2%2Ftags&post=723"}],"curies":[{"name":"wp","href":"https:\/\/api.w.org\/{rel}","templated":true}]}}