{"id":694,"date":"2016-09-05T12:24:01","date_gmt":"2016-09-05T10:24:01","guid":{"rendered":"http:\/\/fridolin.vw-bulli.net\/2016\/09\/04\/corte\/"},"modified":"2016-09-15T16:41:11","modified_gmt":"2016-09-15T14:41:11","slug":"corte","status":"publish","type":"post","link":"http:\/\/fridolin.vw-bulli.net\/?p=694","title":{"rendered":"Corte"},"content":{"rendered":"<p>Gestern ging es ja in das Landesinnere nach Corte auf einen kleinen Campingplatz am Rande der Stadt. Von dort aus konnte man Zufluss in die Stadt laufen. Die untere Stadt ist nicht besonders sehenswert und neben B\u00e4ckereien, Superm\u00e4rkten und Caf\u00e9s gibt es viele Touristen L\u00e4den. Der Obere Teil der Stadt, an der Citadelle, ist sehr sch\u00f6n aber wie sollte es anders sein, sehr touristisch.<\/p>\n<p><a href=\"http:\/\/fridolin.vw-bulli.net\/wp-content\/uploads\/2016\/09\/img_4030.jpg\"><img loading=\"lazy\" class=\"alignnone  wp-image-688\" src=\"http:\/\/fridolin.vw-bulli.net\/wp-content\/uploads\/2016\/09\/img_4030.jpg\" alt=\"\" width=\"500\" height=\"668\" \/><\/a><a href=\"http:\/\/fridolin.vw-bulli.net\/wp-content\/uploads\/2016\/09\/img_4031.jpg\"><img loading=\"lazy\" class=\"alignnone  wp-image-690\" src=\"http:\/\/fridolin.vw-bulli.net\/wp-content\/uploads\/2016\/09\/img_4031.jpg\" alt=\"\" width=\"500\" height=\"667\" srcset=\"http:\/\/fridolin.vw-bulli.net\/wp-content\/uploads\/2016\/09\/img_4031.jpg 750w, http:\/\/fridolin.vw-bulli.net\/wp-content\/uploads\/2016\/09\/img_4031-500x667.jpg 500w\" sizes=\"(max-width: 500px) 85vw, 500px\" \/><\/a><a href=\"http:\/\/fridolin.vw-bulli.net\/wp-content\/uploads\/2016\/09\/img_4034.jpg\"><img loading=\"lazy\" class=\"alignnone  wp-image-692\" src=\"http:\/\/fridolin.vw-bulli.net\/wp-content\/uploads\/2016\/09\/img_4034.jpg\" alt=\"\" width=\"500\" height=\"667\" srcset=\"http:\/\/fridolin.vw-bulli.net\/wp-content\/uploads\/2016\/09\/img_4034.jpg 750w, http:\/\/fridolin.vw-bulli.net\/wp-content\/uploads\/2016\/09\/img_4034-500x667.jpg 500w\" sizes=\"(max-width: 500px) 85vw, 500px\" \/><\/a><a href=\"http:\/\/fridolin.vw-bulli.net\/wp-content\/uploads\/2016\/09\/img_4035.jpg\"><img loading=\"lazy\" class=\"alignnone  wp-image-689\" src=\"http:\/\/fridolin.vw-bulli.net\/wp-content\/uploads\/2016\/09\/img_4035.jpg\" alt=\"\" width=\"500\" height=\"667\" srcset=\"http:\/\/fridolin.vw-bulli.net\/wp-content\/uploads\/2016\/09\/img_4035.jpg 750w, http:\/\/fridolin.vw-bulli.net\/wp-content\/uploads\/2016\/09\/img_4035-500x667.jpg 500w\" sizes=\"(max-width: 500px) 85vw, 500px\" \/><\/a><a href=\"http:\/\/fridolin.vw-bulli.net\/wp-content\/uploads\/2016\/09\/img_4036.jpg\"><img loading=\"lazy\" class=\"alignnone  wp-image-691\" src=\"http:\/\/fridolin.vw-bulli.net\/wp-content\/uploads\/2016\/09\/img_4036.jpg\" alt=\"\" width=\"500\" height=\"667\" srcset=\"http:\/\/fridolin.vw-bulli.net\/wp-content\/uploads\/2016\/09\/img_4036.jpg 750w, http:\/\/fridolin.vw-bulli.net\/wp-content\/uploads\/2016\/09\/img_4036-500x667.jpg 500w\" sizes=\"(max-width: 500px) 85vw, 500px\" \/><\/a><a href=\"http:\/\/fridolin.vw-bulli.net\/wp-content\/uploads\/2016\/09\/img_4037.jpg\"><img loading=\"lazy\" class=\"alignnone  wp-image-693\" src=\"http:\/\/fridolin.vw-bulli.net\/wp-content\/uploads\/2016\/09\/img_4037.jpg\" alt=\"\" width=\"500\" height=\"667\" srcset=\"http:\/\/fridolin.vw-bulli.net\/wp-content\/uploads\/2016\/09\/img_4037.jpg 750w, http:\/\/fridolin.vw-bulli.net\/wp-content\/uploads\/2016\/09\/img_4037-500x667.jpg 500w\" sizes=\"(max-width: 500px) 85vw, 500px\" \/><\/a><br \/>\nNach einigen Stunden in der Stadt ging es zur\u00fcck auf den Campingplatz. Sandra und Moni, die ebenfalls mit einem T2 Bulli unterwegs sind,<\/p>\n<p><a href=\"http:\/\/fridolin.vw-bulli.net\/wp-content\/uploads\/2016\/09\/img_4040.jpg\"><img loading=\"lazy\" class=\"alignnone  wp-image-697\" src=\"http:\/\/fridolin.vw-bulli.net\/wp-content\/uploads\/2016\/09\/img_4040.jpg\" alt=\"\" width=\"500\" height=\"375\" srcset=\"http:\/\/fridolin.vw-bulli.net\/wp-content\/uploads\/2016\/09\/img_4040.jpg 1000w, http:\/\/fridolin.vw-bulli.net\/wp-content\/uploads\/2016\/09\/img_4040-500x375.jpg 500w\" sizes=\"(max-width: 500px) 85vw, 500px\" \/><\/a>waren auch aus der Stadt zur\u00fcck und es ging an&#8217;s gemeinsame Abendessen machen und den Abend noch bei einer sch\u00f6nen Flasche Wein (4\/10) ausklingen zu lassen.<\/p>\n<p>Die beiden sind am n\u00e4chsten Morgen bereits um 7 Uhr los zur Wanderung. Das zweite Fr\u00fchst\u00fcck habe ich dann zusammen mit Tobi und Susanne verbracht,<\/p>\n<p><a href=\"http:\/\/fridolin.vw-bulli.net\/wp-content\/uploads\/2016\/09\/img_4041.jpg\"><img loading=\"lazy\" class=\"alignnone  wp-image-696\" src=\"http:\/\/fridolin.vw-bulli.net\/wp-content\/uploads\/2016\/09\/img_4041.jpg\" alt=\"\" width=\"500\" height=\"667\" srcset=\"http:\/\/fridolin.vw-bulli.net\/wp-content\/uploads\/2016\/09\/img_4041.jpg 750w, http:\/\/fridolin.vw-bulli.net\/wp-content\/uploads\/2016\/09\/img_4041-500x667.jpg 500w\" sizes=\"(max-width: 500px) 85vw, 500px\" \/><\/a>bevor es auch f\u00fcr mich weiter ging.<\/p>\n<p>Da mir das Solenzara Tal so gut gefallen hat, bin ich nochmals dort hin zur\u00fcck, diesmal aber etwas tiefer ins Tal hinein. Der Campingplatz U Ponte Grossu wird vom selben Betreiber wie U Rosmarinu betrieben und liegt ebenfalls an wundersch\u00f6nen Badegumpen. Hier werde ich 1-2 N\u00e4chte verbringen, bevor es weiter gen S\u00fcden geht, immer mit dem Ziel &#8222;\u00dcbersetzen nach Sardinien&#8220;.<\/p>\n<div class=\"sharedaddy sd-sharing-enabled\"><div class=\"robots-nocontent sd-block sd-social sd-social-icon-text sd-sharing\"><h3 class=\"sd-title\">Ich bin dann mal weg ...<\/h3><div class=\"sd-content\"><ul><li><a href=\"#\" class=\"sharing-anchor sd-button share-more\"><span>Teilen<\/span><\/a><\/li><li class=\"share-end\"><\/li><\/ul><div class=\"sharing-hidden\"><div class=\"inner\" style=\"display: none;\"><ul><li class=\"share-facebook\"><a rel=\"nofollow noopener noreferrer\" data-shared=\"sharing-facebook-694\" class=\"share-facebook sd-button share-icon\" href=\"http:\/\/fridolin.vw-bulli.net\/?p=694&amp;share=facebook\" target=\"_blank\" title=\"Klick, um auf Facebook zu teilen\"><span>Facebook<\/span><\/a><\/li><li class=\"share-twitter\"><a rel=\"nofollow noopener noreferrer\" data-shared=\"sharing-twitter-694\" class=\"share-twitter sd-button share-icon\" href=\"http:\/\/fridolin.vw-bulli.net\/?p=694&amp;share=twitter\" target=\"_blank\" title=\"Klick, um \u00fcber Twitter zu teilen\"><span>Twitter<\/span><\/a><\/li><li class=\"share-end\"><\/li><li class=\"share-end\"><\/li><\/ul><\/div><\/div><\/div><\/div><\/div>","protected":false},"excerpt":{"rendered":"<p>Gestern ging es ja in das Landesinnere nach Corte auf einen kleinen Campingplatz am Rande der Stadt. Von dort aus konnte man Zufluss in die Stadt laufen. Die untere Stadt ist nicht besonders sehenswert und neben B\u00e4ckereien, Superm\u00e4rkten und Caf\u00e9s gibt es viele Touristen L\u00e4den. Der Obere Teil der Stadt, an der Citadelle, ist sehr &hellip; <a href=\"http:\/\/fridolin.vw-bulli.net\/?p=694\" class=\"more-link\"><span class=\"screen-reader-text\">&#8222;Corte&#8220; <\/span>weiterlesen<\/a><\/p>\n<div class=\"sharedaddy sd-sharing-enabled\"><div class=\"robots-nocontent sd-block sd-social sd-social-icon-text sd-sharing\"><h3 class=\"sd-title\">Ich bin dann mal weg ...<\/h3><div class=\"sd-content\"><ul><li><a href=\"#\" class=\"sharing-anchor sd-button share-more\"><span>Teilen<\/span><\/a><\/li><li class=\"share-end\"><\/li><\/ul><div class=\"sharing-hidden\"><div class=\"inner\" style=\"display: none;\"><ul><li class=\"share-facebook\"><a rel=\"nofollow noopener noreferrer\" data-shared=\"sharing-facebook-694\" class=\"share-facebook sd-button share-icon\" href=\"http:\/\/fridolin.vw-bulli.net\/?p=694&amp;share=facebook\" target=\"_blank\" title=\"Klick, um auf Facebook zu teilen\"><span>Facebook<\/span><\/a><\/li><li class=\"share-twitter\"><a rel=\"nofollow noopener noreferrer\" data-shared=\"sharing-twitter-694\" class=\"share-twitter sd-button share-icon\" href=\"http:\/\/fridolin.vw-bulli.net\/?p=694&amp;share=twitter\" target=\"_blank\" title=\"Klick, um \u00fcber Twitter zu teilen\"><span>Twitter<\/span><\/a><\/li><li class=\"share-end\"><\/li><li class=\"share-end\"><\/li><\/ul><\/div><\/div><\/div><\/div><\/div>","protected":false},"author":1,"featured_media":0,"comment_status":"open","ping_status":"open","sticky":false,"template":"","format":"standard","meta":{"spay_email":"","jetpack_publicize_message":"","jetpack_is_tweetstorm":false,"jetpack_publicize_feature_enabled":true},"categories":[4],"tags":[],"jetpack_featured_media_url":"","jetpack_publicize_connections":[],"jetpack_sharing_enabled":true,"jetpack_shortlink":"https:\/\/wp.me\/scLMis-corte","jetpack_likes_enabled":true,"_links":{"self":[{"href":"http:\/\/fridolin.vw-bulli.net\/index.php?rest_route=\/wp\/v2\/posts\/694"}],"collection":[{"href":"http:\/\/fridolin.vw-bulli.net\/index.php?rest_route=\/wp\/v2\/posts"}],"about":[{"href":"http:\/\/fridolin.vw-bulli.net\/index.php?rest_route=\/wp\/v2\/types\/post"}],"author":[{"embeddable":true,"href":"http:\/\/fridolin.vw-bulli.net\/index.php?rest_route=\/wp\/v2\/users\/1"}],"replies":[{"embeddable":true,"href":"http:\/\/fridolin.vw-bulli.net\/index.php?rest_route=%2Fwp%2Fv2%2Fcomments&post=694"}],"version-history":[{"count":4,"href":"http:\/\/fridolin.vw-bulli.net\/index.php?rest_route=\/wp\/v2\/posts\/694\/revisions"}],"predecessor-version":[{"id":765,"href":"http:\/\/fridolin.vw-bulli.net\/index.php?rest_route=\/wp\/v2\/posts\/694\/revisions\/765"}],"wp:attachment":[{"href":"http:\/\/fridolin.vw-bulli.net\/index.php?rest_route=%2Fwp%2Fv2%2Fmedia&parent=694"}],"wp:term":[{"taxonomy":"category","embeddable":true,"href":"http:\/\/fridolin.vw-bulli.net\/index.php?rest_route=%2Fwp%2Fv2%2Fcategories&post=694"},{"taxonomy":"post_tag","embeddable":true,"href":"http:\/\/fridolin.vw-bulli.net\/index.php?rest_route=%2Fwp%2Fv2%2Ftags&post=694"}],"curies":[{"name":"wp","href":"https:\/\/api.w.org\/{rel}","templated":true}]}}