{"id":675,"date":"2016-09-02T08:58:50","date_gmt":"2016-09-02T06:58:50","guid":{"rendered":"http:\/\/fridolin.vw-bulli.net\/2016\/09\/02\/ein-schoener-ungeplanter-tag\/"},"modified":"2016-09-15T16:47:45","modified_gmt":"2016-09-15T14:47:45","slug":"ein-schoener-ungeplanter-tag","status":"publish","type":"post","link":"http:\/\/fridolin.vw-bulli.net\/?p=675","title":{"rendered":"Ein sch\u00f6ner, ungeplanter Tag"},"content":{"rendered":"<p>Heute Morgen sollte es endlich weiter gehen. Also nach dem Fr\u00fchst\u00fcck alles zusammen gepackt und abfahrbereit. Auch einer der Bullis aus unsere Parade wollte weiter, doch der Bulli wollte einfach nicht anspringen. Also beg<span id=\"D5AB3F51-5A58-4B47-BAF9-9C25B2CE112F\" class=\"img_container\"><progress id=\"progress_D5AB3F51-5A58-4B47-BAF9-9C25B2CE112F\" class=\"wp_media_indicator failed\" value=\"0.031113\"><\/progress><\/span><span id=\"2EC6815A-68E2-4787-A9E8-2A860977DD21\" class=\"img_container\"><progress id=\"progress_2EC6815A-68E2-4787-A9E8-2A860977DD21\" class=\"wp_media_indicator failed\" value=\"0.052603\"><\/progress><\/span>ann die Fehlersuche. Nach einigem hin und her vermuteten wir die Batterie. Mit \u00fcberbr\u00fccken allein ging es nicht und da beide Seide Batterien schwach auf der Brust waren wurde beschlossen, dass er sie erst mal l\u00e4d, damit er nicht sp\u00e4ter liegenbleibt. Das bedeutete aber, es w\u00fcrde zu sp\u00e4t zum auschecken und so beschlossen wir gemeinsam einen weiteren Tag zu bleiben.<\/p>\n<p>Das bot die Gelegenheit, dass ich doch noch die Oliven\u00f6lm\u00fchle im Hinterland besuchen konnte. Was soll ich sagen? Mal wieder ein paar Strassenbilder \ud83d\ude09<\/p>\n<p><a href=\"http:\/\/fridolin.vw-bulli.net\/wp-content\/uploads\/2016\/09\/img_3871.png\"><img loading=\"lazy\" class=\"alignnone  wp-image-663\" src=\"http:\/\/fridolin.vw-bulli.net\/wp-content\/uploads\/2016\/09\/img_3871.png\" alt=\"\" width=\"500\" height=\"890\" srcset=\"http:\/\/fridolin.vw-bulli.net\/wp-content\/uploads\/2016\/09\/img_3871.png 562w, http:\/\/fridolin.vw-bulli.net\/wp-content\/uploads\/2016\/09\/img_3871-500x890.png 500w\" sizes=\"(max-width: 500px) 85vw, 500px\" \/><\/a><a href=\"http:\/\/fridolin.vw-bulli.net\/wp-content\/uploads\/2016\/09\/img_3870-1.png\"><img loading=\"lazy\" class=\"alignnone  wp-image-664\" src=\"http:\/\/fridolin.vw-bulli.net\/wp-content\/uploads\/2016\/09\/img_3870-1.png\" alt=\"\" width=\"500\" height=\"890\" srcset=\"http:\/\/fridolin.vw-bulli.net\/wp-content\/uploads\/2016\/09\/img_3870-1.png 562w, http:\/\/fridolin.vw-bulli.net\/wp-content\/uploads\/2016\/09\/img_3870-1-500x890.png 500w\" sizes=\"(max-width: 500px) 85vw, 500px\" \/><\/a><a href=\"http:\/\/fridolin.vw-bulli.net\/wp-content\/uploads\/2016\/09\/img_3878.png\"><img loading=\"lazy\" class=\"alignnone  wp-image-665\" src=\"http:\/\/fridolin.vw-bulli.net\/wp-content\/uploads\/2016\/09\/img_3878.png\" alt=\"\" width=\"500\" height=\"281\" srcset=\"http:\/\/fridolin.vw-bulli.net\/wp-content\/uploads\/2016\/09\/img_3878.png 1000w, http:\/\/fridolin.vw-bulli.net\/wp-content\/uploads\/2016\/09\/img_3878-500x281.png 500w\" sizes=\"(max-width: 500px) 85vw, 500px\" \/><\/a><a href=\"http:\/\/fridolin.vw-bulli.net\/wp-content\/uploads\/2016\/09\/img_3882.jpg\"><img loading=\"lazy\" class=\"alignnone  wp-image-666\" src=\"http:\/\/fridolin.vw-bulli.net\/wp-content\/uploads\/2016\/09\/img_3882.jpg\" alt=\"\" width=\"500\" height=\"375\" srcset=\"http:\/\/fridolin.vw-bulli.net\/wp-content\/uploads\/2016\/09\/img_3882.jpg 1000w, http:\/\/fridolin.vw-bulli.net\/wp-content\/uploads\/2016\/09\/img_3882-500x375.jpg 500w\" sizes=\"(max-width: 500px) 85vw, 500px\" \/><\/a><a href=\"http:\/\/fridolin.vw-bulli.net\/wp-content\/uploads\/2016\/09\/img_3887-1.jpg\"><img loading=\"lazy\" class=\"alignnone  wp-image-667\" src=\"http:\/\/fridolin.vw-bulli.net\/wp-content\/uploads\/2016\/09\/img_3887-1.jpg\" alt=\"\" width=\"500\" height=\"375\" srcset=\"http:\/\/fridolin.vw-bulli.net\/wp-content\/uploads\/2016\/09\/img_3887-1.jpg 1000w, http:\/\/fridolin.vw-bulli.net\/wp-content\/uploads\/2016\/09\/img_3887-1-500x375.jpg 500w\" sizes=\"(max-width: 500px) 85vw, 500px\" \/><\/a><a href=\"http:\/\/fridolin.vw-bulli.net\/wp-content\/uploads\/2016\/09\/img_3891-1.jpg\"><img loading=\"lazy\" class=\"alignnone  wp-image-668\" src=\"http:\/\/fridolin.vw-bulli.net\/wp-content\/uploads\/2016\/09\/img_3891-1.jpg\" alt=\"\" width=\"500\" height=\"374\" \/><\/a>Insbesondere die letzten Serpentinen waren mal wieder \ud83d\ude31<\/p>\n<p>Zwischendurch ging es durch sch\u00f6ne kleine Bergd\u00f6rfer und Landschaften.<\/p>\n<p><a href=\"http:\/\/fridolin.vw-bulli.net\/wp-content\/uploads\/2016\/09\/img_3880.png\"><img loading=\"lazy\" class=\"alignnone  wp-image-669\" src=\"http:\/\/fridolin.vw-bulli.net\/wp-content\/uploads\/2016\/09\/img_3880.png\" alt=\"\" width=\"500\" height=\"281\" srcset=\"http:\/\/fridolin.vw-bulli.net\/wp-content\/uploads\/2016\/09\/img_3880.png 1000w, http:\/\/fridolin.vw-bulli.net\/wp-content\/uploads\/2016\/09\/img_3880-500x281.png 500w\" sizes=\"(max-width: 500px) 85vw, 500px\" \/><\/a><span id=\"A5B84C35-5C11-40B2-B284-52338832114E\" class=\"img_container\"><progress id=\"progress_A5B84C35-5C11-40B2-B284-52338832114E\" class=\"wp_media_indicator failed\" value=\"0.021781\"><\/progress><\/span><span id=\"45B4CAB6-F84A-4EFF-BBF6-1C701E42992A\" class=\"img_container\"><progress id=\"progress_45B4CAB6-F84A-4EFF-BBF6-1C701E42992A\" class=\"wp_media_indicator failed\" value=\"0\"><\/progress><\/span><span id=\"48553A21-E31D-40A6-BAE8-28AF0FD93976\" class=\"img_container\"><progress id=\"progress_48553A21-E31D-40A6-BAE8-28AF0FD93976\" class=\"wp_media_indicator failed\" value=\"0.017887\"><\/progress><\/span><br \/>\nDie kleine Oliven\u00f6lm\u00fchle war wirklich sch\u00f6n, doch da die Olivenernte erst wieder im November stattfindet, hatte der Esel, der sonst die M\u00fchle antreibt, Pause.<\/p>\n<p><a href=\"http:\/\/fridolin.vw-bulli.net\/wp-content\/uploads\/2016\/09\/img_3853.png\"><img loading=\"lazy\" class=\"alignnone  wp-image-671\" src=\"http:\/\/fridolin.vw-bulli.net\/wp-content\/uploads\/2016\/09\/img_3853.png\" alt=\"\" width=\"500\" height=\"281\" srcset=\"http:\/\/fridolin.vw-bulli.net\/wp-content\/uploads\/2016\/09\/img_3853.png 1000w, http:\/\/fridolin.vw-bulli.net\/wp-content\/uploads\/2016\/09\/img_3853-500x281.png 500w\" sizes=\"(max-width: 500px) 85vw, 500px\" \/><\/a>Das beste ist nat\u00fcrlich die Probe der verschiedenen Produkte \ud83d\ude0f Super lecker und gleich mal was f\u00fcr die Weiterfahrt mitgenommen.<\/p>\n<p><a href=\"http:\/\/fridolin.vw-bulli.net\/wp-content\/uploads\/2016\/09\/img_3859.png\"><img loading=\"lazy\" class=\"alignnone  wp-image-670\" src=\"http:\/\/fridolin.vw-bulli.net\/wp-content\/uploads\/2016\/09\/img_3859.png\" alt=\"\" width=\"500\" height=\"281\" srcset=\"http:\/\/fridolin.vw-bulli.net\/wp-content\/uploads\/2016\/09\/img_3859.png 1000w, http:\/\/fridolin.vw-bulli.net\/wp-content\/uploads\/2016\/09\/img_3859-500x281.png 500w\" sizes=\"(max-width: 500px) 85vw, 500px\" \/><\/a><a href=\"http:\/\/fridolin.vw-bulli.net\/wp-content\/uploads\/2016\/09\/img_3852.png\"><img loading=\"lazy\" class=\"alignnone  wp-image-672\" src=\"http:\/\/fridolin.vw-bulli.net\/wp-content\/uploads\/2016\/09\/img_3852.png\" alt=\"\" width=\"500\" height=\"281\" srcset=\"http:\/\/fridolin.vw-bulli.net\/wp-content\/uploads\/2016\/09\/img_3852.png 1000w, http:\/\/fridolin.vw-bulli.net\/wp-content\/uploads\/2016\/09\/img_3852-500x281.png 500w\" sizes=\"(max-width: 500px) 85vw, 500px\" \/><\/a><a href=\"http:\/\/fridolin.vw-bulli.net\/wp-content\/uploads\/2016\/09\/img_3857.png\"><img loading=\"lazy\" class=\"alignnone  wp-image-674\" src=\"http:\/\/fridolin.vw-bulli.net\/wp-content\/uploads\/2016\/09\/img_3857.png\" alt=\"\" width=\"500\" height=\"281\" srcset=\"http:\/\/fridolin.vw-bulli.net\/wp-content\/uploads\/2016\/09\/img_3857.png 1000w, http:\/\/fridolin.vw-bulli.net\/wp-content\/uploads\/2016\/09\/img_3857-500x281.png 500w\" sizes=\"(max-width: 500px) 85vw, 500px\" \/><\/a><a href=\"http:\/\/fridolin.vw-bulli.net\/wp-content\/uploads\/2016\/09\/img_3854.png\"><img loading=\"lazy\" class=\"alignnone  wp-image-673\" src=\"http:\/\/fridolin.vw-bulli.net\/wp-content\/uploads\/2016\/09\/img_3854.png\" alt=\"\" width=\"500\" height=\"281\" srcset=\"http:\/\/fridolin.vw-bulli.net\/wp-content\/uploads\/2016\/09\/img_3854.png 1000w, http:\/\/fridolin.vw-bulli.net\/wp-content\/uploads\/2016\/09\/img_3854-500x281.png 500w\" sizes=\"(max-width: 500px) 85vw, 500px\" \/><\/a><br \/>\nDie R\u00fcckfahrt, diesmal ein anderer Weg, schlimmer konnte es ja nicht mehr werden, war ebenfalls &#8222;spannend&#8220;.<\/p>\n<p>Wieder am Platz angekommen wurde nach dem defekten Bulli geschaut. Es war nicht die Batterie und auch nicht die Z\u00fcndung. Bei weiterer Inspektion des Motorraums wurde ein Unterdruckschlauch entdeckt, der abgegangen war. Kaum war dieser wieder befestigt, sprang der Bulli an \ud83d\udc4d<\/p>\n<p>Abends, nach gemeinsamer Kochsession sassen wieder alle zusammen und auch das neu angekommene Bulli \u00a0(T2) P\u00e4\u00e4rchen aus dem Tessin kam noch dazu.<\/p>\n<p>Am n\u00e4chsten Tag soll es WIRKLICH weiter gehen \ud83d\ude09 Ein Bulli an den Plage D&#8217;Arone, die Tessiner bleiben noch und ich fahre mit dem anderen Bulli zusammen ins Asco Tal, wo wir einen weiteren Bulli treffen werden.<\/p>\n<div class=\"sharedaddy sd-sharing-enabled\"><div class=\"robots-nocontent sd-block sd-social sd-social-icon-text sd-sharing\"><h3 class=\"sd-title\">Ich bin dann mal weg ...<\/h3><div class=\"sd-content\"><ul><li><a href=\"#\" class=\"sharing-anchor sd-button share-more\"><span>Teilen<\/span><\/a><\/li><li class=\"share-end\"><\/li><\/ul><div class=\"sharing-hidden\"><div class=\"inner\" style=\"display: none;\"><ul><li class=\"share-facebook\"><a rel=\"nofollow noopener noreferrer\" data-shared=\"sharing-facebook-675\" class=\"share-facebook sd-button share-icon\" href=\"http:\/\/fridolin.vw-bulli.net\/?p=675&amp;share=facebook\" target=\"_blank\" title=\"Klick, um auf Facebook zu teilen\"><span>Facebook<\/span><\/a><\/li><li class=\"share-twitter\"><a rel=\"nofollow noopener noreferrer\" data-shared=\"sharing-twitter-675\" class=\"share-twitter sd-button share-icon\" href=\"http:\/\/fridolin.vw-bulli.net\/?p=675&amp;share=twitter\" target=\"_blank\" title=\"Klick, um \u00fcber Twitter zu teilen\"><span>Twitter<\/span><\/a><\/li><li class=\"share-end\"><\/li><li class=\"share-end\"><\/li><\/ul><\/div><\/div><\/div><\/div><\/div>","protected":false},"excerpt":{"rendered":"<p>Heute Morgen sollte es endlich weiter gehen. Also nach dem Fr\u00fchst\u00fcck alles zusammen gepackt und abfahrbereit. Auch einer der Bullis aus unsere Parade wollte weiter, doch der Bulli wollte einfach nicht anspringen. Also begann die Fehlersuche. Nach einigem hin und her vermuteten wir die Batterie. Mit \u00fcberbr\u00fccken allein ging es nicht und da beide Seide &hellip; <a href=\"http:\/\/fridolin.vw-bulli.net\/?p=675\" class=\"more-link\"><span class=\"screen-reader-text\">&#8222;Ein sch\u00f6ner, ungeplanter Tag&#8220; <\/span>weiterlesen<\/a><\/p>\n<div class=\"sharedaddy sd-sharing-enabled\"><div class=\"robots-nocontent sd-block sd-social sd-social-icon-text sd-sharing\"><h3 class=\"sd-title\">Ich bin dann mal weg ...<\/h3><div class=\"sd-content\"><ul><li><a href=\"#\" class=\"sharing-anchor sd-button share-more\"><span>Teilen<\/span><\/a><\/li><li class=\"share-end\"><\/li><\/ul><div class=\"sharing-hidden\"><div class=\"inner\" style=\"display: none;\"><ul><li class=\"share-facebook\"><a rel=\"nofollow noopener noreferrer\" data-shared=\"sharing-facebook-675\" class=\"share-facebook sd-button share-icon\" href=\"http:\/\/fridolin.vw-bulli.net\/?p=675&amp;share=facebook\" target=\"_blank\" title=\"Klick, um auf Facebook zu teilen\"><span>Facebook<\/span><\/a><\/li><li class=\"share-twitter\"><a rel=\"nofollow noopener noreferrer\" data-shared=\"sharing-twitter-675\" class=\"share-twitter sd-button share-icon\" href=\"http:\/\/fridolin.vw-bulli.net\/?p=675&amp;share=twitter\" target=\"_blank\" title=\"Klick, um \u00fcber Twitter zu teilen\"><span>Twitter<\/span><\/a><\/li><li class=\"share-end\"><\/li><li class=\"share-end\"><\/li><\/ul><\/div><\/div><\/div><\/div><\/div>","protected":false},"author":1,"featured_media":0,"comment_status":"open","ping_status":"open","sticky":false,"template":"","format":"standard","meta":{"spay_email":"","jetpack_publicize_message":"","jetpack_is_tweetstorm":false,"jetpack_publicize_feature_enabled":true},"categories":[4],"tags":[],"jetpack_featured_media_url":"","jetpack_publicize_connections":[],"jetpack_sharing_enabled":true,"jetpack_shortlink":"https:\/\/wp.me\/pcLMis-aT","jetpack_likes_enabled":true,"_links":{"self":[{"href":"http:\/\/fridolin.vw-bulli.net\/index.php?rest_route=\/wp\/v2\/posts\/675"}],"collection":[{"href":"http:\/\/fridolin.vw-bulli.net\/index.php?rest_route=\/wp\/v2\/posts"}],"about":[{"href":"http:\/\/fridolin.vw-bulli.net\/index.php?rest_route=\/wp\/v2\/types\/post"}],"author":[{"embeddable":true,"href":"http:\/\/fridolin.vw-bulli.net\/index.php?rest_route=\/wp\/v2\/users\/1"}],"replies":[{"embeddable":true,"href":"http:\/\/fridolin.vw-bulli.net\/index.php?rest_route=%2Fwp%2Fv2%2Fcomments&post=675"}],"version-history":[{"count":2,"href":"http:\/\/fridolin.vw-bulli.net\/index.php?rest_route=\/wp\/v2\/posts\/675\/revisions"}],"predecessor-version":[{"id":769,"href":"http:\/\/fridolin.vw-bulli.net\/index.php?rest_route=\/wp\/v2\/posts\/675\/revisions\/769"}],"wp:attachment":[{"href":"http:\/\/fridolin.vw-bulli.net\/index.php?rest_route=%2Fwp%2Fv2%2Fmedia&parent=675"}],"wp:term":[{"taxonomy":"category","embeddable":true,"href":"http:\/\/fridolin.vw-bulli.net\/index.php?rest_route=%2Fwp%2Fv2%2Fcategories&post=675"},{"taxonomy":"post_tag","embeddable":true,"href":"http:\/\/fridolin.vw-bulli.net\/index.php?rest_route=%2Fwp%2Fv2%2Ftags&post=675"}],"curies":[{"name":"wp","href":"https:\/\/api.w.org\/{rel}","templated":true}]}}