{"id":659,"date":"2016-08-31T20:25:45","date_gmt":"2016-08-31T18:25:45","guid":{"rendered":"http:\/\/fridolin.vw-bulli.net\/2016\/08\/30\/bulli-parade\/"},"modified":"2016-09-15T16:49:51","modified_gmt":"2016-09-15T14:49:51","slug":"bulli-parade","status":"publish","type":"post","link":"http:\/\/fridolin.vw-bulli.net\/?p=659","title":{"rendered":"Bulli Parade"},"content":{"rendered":"<p>Heute war \u00d6lwechsel f\u00fcr Fridolin angesagt.<\/p>\n<p><a href=\"http:\/\/fridolin.vw-bulli.net\/wp-content\/uploads\/2016\/08\/img_3750.jpg\"><img loading=\"lazy\" class=\"alignnone  wp-image-653\" src=\"http:\/\/fridolin.vw-bulli.net\/wp-content\/uploads\/2016\/08\/img_3750.jpg\" alt=\"\" width=\"500\" height=\"667\" srcset=\"http:\/\/fridolin.vw-bulli.net\/wp-content\/uploads\/2016\/08\/img_3750.jpg 750w, http:\/\/fridolin.vw-bulli.net\/wp-content\/uploads\/2016\/08\/img_3750-500x667.jpg 500w\" sizes=\"(max-width: 500px) 85vw, 500px\" \/><\/a><a href=\"http:\/\/fridolin.vw-bulli.net\/wp-content\/uploads\/2016\/08\/img_3746.jpg\"><img loading=\"lazy\" class=\"alignnone  wp-image-652\" src=\"http:\/\/fridolin.vw-bulli.net\/wp-content\/uploads\/2016\/08\/img_3746.jpg\" alt=\"\" width=\"501\" height=\"375\" \/><\/a><\/p>\n<p>Der Junge Mechaniker schaute nicht schlecht als Fridolin in die Werkstatt rollte aber vermutlich war es der Respekt vor dem Alter, denn er war mindestens 10 Jahre j\u00fcnger. Also habe ich ihm erst mal erkl\u00e4rt wie so ein \u00d6lwechsel bei einem Bulli l\u00e4uft und, dass Fridolin wirklich keinen \u00d6lfilter hat. Zusammen haben wir dann den \u00d6lwechsel vorgenommen.<\/p>\n<p><a href=\"http:\/\/fridolin.vw-bulli.net\/wp-content\/uploads\/2016\/08\/img_3752.jpg\"><img loading=\"lazy\" class=\"alignnone  wp-image-654\" src=\"http:\/\/fridolin.vw-bulli.net\/wp-content\/uploads\/2016\/08\/img_3752.jpg\" alt=\"\" width=\"500\" height=\"668\" \/><\/a><a href=\"http:\/\/fridolin.vw-bulli.net\/wp-content\/uploads\/2016\/08\/img_3753.jpg\"><img loading=\"lazy\" class=\"alignnone  wp-image-655\" src=\"http:\/\/fridolin.vw-bulli.net\/wp-content\/uploads\/2016\/08\/img_3753.jpg\" alt=\"\" width=\"500\" height=\"667\" srcset=\"http:\/\/fridolin.vw-bulli.net\/wp-content\/uploads\/2016\/08\/img_3753.jpg 750w, http:\/\/fridolin.vw-bulli.net\/wp-content\/uploads\/2016\/08\/img_3753-500x667.jpg 500w\" sizes=\"(max-width: 500px) 85vw, 500px\" \/><\/a><br \/>\nNach dem \u00d6lwechsel gab es eine kurze Fahrt durchs Hinterland und zu der charmanten Gem\u00fcseh\u00e4ndlerin (mein Obst und Gem\u00fcse Konsum steigt gerade \ud83d\ude09).<\/p>\n<p><a href=\"http:\/\/fridolin.vw-bulli.net\/wp-content\/uploads\/2016\/08\/img_3756.jpg\"><img loading=\"lazy\" class=\"alignnone  wp-image-657\" src=\"http:\/\/fridolin.vw-bulli.net\/wp-content\/uploads\/2016\/08\/img_3756.jpg\" alt=\"\" width=\"500\" height=\"375\" srcset=\"http:\/\/fridolin.vw-bulli.net\/wp-content\/uploads\/2016\/08\/img_3756.jpg 1000w, http:\/\/fridolin.vw-bulli.net\/wp-content\/uploads\/2016\/08\/img_3756-500x375.jpg 500w\" sizes=\"(max-width: 500px) 85vw, 500px\" \/><\/a><a href=\"http:\/\/fridolin.vw-bulli.net\/wp-content\/uploads\/2016\/08\/img_3758.jpg\"><img loading=\"lazy\" class=\"alignnone  wp-image-656\" src=\"http:\/\/fridolin.vw-bulli.net\/wp-content\/uploads\/2016\/08\/img_3758.jpg\" alt=\"\" width=\"500\" height=\"375\" srcset=\"http:\/\/fridolin.vw-bulli.net\/wp-content\/uploads\/2016\/08\/img_3758.jpg 1000w, http:\/\/fridolin.vw-bulli.net\/wp-content\/uploads\/2016\/08\/img_3758-500x375.jpg 500w\" sizes=\"(max-width: 500px) 85vw, 500px\" \/><\/a><br \/>\nAnschliessend ging es, wegen des regnerischen Wetters zur\u00fcck auf den Campingplatz (Erster Regentag seit ich los bin). Dort k\u00f6nnen wir so langsam eine VW T2 Bulli Parade veranstalten \ud83d\ude00<\/p>\n<p><a href=\"http:\/\/fridolin.vw-bulli.net\/wp-content\/uploads\/2016\/08\/img_3761.jpg\"><img loading=\"lazy\" class=\"alignnone  wp-image-658\" src=\"http:\/\/fridolin.vw-bulli.net\/wp-content\/uploads\/2016\/08\/img_3761.jpg\" alt=\"\" width=\"500\" height=\"375\" srcset=\"http:\/\/fridolin.vw-bulli.net\/wp-content\/uploads\/2016\/08\/img_3761.jpg 1000w, http:\/\/fridolin.vw-bulli.net\/wp-content\/uploads\/2016\/08\/img_3761-500x375.jpg 500w\" sizes=\"(max-width: 500px) 85vw, 500px\" \/><\/a><br \/>\nAber wie heisst es so sch\u00f6n? Aller guten Dinge sind drei (T2) \ud83d\ude09<\/p>\n<p>Update: Und die Bulli Parade auf dem Platz geht weiter.<\/p>\n<p>T1 aus M\u00fcnchen<\/p>\n<p><a href=\"http:\/\/fridolin.vw-bulli.net\/wp-content\/uploads\/2016\/08\/img_3835.jpg\"><img loading=\"lazy\" class=\"alignnone  wp-image-660\" src=\"http:\/\/fridolin.vw-bulli.net\/wp-content\/uploads\/2016\/08\/img_3835.jpg\" alt=\"\" width=\"500\" height=\"375\" srcset=\"http:\/\/fridolin.vw-bulli.net\/wp-content\/uploads\/2016\/08\/img_3835.jpg 1000w, http:\/\/fridolin.vw-bulli.net\/wp-content\/uploads\/2016\/08\/img_3835-500x375.jpg 500w\" sizes=\"(max-width: 500px) 85vw, 500px\" \/><\/a><\/p>\n<p>T2a aus Berm<\/p>\n<p><a href=\"http:\/\/fridolin.vw-bulli.net\/wp-content\/uploads\/2016\/08\/img_3718.jpg\"><img loading=\"lazy\" class=\"alignnone  wp-image-661\" src=\"http:\/\/fridolin.vw-bulli.net\/wp-content\/uploads\/2016\/08\/img_3718.jpg\" alt=\"\" width=\"500\" height=\"375\" srcset=\"http:\/\/fridolin.vw-bulli.net\/wp-content\/uploads\/2016\/08\/img_3718.jpg 1000w, http:\/\/fridolin.vw-bulli.net\/wp-content\/uploads\/2016\/08\/img_3718-500x375.jpg 500w\" sizes=\"(max-width: 500px) 85vw, 500px\" \/><\/a><\/p>\n<div class=\"sharedaddy sd-sharing-enabled\"><div class=\"robots-nocontent sd-block sd-social sd-social-icon-text sd-sharing\"><h3 class=\"sd-title\">Ich bin dann mal weg ...<\/h3><div class=\"sd-content\"><ul><li><a href=\"#\" class=\"sharing-anchor sd-button share-more\"><span>Teilen<\/span><\/a><\/li><li class=\"share-end\"><\/li><\/ul><div class=\"sharing-hidden\"><div class=\"inner\" style=\"display: none;\"><ul><li class=\"share-facebook\"><a rel=\"nofollow noopener noreferrer\" data-shared=\"sharing-facebook-659\" class=\"share-facebook sd-button share-icon\" href=\"http:\/\/fridolin.vw-bulli.net\/?p=659&amp;share=facebook\" target=\"_blank\" title=\"Klick, um auf Facebook zu teilen\"><span>Facebook<\/span><\/a><\/li><li class=\"share-twitter\"><a rel=\"nofollow noopener noreferrer\" data-shared=\"sharing-twitter-659\" class=\"share-twitter sd-button share-icon\" href=\"http:\/\/fridolin.vw-bulli.net\/?p=659&amp;share=twitter\" target=\"_blank\" title=\"Klick, um \u00fcber Twitter zu teilen\"><span>Twitter<\/span><\/a><\/li><li class=\"share-end\"><\/li><li class=\"share-end\"><\/li><\/ul><\/div><\/div><\/div><\/div><\/div>","protected":false},"excerpt":{"rendered":"<p>Heute war \u00d6lwechsel f\u00fcr Fridolin angesagt. Der Junge Mechaniker schaute nicht schlecht als Fridolin in die Werkstatt rollte aber vermutlich war es der Respekt vor dem Alter, denn er war mindestens 10 Jahre j\u00fcnger. Also habe ich ihm erst mal erkl\u00e4rt wie so ein \u00d6lwechsel bei einem Bulli l\u00e4uft und, dass Fridolin wirklich keinen \u00d6lfilter &hellip; <a href=\"http:\/\/fridolin.vw-bulli.net\/?p=659\" class=\"more-link\"><span class=\"screen-reader-text\">&#8222;Bulli Parade&#8220; <\/span>weiterlesen<\/a><\/p>\n<div class=\"sharedaddy sd-sharing-enabled\"><div class=\"robots-nocontent sd-block sd-social sd-social-icon-text sd-sharing\"><h3 class=\"sd-title\">Ich bin dann mal weg ...<\/h3><div class=\"sd-content\"><ul><li><a href=\"#\" class=\"sharing-anchor sd-button share-more\"><span>Teilen<\/span><\/a><\/li><li class=\"share-end\"><\/li><\/ul><div class=\"sharing-hidden\"><div class=\"inner\" style=\"display: none;\"><ul><li class=\"share-facebook\"><a rel=\"nofollow noopener noreferrer\" data-shared=\"sharing-facebook-659\" class=\"share-facebook sd-button share-icon\" href=\"http:\/\/fridolin.vw-bulli.net\/?p=659&amp;share=facebook\" target=\"_blank\" title=\"Klick, um auf Facebook zu teilen\"><span>Facebook<\/span><\/a><\/li><li class=\"share-twitter\"><a rel=\"nofollow noopener noreferrer\" data-shared=\"sharing-twitter-659\" class=\"share-twitter sd-button share-icon\" href=\"http:\/\/fridolin.vw-bulli.net\/?p=659&amp;share=twitter\" target=\"_blank\" title=\"Klick, um \u00fcber Twitter zu teilen\"><span>Twitter<\/span><\/a><\/li><li class=\"share-end\"><\/li><li class=\"share-end\"><\/li><\/ul><\/div><\/div><\/div><\/div><\/div>","protected":false},"author":1,"featured_media":0,"comment_status":"open","ping_status":"open","sticky":false,"template":"","format":"standard","meta":{"spay_email":"","jetpack_publicize_message":"","jetpack_is_tweetstorm":false,"jetpack_publicize_feature_enabled":true},"categories":[4],"tags":[],"jetpack_featured_media_url":"","jetpack_publicize_connections":[],"jetpack_sharing_enabled":true,"jetpack_shortlink":"https:\/\/wp.me\/pcLMis-aD","jetpack_likes_enabled":true,"_links":{"self":[{"href":"http:\/\/fridolin.vw-bulli.net\/index.php?rest_route=\/wp\/v2\/posts\/659"}],"collection":[{"href":"http:\/\/fridolin.vw-bulli.net\/index.php?rest_route=\/wp\/v2\/posts"}],"about":[{"href":"http:\/\/fridolin.vw-bulli.net\/index.php?rest_route=\/wp\/v2\/types\/post"}],"author":[{"embeddable":true,"href":"http:\/\/fridolin.vw-bulli.net\/index.php?rest_route=\/wp\/v2\/users\/1"}],"replies":[{"embeddable":true,"href":"http:\/\/fridolin.vw-bulli.net\/index.php?rest_route=%2Fwp%2Fv2%2Fcomments&post=659"}],"version-history":[{"count":3,"href":"http:\/\/fridolin.vw-bulli.net\/index.php?rest_route=\/wp\/v2\/posts\/659\/revisions"}],"predecessor-version":[{"id":771,"href":"http:\/\/fridolin.vw-bulli.net\/index.php?rest_route=\/wp\/v2\/posts\/659\/revisions\/771"}],"wp:attachment":[{"href":"http:\/\/fridolin.vw-bulli.net\/index.php?rest_route=%2Fwp%2Fv2%2Fmedia&parent=659"}],"wp:term":[{"taxonomy":"category","embeddable":true,"href":"http:\/\/fridolin.vw-bulli.net\/index.php?rest_route=%2Fwp%2Fv2%2Fcategories&post=659"},{"taxonomy":"post_tag","embeddable":true,"href":"http:\/\/fridolin.vw-bulli.net\/index.php?rest_route=%2Fwp%2Fv2%2Ftags&post=659"}],"curies":[{"name":"wp","href":"https:\/\/api.w.org\/{rel}","templated":true}]}}