{"id":651,"date":"2016-08-29T17:01:29","date_gmt":"2016-08-29T15:01:29","guid":{"rendered":"http:\/\/fridolin.vw-bulli.net\/2016\/08\/29\/ein-monat-korsika-eine-insel-zum-verlieben\/"},"modified":"2016-09-15T17:10:13","modified_gmt":"2016-09-15T15:10:13","slug":"ein-monat-korsika-eine-insel-zum-verlieben","status":"publish","type":"post","link":"http:\/\/fridolin.vw-bulli.net\/?p=651","title":{"rendered":"Ein Monat Korsika&#8230; Eine Insel zum verlieben\u00a0"},"content":{"rendered":"<p>Heute ist mir aufgefallen, dass ich bereits \u00fcber einen Monat auf Korsika bin. Meine urspr\u00fcngliche &#8222;Planung&#8220; hatte zwei Wochen vorgesehen. Was soll ich sagen? Selbst nach einem Monat und einmal die Insel umrunden habe ich das Gef\u00fchl, hier noch weitere Monate noch vieles Neues und spannende entdecken zu k\u00f6nnen. Korsika ist sehr abwechslungsreich auf kleinstem Raum, wie es auch die Schweiz ist, diesmal halt mit viel Meer und tollen, sehr unterschiedlichen K\u00fcsten. Die Ostk\u00fcste, bis fast in den S\u00fcden, bietet meist sehr sch\u00f6ne Sandstr\u00e4nde und ist die deutlich ruhigere Seite Korsikas. Im S\u00fcdosten wird es so langsam etwas rauher aber wundersch\u00f6n, an der K\u00fcste. Die Westseite, die rauhe Seite, bietet viele abwechslungsreiche Buchten und Felsformationen. Die Strassen an der K\u00fcste entlang werden deutlich schmaler und abenteuerlicher. Hier rechnet man grossteils mit einer Reisegeschwindigkeit von 30 KM\/h, auch ohne einen Fridolin und einem modernen Auto. Es lohnt sich, denn diese Fahrten an der K\u00fcste und durch die Berge sind atemberaubend.<\/p>\n<p>Wie gesagt, ich bin bereits einen Monat hier und werde bestimmt noch weitere zwei Wochen auf der Insel zubringen um einmal durch das Landesinnere (Corte, Asco Tal, &#8230;) in den S\u00fcden nach Bonifacio zu fahren um von dort mit der F\u00e4hre nach Sardinien \u00fcberzusetzen. Auf Sardinien freue ich mich ebenfalls sehr aber Korsika hat mich bestimmt nicht zum letzten Mal gesehen.<\/p>\n<p>&nbsp;<\/p>\n<blockquote><p>Korsika, eine Insel zum verlieben!<\/p><\/blockquote>\n<p>&nbsp;<\/p>\n<div class=\"sharedaddy sd-sharing-enabled\"><div class=\"robots-nocontent sd-block sd-social sd-social-icon-text sd-sharing\"><h3 class=\"sd-title\">Ich bin dann mal weg ...<\/h3><div class=\"sd-content\"><ul><li><a href=\"#\" class=\"sharing-anchor sd-button share-more\"><span>Teilen<\/span><\/a><\/li><li class=\"share-end\"><\/li><\/ul><div class=\"sharing-hidden\"><div class=\"inner\" style=\"display: none;\"><ul><li class=\"share-facebook\"><a rel=\"nofollow noopener noreferrer\" data-shared=\"sharing-facebook-651\" class=\"share-facebook sd-button share-icon\" href=\"http:\/\/fridolin.vw-bulli.net\/?p=651&amp;share=facebook\" target=\"_blank\" title=\"Klick, um auf Facebook zu teilen\"><span>Facebook<\/span><\/a><\/li><li class=\"share-twitter\"><a rel=\"nofollow noopener noreferrer\" data-shared=\"sharing-twitter-651\" class=\"share-twitter sd-button share-icon\" href=\"http:\/\/fridolin.vw-bulli.net\/?p=651&amp;share=twitter\" target=\"_blank\" title=\"Klick, um \u00fcber Twitter zu teilen\"><span>Twitter<\/span><\/a><\/li><li class=\"share-end\"><\/li><li class=\"share-end\"><\/li><\/ul><\/div><\/div><\/div><\/div><\/div>","protected":false},"excerpt":{"rendered":"<p>Heute ist mir aufgefallen, dass ich bereits \u00fcber einen Monat auf Korsika bin. Meine urspr\u00fcngliche &#8222;Planung&#8220; hatte zwei Wochen vorgesehen. Was soll ich sagen? Selbst nach einem Monat und einmal die Insel umrunden habe ich das Gef\u00fchl, hier noch weitere Monate noch vieles Neues und spannende entdecken zu k\u00f6nnen. Korsika ist sehr abwechslungsreich auf kleinstem &hellip; <a href=\"http:\/\/fridolin.vw-bulli.net\/?p=651\" class=\"more-link\"><span class=\"screen-reader-text\">&#8222;Ein Monat Korsika&#8230; Eine Insel zum verlieben\u00a0&#8220; <\/span>weiterlesen<\/a><\/p>\n<div class=\"sharedaddy sd-sharing-enabled\"><div class=\"robots-nocontent sd-block sd-social sd-social-icon-text sd-sharing\"><h3 class=\"sd-title\">Ich bin dann mal weg ...<\/h3><div class=\"sd-content\"><ul><li><a href=\"#\" class=\"sharing-anchor sd-button share-more\"><span>Teilen<\/span><\/a><\/li><li class=\"share-end\"><\/li><\/ul><div class=\"sharing-hidden\"><div class=\"inner\" style=\"display: none;\"><ul><li class=\"share-facebook\"><a rel=\"nofollow noopener noreferrer\" data-shared=\"sharing-facebook-651\" class=\"share-facebook sd-button share-icon\" href=\"http:\/\/fridolin.vw-bulli.net\/?p=651&amp;share=facebook\" target=\"_blank\" title=\"Klick, um auf Facebook zu teilen\"><span>Facebook<\/span><\/a><\/li><li class=\"share-twitter\"><a rel=\"nofollow noopener noreferrer\" data-shared=\"sharing-twitter-651\" class=\"share-twitter sd-button share-icon\" href=\"http:\/\/fridolin.vw-bulli.net\/?p=651&amp;share=twitter\" target=\"_blank\" title=\"Klick, um \u00fcber Twitter zu teilen\"><span>Twitter<\/span><\/a><\/li><li class=\"share-end\"><\/li><li class=\"share-end\"><\/li><\/ul><\/div><\/div><\/div><\/div><\/div>","protected":false},"author":1,"featured_media":0,"comment_status":"open","ping_status":"open","sticky":false,"template":"","format":"standard","meta":{"spay_email":"","jetpack_publicize_message":"","jetpack_is_tweetstorm":false,"jetpack_publicize_feature_enabled":true},"categories":[4],"tags":[],"jetpack_featured_media_url":"","jetpack_publicize_connections":[],"jetpack_sharing_enabled":true,"jetpack_shortlink":"https:\/\/wp.me\/pcLMis-av","jetpack_likes_enabled":true,"_links":{"self":[{"href":"http:\/\/fridolin.vw-bulli.net\/index.php?rest_route=\/wp\/v2\/posts\/651"}],"collection":[{"href":"http:\/\/fridolin.vw-bulli.net\/index.php?rest_route=\/wp\/v2\/posts"}],"about":[{"href":"http:\/\/fridolin.vw-bulli.net\/index.php?rest_route=\/wp\/v2\/types\/post"}],"author":[{"embeddable":true,"href":"http:\/\/fridolin.vw-bulli.net\/index.php?rest_route=\/wp\/v2\/users\/1"}],"replies":[{"embeddable":true,"href":"http:\/\/fridolin.vw-bulli.net\/index.php?rest_route=%2Fwp%2Fv2%2Fcomments&post=651"}],"version-history":[{"count":1,"href":"http:\/\/fridolin.vw-bulli.net\/index.php?rest_route=\/wp\/v2\/posts\/651\/revisions"}],"predecessor-version":[{"id":789,"href":"http:\/\/fridolin.vw-bulli.net\/index.php?rest_route=\/wp\/v2\/posts\/651\/revisions\/789"}],"wp:attachment":[{"href":"http:\/\/fridolin.vw-bulli.net\/index.php?rest_route=%2Fwp%2Fv2%2Fmedia&parent=651"}],"wp:term":[{"taxonomy":"category","embeddable":true,"href":"http:\/\/fridolin.vw-bulli.net\/index.php?rest_route=%2Fwp%2Fv2%2Fcategories&post=651"},{"taxonomy":"post_tag","embeddable":true,"href":"http:\/\/fridolin.vw-bulli.net\/index.php?rest_route=%2Fwp%2Fv2%2Ftags&post=651"}],"curies":[{"name":"wp","href":"https:\/\/api.w.org\/{rel}","templated":true}]}}