{"id":575,"date":"2016-08-23T16:15:24","date_gmt":"2016-08-23T14:15:24","guid":{"rendered":"http:\/\/fridolin.vw-bulli.net\/2016\/08\/23\/weiter-nach-ile-rousse\/"},"modified":"2016-09-15T17:06:17","modified_gmt":"2016-09-15T15:06:17","slug":"weiter-nach-ile-rousse","status":"publish","type":"post","link":"http:\/\/fridolin.vw-bulli.net\/?p=575","title":{"rendered":"Weiter nach Ile Rousse\u00a0"},"content":{"rendered":"<p>Nach sch\u00f6nen Tagen auf dem Campingplatz La Morsetta ging es heute weiter, \u00fcber Calvi, Richtung Ile Rousse. Dort habe ich einen Campingplatz empfohlen bekommen. Severin samt Familie machte sich auf den Weg zum Plage D&#8217;Arone und die T4 Familie fuhr weiter ins Fango Tal. Bis etwas vor Calvi gab es wieder spannende Strassen, bei denen es teils keine Befestigung am Strassenrand gab und es 50-100m senkrecht runter ging. Also war wieder entsprechend vorsichtiges Fahren angesagt.<\/p>\n<p><a href=\"http:\/\/fridolin.vw-bulli.net\/wp-content\/uploads\/2016\/08\/img_3500.jpg\"><img loading=\"lazy\" class=\"alignnone  wp-image-559\" src=\"http:\/\/fridolin.vw-bulli.net\/wp-content\/uploads\/2016\/08\/img_3500.jpg\" alt=\"\" width=\"500\" height=\"374\" \/><\/a><a href=\"http:\/\/fridolin.vw-bulli.net\/wp-content\/uploads\/2016\/08\/img_3503.jpg\"><img loading=\"lazy\" class=\"alignnone  wp-image-560\" src=\"http:\/\/fridolin.vw-bulli.net\/wp-content\/uploads\/2016\/08\/img_3503.jpg\" alt=\"\" width=\"500\" height=\"374\" \/><\/a><a href=\"http:\/\/fridolin.vw-bulli.net\/wp-content\/uploads\/2016\/08\/img_3513.jpg\"><img loading=\"lazy\" class=\"alignnone  wp-image-563\" src=\"http:\/\/fridolin.vw-bulli.net\/wp-content\/uploads\/2016\/08\/img_3513.jpg\" alt=\"\" width=\"500\" height=\"375\" srcset=\"http:\/\/fridolin.vw-bulli.net\/wp-content\/uploads\/2016\/08\/img_3513.jpg 1000w, http:\/\/fridolin.vw-bulli.net\/wp-content\/uploads\/2016\/08\/img_3513-500x375.jpg 500w\" sizes=\"(max-width: 500px) 85vw, 500px\" \/><\/a><a href=\"http:\/\/fridolin.vw-bulli.net\/wp-content\/uploads\/2016\/08\/img_3523.jpg\"><img loading=\"lazy\" class=\"alignnone  wp-image-566\" src=\"http:\/\/fridolin.vw-bulli.net\/wp-content\/uploads\/2016\/08\/img_3523.jpg\" alt=\"\" width=\"500\" height=\"375\" srcset=\"http:\/\/fridolin.vw-bulli.net\/wp-content\/uploads\/2016\/08\/img_3523.jpg 1000w, http:\/\/fridolin.vw-bulli.net\/wp-content\/uploads\/2016\/08\/img_3523-500x375.jpg 500w\" sizes=\"(max-width: 500px) 85vw, 500px\" \/><\/a><a href=\"http:\/\/fridolin.vw-bulli.net\/wp-content\/uploads\/2016\/08\/img_3520.jpg\"><img loading=\"lazy\" class=\"alignnone  wp-image-562\" src=\"http:\/\/fridolin.vw-bulli.net\/wp-content\/uploads\/2016\/08\/img_3520.jpg\" alt=\"\" width=\"500\" height=\"375\" srcset=\"http:\/\/fridolin.vw-bulli.net\/wp-content\/uploads\/2016\/08\/img_3520.jpg 1000w, http:\/\/fridolin.vw-bulli.net\/wp-content\/uploads\/2016\/08\/img_3520-500x375.jpg 500w\" sizes=\"(max-width: 500px) 85vw, 500px\" \/><\/a><a href=\"http:\/\/fridolin.vw-bulli.net\/wp-content\/uploads\/2016\/08\/img_3530.jpg\"><img loading=\"lazy\" class=\"alignnone  wp-image-564\" src=\"http:\/\/fridolin.vw-bulli.net\/wp-content\/uploads\/2016\/08\/img_3530.jpg\" alt=\"\" width=\"500\" height=\"375\" srcset=\"http:\/\/fridolin.vw-bulli.net\/wp-content\/uploads\/2016\/08\/img_3530.jpg 1000w, http:\/\/fridolin.vw-bulli.net\/wp-content\/uploads\/2016\/08\/img_3530-500x375.jpg 500w\" sizes=\"(max-width: 500px) 85vw, 500px\" \/><\/a><a href=\"http:\/\/fridolin.vw-bulli.net\/wp-content\/uploads\/2016\/08\/img_3532.jpg\"><img loading=\"lazy\" class=\"alignnone  wp-image-569\" src=\"http:\/\/fridolin.vw-bulli.net\/wp-content\/uploads\/2016\/08\/img_3532.jpg\" alt=\"\" width=\"500\" height=\"375\" srcset=\"http:\/\/fridolin.vw-bulli.net\/wp-content\/uploads\/2016\/08\/img_3532.jpg 1000w, http:\/\/fridolin.vw-bulli.net\/wp-content\/uploads\/2016\/08\/img_3532-500x375.jpg 500w\" sizes=\"(max-width: 500px) 85vw, 500px\" \/><\/a><a href=\"http:\/\/fridolin.vw-bulli.net\/wp-content\/uploads\/2016\/08\/img_3535.jpg\"><img loading=\"lazy\" class=\"alignnone  wp-image-565\" src=\"http:\/\/fridolin.vw-bulli.net\/wp-content\/uploads\/2016\/08\/img_3535.jpg\" alt=\"\" width=\"500\" height=\"375\" srcset=\"http:\/\/fridolin.vw-bulli.net\/wp-content\/uploads\/2016\/08\/img_3535.jpg 1000w, http:\/\/fridolin.vw-bulli.net\/wp-content\/uploads\/2016\/08\/img_3535-500x375.jpg 500w\" sizes=\"(max-width: 500px) 85vw, 500px\" \/><\/a><a href=\"http:\/\/fridolin.vw-bulli.net\/wp-content\/uploads\/2016\/08\/img_3537.jpg\"><img loading=\"lazy\" class=\"alignnone  wp-image-570\" src=\"http:\/\/fridolin.vw-bulli.net\/wp-content\/uploads\/2016\/08\/img_3537.jpg\" alt=\"\" width=\"500\" height=\"375\" srcset=\"http:\/\/fridolin.vw-bulli.net\/wp-content\/uploads\/2016\/08\/img_3537.jpg 1000w, http:\/\/fridolin.vw-bulli.net\/wp-content\/uploads\/2016\/08\/img_3537-500x375.jpg 500w\" sizes=\"(max-width: 500px) 85vw, 500px\" \/><\/a><a href=\"http:\/\/fridolin.vw-bulli.net\/wp-content\/uploads\/2016\/08\/img_3547.jpg\"><img loading=\"lazy\" class=\"alignnone  wp-image-567\" src=\"http:\/\/fridolin.vw-bulli.net\/wp-content\/uploads\/2016\/08\/img_3547.jpg\" alt=\"\" width=\"500\" height=\"375\" srcset=\"http:\/\/fridolin.vw-bulli.net\/wp-content\/uploads\/2016\/08\/img_3547.jpg 1000w, http:\/\/fridolin.vw-bulli.net\/wp-content\/uploads\/2016\/08\/img_3547-500x375.jpg 500w\" sizes=\"(max-width: 500px) 85vw, 500px\" \/><\/a><a href=\"http:\/\/fridolin.vw-bulli.net\/wp-content\/uploads\/2016\/08\/img_3549.jpg\"><img loading=\"lazy\" class=\"alignnone  wp-image-568\" src=\"http:\/\/fridolin.vw-bulli.net\/wp-content\/uploads\/2016\/08\/img_3549.jpg\" alt=\"\" width=\"500\" height=\"375\" srcset=\"http:\/\/fridolin.vw-bulli.net\/wp-content\/uploads\/2016\/08\/img_3549.jpg 1000w, http:\/\/fridolin.vw-bulli.net\/wp-content\/uploads\/2016\/08\/img_3549-500x375.jpg 500w\" sizes=\"(max-width: 500px) 85vw, 500px\" \/><\/a><a href=\"http:\/\/fridolin.vw-bulli.net\/wp-content\/uploads\/2016\/08\/img_3554.jpg\"><img loading=\"lazy\" class=\"alignnone  wp-image-561\" src=\"http:\/\/fridolin.vw-bulli.net\/wp-content\/uploads\/2016\/08\/img_3554.jpg\" alt=\"\" width=\"500\" height=\"375\" srcset=\"http:\/\/fridolin.vw-bulli.net\/wp-content\/uploads\/2016\/08\/img_3554.jpg 1000w, http:\/\/fridolin.vw-bulli.net\/wp-content\/uploads\/2016\/08\/img_3554-500x375.jpg 500w\" sizes=\"(max-width: 500px) 85vw, 500px\" \/><\/a><br \/>\nIn Calvi habe ich erst einmal die Vorr\u00e4te aufgestockt und auch f\u00fcr die k\u00e4lteren Tage in den Bergen noch einen Schlafsack gekauft. Danach ging es auf der kurvenreichen aber gut ausgebauten Nationalstrasse bis kurz vor Ile Rousse auf den Campingplatz Bodri.<\/p>\n<p><a href=\"http:\/\/fridolin.vw-bulli.net\/wp-content\/uploads\/2016\/08\/img_3566.jpg\"><img loading=\"lazy\" class=\"alignnone  wp-image-571\" src=\"http:\/\/fridolin.vw-bulli.net\/wp-content\/uploads\/2016\/08\/img_3566.jpg\" alt=\"\" width=\"501\" height=\"375\" \/><\/a><a href=\"http:\/\/fridolin.vw-bulli.net\/wp-content\/uploads\/2016\/08\/img_3568.jpg\"><img loading=\"lazy\" class=\"alignnone  wp-image-572\" src=\"http:\/\/fridolin.vw-bulli.net\/wp-content\/uploads\/2016\/08\/img_3568.jpg\" alt=\"\" width=\"500\" height=\"667\" srcset=\"http:\/\/fridolin.vw-bulli.net\/wp-content\/uploads\/2016\/08\/img_3568.jpg 750w, http:\/\/fridolin.vw-bulli.net\/wp-content\/uploads\/2016\/08\/img_3568-500x667.jpg 500w\" sizes=\"(max-width: 500px) 85vw, 500px\" \/><\/a><a href=\"http:\/\/fridolin.vw-bulli.net\/wp-content\/uploads\/2016\/08\/img_3570.jpg\"><img loading=\"lazy\" class=\"alignnone  wp-image-573\" src=\"http:\/\/fridolin.vw-bulli.net\/wp-content\/uploads\/2016\/08\/img_3570.jpg\" alt=\"\" width=\"500\" height=\"375\" srcset=\"http:\/\/fridolin.vw-bulli.net\/wp-content\/uploads\/2016\/08\/img_3570.jpg 1000w, http:\/\/fridolin.vw-bulli.net\/wp-content\/uploads\/2016\/08\/img_3570-500x375.jpg 500w\" sizes=\"(max-width: 500px) 85vw, 500px\" \/><\/a><br \/>\nMittlerweile ist alles aufgebaut, die Vorr\u00e4te verstaut und ich sitze bei einem Caf\u00e9 und Pain au Roussin und geniesse das sch\u00f6ne Wetter.<\/p>\n<p><a href=\"http:\/\/fridolin.vw-bulli.net\/wp-content\/uploads\/2016\/08\/img_3558.jpg\"><img loading=\"lazy\" class=\"alignnone  wp-image-574\" src=\"http:\/\/fridolin.vw-bulli.net\/wp-content\/uploads\/2016\/08\/img_3558.jpg\" alt=\"\" width=\"500\" height=\"375\" srcset=\"http:\/\/fridolin.vw-bulli.net\/wp-content\/uploads\/2016\/08\/img_3558.jpg 1000w, http:\/\/fridolin.vw-bulli.net\/wp-content\/uploads\/2016\/08\/img_3558-500x375.jpg 500w\" sizes=\"(max-width: 500px) 85vw, 500px\" \/><\/a>Sp\u00e4ter geht es noch an den Strand.<\/p>\n<div class=\"sharedaddy sd-sharing-enabled\"><div class=\"robots-nocontent sd-block sd-social sd-social-icon-text sd-sharing\"><h3 class=\"sd-title\">Ich bin dann mal weg ...<\/h3><div class=\"sd-content\"><ul><li><a href=\"#\" class=\"sharing-anchor sd-button share-more\"><span>Teilen<\/span><\/a><\/li><li class=\"share-end\"><\/li><\/ul><div class=\"sharing-hidden\"><div class=\"inner\" style=\"display: none;\"><ul><li class=\"share-facebook\"><a rel=\"nofollow noopener noreferrer\" data-shared=\"sharing-facebook-575\" class=\"share-facebook sd-button share-icon\" href=\"http:\/\/fridolin.vw-bulli.net\/?p=575&amp;share=facebook\" target=\"_blank\" title=\"Klick, um auf Facebook zu teilen\"><span>Facebook<\/span><\/a><\/li><li class=\"share-twitter\"><a rel=\"nofollow noopener noreferrer\" data-shared=\"sharing-twitter-575\" class=\"share-twitter sd-button share-icon\" href=\"http:\/\/fridolin.vw-bulli.net\/?p=575&amp;share=twitter\" target=\"_blank\" title=\"Klick, um \u00fcber Twitter zu teilen\"><span>Twitter<\/span><\/a><\/li><li class=\"share-end\"><\/li><li class=\"share-end\"><\/li><\/ul><\/div><\/div><\/div><\/div><\/div>","protected":false},"excerpt":{"rendered":"<p>Nach sch\u00f6nen Tagen auf dem Campingplatz La Morsetta ging es heute weiter, \u00fcber Calvi, Richtung Ile Rousse. Dort habe ich einen Campingplatz empfohlen bekommen. Severin samt Familie machte sich auf den Weg zum Plage D&#8217;Arone und die T4 Familie fuhr weiter ins Fango Tal. Bis etwas vor Calvi gab es wieder spannende Strassen, bei denen &hellip; <a href=\"http:\/\/fridolin.vw-bulli.net\/?p=575\" class=\"more-link\"><span class=\"screen-reader-text\">&#8222;Weiter nach Ile Rousse\u00a0&#8220; <\/span>weiterlesen<\/a><\/p>\n<div class=\"sharedaddy sd-sharing-enabled\"><div class=\"robots-nocontent sd-block sd-social sd-social-icon-text sd-sharing\"><h3 class=\"sd-title\">Ich bin dann mal weg ...<\/h3><div class=\"sd-content\"><ul><li><a href=\"#\" class=\"sharing-anchor sd-button share-more\"><span>Teilen<\/span><\/a><\/li><li class=\"share-end\"><\/li><\/ul><div class=\"sharing-hidden\"><div class=\"inner\" style=\"display: none;\"><ul><li class=\"share-facebook\"><a rel=\"nofollow noopener noreferrer\" data-shared=\"sharing-facebook-575\" class=\"share-facebook sd-button share-icon\" href=\"http:\/\/fridolin.vw-bulli.net\/?p=575&amp;share=facebook\" target=\"_blank\" title=\"Klick, um auf Facebook zu teilen\"><span>Facebook<\/span><\/a><\/li><li class=\"share-twitter\"><a rel=\"nofollow noopener noreferrer\" data-shared=\"sharing-twitter-575\" class=\"share-twitter sd-button share-icon\" href=\"http:\/\/fridolin.vw-bulli.net\/?p=575&amp;share=twitter\" target=\"_blank\" title=\"Klick, um \u00fcber Twitter zu teilen\"><span>Twitter<\/span><\/a><\/li><li class=\"share-end\"><\/li><li class=\"share-end\"><\/li><\/ul><\/div><\/div><\/div><\/div><\/div>","protected":false},"author":1,"featured_media":0,"comment_status":"open","ping_status":"open","sticky":false,"template":"","format":"standard","meta":{"spay_email":"","jetpack_publicize_message":"","jetpack_is_tweetstorm":false,"jetpack_publicize_feature_enabled":true},"categories":[4],"tags":[],"jetpack_featured_media_url":"","jetpack_publicize_connections":[],"jetpack_sharing_enabled":true,"jetpack_shortlink":"https:\/\/wp.me\/pcLMis-9h","jetpack_likes_enabled":true,"_links":{"self":[{"href":"http:\/\/fridolin.vw-bulli.net\/index.php?rest_route=\/wp\/v2\/posts\/575"}],"collection":[{"href":"http:\/\/fridolin.vw-bulli.net\/index.php?rest_route=\/wp\/v2\/posts"}],"about":[{"href":"http:\/\/fridolin.vw-bulli.net\/index.php?rest_route=\/wp\/v2\/types\/post"}],"author":[{"embeddable":true,"href":"http:\/\/fridolin.vw-bulli.net\/index.php?rest_route=\/wp\/v2\/users\/1"}],"replies":[{"embeddable":true,"href":"http:\/\/fridolin.vw-bulli.net\/index.php?rest_route=%2Fwp%2Fv2%2Fcomments&post=575"}],"version-history":[{"count":2,"href":"http:\/\/fridolin.vw-bulli.net\/index.php?rest_route=\/wp\/v2\/posts\/575\/revisions"}],"predecessor-version":[{"id":786,"href":"http:\/\/fridolin.vw-bulli.net\/index.php?rest_route=\/wp\/v2\/posts\/575\/revisions\/786"}],"wp:attachment":[{"href":"http:\/\/fridolin.vw-bulli.net\/index.php?rest_route=%2Fwp%2Fv2%2Fmedia&parent=575"}],"wp:term":[{"taxonomy":"category","embeddable":true,"href":"http:\/\/fridolin.vw-bulli.net\/index.php?rest_route=%2Fwp%2Fv2%2Fcategories&post=575"},{"taxonomy":"post_tag","embeddable":true,"href":"http:\/\/fridolin.vw-bulli.net\/index.php?rest_route=%2Fwp%2Fv2%2Ftags&post=575"}],"curies":[{"name":"wp","href":"https:\/\/api.w.org\/{rel}","templated":true}]}}