{"id":553,"date":"2016-08-22T17:49:26","date_gmt":"2016-08-22T15:49:26","guid":{"rendered":"http:\/\/fridolin.vw-bulli.net\/?p=553"},"modified":"2016-08-22T17:49:26","modified_gmt":"2016-08-22T15:49:26","slug":"still-alive","status":"publish","type":"post","link":"http:\/\/fridolin.vw-bulli.net\/?p=553","title":{"rendered":"Still alive"},"content":{"rendered":"<p>So, nach ein paar Tagen Funkstille zumindest ein kurzes Lebenszeichen. Da es hier kein wirklich brauchbares Internet gibt und auch das Wifi an der Rezeption nicht viel besser ist, heute keine Bilder, aber das hole ich die Tage nach.<\/p>\n<p>Leider hatte ich mit dem Harpunenfischen noch kein Gl\u00fcck und musste doch auf meinen K\u00fchlschrankinhalt zur\u00fcck greifen. Einen Tag konnte man super schnorcheln, aber ich hatte wohl zu wenig Zielwasser getrunken. Am n\u00e4chsten Tag konnte ich lediglich am Morgen ins Meer, da die Wellen ab Mittag viel zu hoch und die Str\u00f6mungen zu stark waren. Gestern das selbe und auch heute.<\/p>\n<p>Gestern sind jedoch neue Nachbarn gekommen und da es einfach Spass zusammen macht, wurde die Abreise doch nochmal verschoben und ich werde erst morgen weiterfahren, \u00fcber Calvi Richtung L\u00b4ille Rousse. Ab Calvi soll es auch wieder eine gut ausgebaute Strasse geben.<\/p>\n<p>So, nun ist auch schon wieder Schluss, da die Nachbarn und ich gleich gemeinsam grillen und kochen.<\/p>\n<div class=\"sharedaddy sd-sharing-enabled\"><div class=\"robots-nocontent sd-block sd-social sd-social-icon-text sd-sharing\"><h3 class=\"sd-title\">Ich bin dann mal weg ...<\/h3><div class=\"sd-content\"><ul><li><a href=\"#\" class=\"sharing-anchor sd-button share-more\"><span>Teilen<\/span><\/a><\/li><li class=\"share-end\"><\/li><\/ul><div class=\"sharing-hidden\"><div class=\"inner\" style=\"display: none;\"><ul><li class=\"share-facebook\"><a rel=\"nofollow noopener noreferrer\" data-shared=\"sharing-facebook-553\" class=\"share-facebook sd-button share-icon\" href=\"http:\/\/fridolin.vw-bulli.net\/?p=553&amp;share=facebook\" target=\"_blank\" title=\"Klick, um auf Facebook zu teilen\"><span>Facebook<\/span><\/a><\/li><li class=\"share-twitter\"><a rel=\"nofollow noopener noreferrer\" data-shared=\"sharing-twitter-553\" class=\"share-twitter sd-button share-icon\" href=\"http:\/\/fridolin.vw-bulli.net\/?p=553&amp;share=twitter\" target=\"_blank\" title=\"Klick, um \u00fcber Twitter zu teilen\"><span>Twitter<\/span><\/a><\/li><li class=\"share-end\"><\/li><li class=\"share-end\"><\/li><\/ul><\/div><\/div><\/div><\/div><\/div>","protected":false},"excerpt":{"rendered":"<p>So, nach ein paar Tagen Funkstille zumindest ein kurzes Lebenszeichen. Da es hier kein wirklich brauchbares Internet gibt und auch das Wifi an der Rezeption nicht viel besser ist, heute keine Bilder, aber das hole ich die Tage nach. Leider hatte ich mit dem Harpunenfischen noch kein Gl\u00fcck und musste doch auf meinen K\u00fchlschrankinhalt zur\u00fcck &hellip; <a href=\"http:\/\/fridolin.vw-bulli.net\/?p=553\" class=\"more-link\"><span class=\"screen-reader-text\">&#8222;Still alive&#8220; <\/span>weiterlesen<\/a><\/p>\n<div class=\"sharedaddy sd-sharing-enabled\"><div class=\"robots-nocontent sd-block sd-social sd-social-icon-text sd-sharing\"><h3 class=\"sd-title\">Ich bin dann mal weg ...<\/h3><div class=\"sd-content\"><ul><li><a href=\"#\" class=\"sharing-anchor sd-button share-more\"><span>Teilen<\/span><\/a><\/li><li class=\"share-end\"><\/li><\/ul><div class=\"sharing-hidden\"><div class=\"inner\" style=\"display: none;\"><ul><li class=\"share-facebook\"><a rel=\"nofollow noopener noreferrer\" data-shared=\"sharing-facebook-553\" class=\"share-facebook sd-button share-icon\" href=\"http:\/\/fridolin.vw-bulli.net\/?p=553&amp;share=facebook\" target=\"_blank\" title=\"Klick, um auf Facebook zu teilen\"><span>Facebook<\/span><\/a><\/li><li class=\"share-twitter\"><a rel=\"nofollow noopener noreferrer\" data-shared=\"sharing-twitter-553\" class=\"share-twitter sd-button share-icon\" href=\"http:\/\/fridolin.vw-bulli.net\/?p=553&amp;share=twitter\" target=\"_blank\" title=\"Klick, um \u00fcber Twitter zu teilen\"><span>Twitter<\/span><\/a><\/li><li class=\"share-end\"><\/li><li class=\"share-end\"><\/li><\/ul><\/div><\/div><\/div><\/div><\/div>","protected":false},"author":1,"featured_media":0,"comment_status":"open","ping_status":"open","sticky":false,"template":"","format":"standard","meta":{"spay_email":"","jetpack_publicize_message":"","jetpack_is_tweetstorm":false,"jetpack_publicize_feature_enabled":true},"categories":[4],"tags":[],"jetpack_featured_media_url":"","jetpack_publicize_connections":[],"jetpack_sharing_enabled":true,"jetpack_shortlink":"https:\/\/wp.me\/pcLMis-8V","jetpack_likes_enabled":true,"_links":{"self":[{"href":"http:\/\/fridolin.vw-bulli.net\/index.php?rest_route=\/wp\/v2\/posts\/553"}],"collection":[{"href":"http:\/\/fridolin.vw-bulli.net\/index.php?rest_route=\/wp\/v2\/posts"}],"about":[{"href":"http:\/\/fridolin.vw-bulli.net\/index.php?rest_route=\/wp\/v2\/types\/post"}],"author":[{"embeddable":true,"href":"http:\/\/fridolin.vw-bulli.net\/index.php?rest_route=\/wp\/v2\/users\/1"}],"replies":[{"embeddable":true,"href":"http:\/\/fridolin.vw-bulli.net\/index.php?rest_route=%2Fwp%2Fv2%2Fcomments&post=553"}],"version-history":[{"count":1,"href":"http:\/\/fridolin.vw-bulli.net\/index.php?rest_route=\/wp\/v2\/posts\/553\/revisions"}],"predecessor-version":[{"id":554,"href":"http:\/\/fridolin.vw-bulli.net\/index.php?rest_route=\/wp\/v2\/posts\/553\/revisions\/554"}],"wp:attachment":[{"href":"http:\/\/fridolin.vw-bulli.net\/index.php?rest_route=%2Fwp%2Fv2%2Fmedia&parent=553"}],"wp:term":[{"taxonomy":"category","embeddable":true,"href":"http:\/\/fridolin.vw-bulli.net\/index.php?rest_route=%2Fwp%2Fv2%2Fcategories&post=553"},{"taxonomy":"post_tag","embeddable":true,"href":"http:\/\/fridolin.vw-bulli.net\/index.php?rest_route=%2Fwp%2Fv2%2Ftags&post=553"}],"curies":[{"name":"wp","href":"https:\/\/api.w.org\/{rel}","templated":true}]}}