{"id":552,"date":"2016-08-19T19:18:07","date_gmt":"2016-08-19T17:18:07","guid":{"rendered":"http:\/\/fridolin.vw-bulli.net\/2016\/08\/19\/baie-de-crovani\/"},"modified":"2016-08-22T17:50:41","modified_gmt":"2016-08-22T15:50:41","slug":"baie-de-crovani","status":"publish","type":"post","link":"http:\/\/fridolin.vw-bulli.net\/?p=552","title":{"rendered":"Baie de Crovani"},"content":{"rendered":"<p>Nach 3 N\u00e4chten in Porto hiess es weiterreisen. Immer auf der D81B, vorbei an Galeria und dem Fangotal (das steht auch noch auf meiner todo Liste) in die Bucht von Crovani auf dem Campingplatz La Morsetta. Dieser liegt mal wieder absolut abseits der Zivilisation. Ausgesucht habe ich ihn mir, da es in der Bucht wohl viele Fische gibt (Von Barschen, Brassen \u00fcber Rochen bis hin zu Mur\u00e4nen) und ich mir vorgenommen habe, mal selber f\u00fcr Nahrung zu sorgen. Deshalb geht es morgen mit der Harpune ins Wasser. Mal schauen ob ich verhungern muss \ud83d\ude0f Ausserdem soll man von hier aus wohl eine kleine Wanderung machen k\u00f6nnen um Schildkr\u00f6ten zu sehen. Die kommen aber nicht in den Suppentopf.<\/p>\n<p>Die Fahrt war wieder spannend. Was der Bus hier zu suchen hat, habe ich nicht verstanden.<\/p>\n<p><a href=\"http:\/\/fridolin.vw-bulli.net\/wp-content\/uploads\/2016\/08\/img_3446.jpg\"><img loading=\"lazy\" class=\"alignnone size-full wp-image-550\" src=\"http:\/\/fridolin.vw-bulli.net\/wp-content\/uploads\/2016\/08\/img_3446.jpg\" alt=\"\" width=\"1000\" height=\"750\" srcset=\"http:\/\/fridolin.vw-bulli.net\/wp-content\/uploads\/2016\/08\/img_3446.jpg 1000w, http:\/\/fridolin.vw-bulli.net\/wp-content\/uploads\/2016\/08\/img_3446-500x375.jpg 500w\" sizes=\"(max-width: 709px) 85vw, (max-width: 909px) 67vw, (max-width: 1362px) 62vw, 840px\" \/><\/a>Das war Anfangs stop and go, da die anderen st\u00e4ndig bis zur n\u00e4chsten Einbuchtung zur\u00fccksetzen mussten, damit der Bus vorbei kommt. Normalerweise sind Fridolin und ich diejenigen die \u00fcberholt werden. Heute haben wir bergauf die Chance genutzt und \u00fcberholt. Fridolin wollte wohl doch mal (Berg)Rennwagen werden \ud83d\ude0b<br \/>\nSo sieht \u00fcbrigens die Navianzeige auf Korsika aus und diese Angaben sind sehr optimistisch.<\/p>\n<p><a href=\"http:\/\/fridolin.vw-bulli.net\/wp-content\/uploads\/2016\/08\/img_3447.jpg\"><img loading=\"lazy\" class=\"alignnone size-full wp-image-548\" src=\"http:\/\/fridolin.vw-bulli.net\/wp-content\/uploads\/2016\/08\/img_3447.jpg\" alt=\"\" width=\"1000\" height=\"750\" srcset=\"http:\/\/fridolin.vw-bulli.net\/wp-content\/uploads\/2016\/08\/img_3447.jpg 1000w, http:\/\/fridolin.vw-bulli.net\/wp-content\/uploads\/2016\/08\/img_3447-500x375.jpg 500w\" sizes=\"(max-width: 709px) 85vw, (max-width: 909px) 67vw, (max-width: 1362px) 62vw, 840px\" \/><\/a>Somit sind wir gut vorangekommen und konnten die 58KM in nur etwas \u00fcber 2 Stunden hinter uns bringen. Fast schon rekordverd\u00e4chtig schnell \ud83e\udd18<\/p>\n<p><a href=\"http:\/\/fridolin.vw-bulli.net\/wp-content\/uploads\/2016\/08\/img_3464.jpg\"><img loading=\"lazy\" class=\"alignnone size-full wp-image-546\" src=\"http:\/\/fridolin.vw-bulli.net\/wp-content\/uploads\/2016\/08\/img_3464.jpg\" alt=\"\" width=\"500\" height=\"374\" \/><\/a><a href=\"http:\/\/fridolin.vw-bulli.net\/wp-content\/uploads\/2016\/08\/img_3461.jpg\"><img loading=\"lazy\" class=\"alignnone size-full wp-image-547\" src=\"http:\/\/fridolin.vw-bulli.net\/wp-content\/uploads\/2016\/08\/img_3461.jpg\" alt=\"\" width=\"1000\" height=\"750\" srcset=\"http:\/\/fridolin.vw-bulli.net\/wp-content\/uploads\/2016\/08\/img_3461.jpg 1000w, http:\/\/fridolin.vw-bulli.net\/wp-content\/uploads\/2016\/08\/img_3461-500x375.jpg 500w\" sizes=\"(max-width: 709px) 85vw, (max-width: 909px) 67vw, (max-width: 1362px) 62vw, 840px\" \/><\/a><a href=\"http:\/\/fridolin.vw-bulli.net\/wp-content\/uploads\/2016\/08\/img_3455.jpg\"><img loading=\"lazy\" class=\"alignnone size-full wp-image-544\" src=\"http:\/\/fridolin.vw-bulli.net\/wp-content\/uploads\/2016\/08\/img_3455.jpg\" alt=\"\" width=\"1000\" height=\"750\" srcset=\"http:\/\/fridolin.vw-bulli.net\/wp-content\/uploads\/2016\/08\/img_3455.jpg 1000w, http:\/\/fridolin.vw-bulli.net\/wp-content\/uploads\/2016\/08\/img_3455-500x375.jpg 500w\" sizes=\"(max-width: 709px) 85vw, (max-width: 909px) 67vw, (max-width: 1362px) 62vw, 840px\" \/><\/a><a href=\"http:\/\/fridolin.vw-bulli.net\/wp-content\/uploads\/2016\/08\/img_3453.jpg\"><img loading=\"lazy\" class=\"alignnone size-full wp-image-545\" src=\"http:\/\/fridolin.vw-bulli.net\/wp-content\/uploads\/2016\/08\/img_3453.jpg\" alt=\"\" width=\"1000\" height=\"750\" srcset=\"http:\/\/fridolin.vw-bulli.net\/wp-content\/uploads\/2016\/08\/img_3453.jpg 1000w, http:\/\/fridolin.vw-bulli.net\/wp-content\/uploads\/2016\/08\/img_3453-500x375.jpg 500w\" sizes=\"(max-width: 709px) 85vw, (max-width: 909px) 67vw, (max-width: 1362px) 62vw, 840px\" \/><\/a>Nach Aufbau, einem ausgiebigen Schw\u00e4tzchen mit den Ulmer Nachbarn (Der Hamburger musste leider los nach Corte zum Arzt, da seine Freundin Bekanntschaft mit einer Qualle gemacht hat)<\/p>\n<p><a href=\"http:\/\/fridolin.vw-bulli.net\/wp-content\/uploads\/2016\/08\/img_3473.jpg\"><img loading=\"lazy\" class=\"alignnone size-full wp-image-549\" src=\"http:\/\/fridolin.vw-bulli.net\/wp-content\/uploads\/2016\/08\/img_3473.jpg\" alt=\"\" width=\"1000\" height=\"750\" srcset=\"http:\/\/fridolin.vw-bulli.net\/wp-content\/uploads\/2016\/08\/img_3473.jpg 1000w, http:\/\/fridolin.vw-bulli.net\/wp-content\/uploads\/2016\/08\/img_3473-500x375.jpg 500w\" sizes=\"(max-width: 709px) 85vw, (max-width: 909px) 67vw, (max-width: 1362px) 62vw, 840px\" \/><\/a>Und einem versp\u00e4teten Mittagschl\u00e4fchen geht es noch kurz an den Strand und dann an&#8217;s Kochen.<\/p>\n<p><a href=\"http:\/\/fridolin.vw-bulli.net\/wp-content\/uploads\/2016\/08\/img_3475.jpg\"><img loading=\"lazy\" class=\"alignnone size-full wp-image-551\" src=\"http:\/\/fridolin.vw-bulli.net\/wp-content\/uploads\/2016\/08\/img_3475.jpg\" alt=\"\" width=\"1000\" height=\"750\" srcset=\"http:\/\/fridolin.vw-bulli.net\/wp-content\/uploads\/2016\/08\/img_3475.jpg 1000w, http:\/\/fridolin.vw-bulli.net\/wp-content\/uploads\/2016\/08\/img_3475-500x375.jpg 500w\" sizes=\"(max-width: 709px) 85vw, (max-width: 909px) 67vw, (max-width: 1362px) 62vw, 840px\" \/><\/a><\/p>\n<div class=\"sharedaddy sd-sharing-enabled\"><div class=\"robots-nocontent sd-block sd-social sd-social-icon-text sd-sharing\"><h3 class=\"sd-title\">Ich bin dann mal weg ...<\/h3><div class=\"sd-content\"><ul><li><a href=\"#\" class=\"sharing-anchor sd-button share-more\"><span>Teilen<\/span><\/a><\/li><li class=\"share-end\"><\/li><\/ul><div class=\"sharing-hidden\"><div class=\"inner\" style=\"display: none;\"><ul><li class=\"share-facebook\"><a rel=\"nofollow noopener noreferrer\" data-shared=\"sharing-facebook-552\" class=\"share-facebook sd-button share-icon\" href=\"http:\/\/fridolin.vw-bulli.net\/?p=552&amp;share=facebook\" target=\"_blank\" title=\"Klick, um auf Facebook zu teilen\"><span>Facebook<\/span><\/a><\/li><li class=\"share-twitter\"><a rel=\"nofollow noopener noreferrer\" data-shared=\"sharing-twitter-552\" class=\"share-twitter sd-button share-icon\" href=\"http:\/\/fridolin.vw-bulli.net\/?p=552&amp;share=twitter\" target=\"_blank\" title=\"Klick, um \u00fcber Twitter zu teilen\"><span>Twitter<\/span><\/a><\/li><li class=\"share-end\"><\/li><li class=\"share-end\"><\/li><\/ul><\/div><\/div><\/div><\/div><\/div>","protected":false},"excerpt":{"rendered":"<p>Nach 3 N\u00e4chten in Porto hiess es weiterreisen. Immer auf der D81B, vorbei an Galeria und dem Fangotal (das steht auch noch auf meiner todo Liste) in die Bucht von Crovani auf dem Campingplatz La Morsetta. Dieser liegt mal wieder absolut abseits der Zivilisation. Ausgesucht habe ich ihn mir, da es in der Bucht wohl &hellip; <a href=\"http:\/\/fridolin.vw-bulli.net\/?p=552\" class=\"more-link\"><span class=\"screen-reader-text\">&#8222;Baie de Crovani&#8220; <\/span>weiterlesen<\/a><\/p>\n<div class=\"sharedaddy sd-sharing-enabled\"><div class=\"robots-nocontent sd-block sd-social sd-social-icon-text sd-sharing\"><h3 class=\"sd-title\">Ich bin dann mal weg ...<\/h3><div class=\"sd-content\"><ul><li><a href=\"#\" class=\"sharing-anchor sd-button share-more\"><span>Teilen<\/span><\/a><\/li><li class=\"share-end\"><\/li><\/ul><div class=\"sharing-hidden\"><div class=\"inner\" style=\"display: none;\"><ul><li class=\"share-facebook\"><a rel=\"nofollow noopener noreferrer\" data-shared=\"sharing-facebook-552\" class=\"share-facebook sd-button share-icon\" href=\"http:\/\/fridolin.vw-bulli.net\/?p=552&amp;share=facebook\" target=\"_blank\" title=\"Klick, um auf Facebook zu teilen\"><span>Facebook<\/span><\/a><\/li><li class=\"share-twitter\"><a rel=\"nofollow noopener noreferrer\" data-shared=\"sharing-twitter-552\" class=\"share-twitter sd-button share-icon\" href=\"http:\/\/fridolin.vw-bulli.net\/?p=552&amp;share=twitter\" target=\"_blank\" title=\"Klick, um \u00fcber Twitter zu teilen\"><span>Twitter<\/span><\/a><\/li><li class=\"share-end\"><\/li><li class=\"share-end\"><\/li><\/ul><\/div><\/div><\/div><\/div><\/div>","protected":false},"author":1,"featured_media":0,"comment_status":"open","ping_status":"open","sticky":false,"template":"","format":"standard","meta":{"spay_email":"","jetpack_publicize_message":"","jetpack_is_tweetstorm":false,"jetpack_publicize_feature_enabled":true},"categories":[4],"tags":[],"jetpack_featured_media_url":"","jetpack_publicize_connections":[],"jetpack_sharing_enabled":true,"jetpack_shortlink":"https:\/\/wp.me\/pcLMis-8U","jetpack_likes_enabled":true,"_links":{"self":[{"href":"http:\/\/fridolin.vw-bulli.net\/index.php?rest_route=\/wp\/v2\/posts\/552"}],"collection":[{"href":"http:\/\/fridolin.vw-bulli.net\/index.php?rest_route=\/wp\/v2\/posts"}],"about":[{"href":"http:\/\/fridolin.vw-bulli.net\/index.php?rest_route=\/wp\/v2\/types\/post"}],"author":[{"embeddable":true,"href":"http:\/\/fridolin.vw-bulli.net\/index.php?rest_route=\/wp\/v2\/users\/1"}],"replies":[{"embeddable":true,"href":"http:\/\/fridolin.vw-bulli.net\/index.php?rest_route=%2Fwp%2Fv2%2Fcomments&post=552"}],"version-history":[{"count":1,"href":"http:\/\/fridolin.vw-bulli.net\/index.php?rest_route=\/wp\/v2\/posts\/552\/revisions"}],"predecessor-version":[{"id":555,"href":"http:\/\/fridolin.vw-bulli.net\/index.php?rest_route=\/wp\/v2\/posts\/552\/revisions\/555"}],"wp:attachment":[{"href":"http:\/\/fridolin.vw-bulli.net\/index.php?rest_route=%2Fwp%2Fv2%2Fmedia&parent=552"}],"wp:term":[{"taxonomy":"category","embeddable":true,"href":"http:\/\/fridolin.vw-bulli.net\/index.php?rest_route=%2Fwp%2Fv2%2Fcategories&post=552"},{"taxonomy":"post_tag","embeddable":true,"href":"http:\/\/fridolin.vw-bulli.net\/index.php?rest_route=%2Fwp%2Fv2%2Ftags&post=552"}],"curies":[{"name":"wp","href":"https:\/\/api.w.org\/{rel}","templated":true}]}}