{"id":493,"date":"2016-08-17T12:42:20","date_gmt":"2016-08-17T10:42:20","guid":{"rendered":"http:\/\/fridolin.vw-bulli.net\/2016\/08\/17\/campingplaetze-auf-korsika\/"},"modified":"2016-08-17T17:41:34","modified_gmt":"2016-08-17T15:41:34","slug":"campingplaetze-auf-korsika","status":"publish","type":"post","link":"http:\/\/fridolin.vw-bulli.net\/?p=493","title":{"rendered":"Campingpl\u00e4tze auf Korsika\u00a0"},"content":{"rendered":"<p>Da ich nun doch schon ein paar Campingpl\u00e4tze auf Korsika besucht habe ein kleiner \u00dcberblick f\u00fcr all jene, die auch einen Campingplatz auf Korsika suchen.&nbsp;<\/p>\n<p>Ich vergebe 1-5 * in den Kategorien&nbsp;<\/p>\n<p>Atmosph\u00e4re&nbsp;<\/p>\n<p>Sanit\u00e4ranlagen<\/p>\n<p>Schatten (nicht zu untersch\u00e4tzen)<\/p>\n<p>Preis\/Leistung&nbsp;<\/p>\n<p>Nat\u00fcrlich handelt es sich hierbei um eine subjektive Bewertung.&nbsp;<\/p>\n<p><b>&#8212;<\/b><\/p>\n<p><b>San Damiano<\/b> (bei Bastia, 20min vom Hafen entfernt)<\/p>\n<p><b>Atmosph\u00e4re:<\/b> ****<\/p>\n<p><b>Sanit\u00e4ranlagen<\/b>: ****<\/p>\n<p><b>Schatten:<\/b> ****<\/p>\n<p><b>Preis\/Leistung:<\/b> ****<\/p>\n<p><b>Sonstiges:<\/b>&nbsp;Direkter Strandzugang (Sandstrand). Grosser gut sortierter Supermarkt mit sehr fairen Preisen.&nbsp;<\/p>\n<p><a href=\"http:\/\/fridolin.vw-bulli.net\/wp-content\/uploads\/2016\/08\/img_2920.jpg\"><img loading=\"lazy\" src=\"http:\/\/fridolin.vw-bulli.net\/wp-content\/uploads\/2016\/08\/img_2920.jpg\" alt=\"\" width=\"374\" height=\"280\" class=\"alignnone size-full wp-image-517\"><\/a><a href=\"http:\/\/fridolin.vw-bulli.net\/wp-content\/uploads\/2016\/08\/img_2919.jpg\"><img loading=\"lazy\" src=\"http:\/\/fridolin.vw-bulli.net\/wp-content\/uploads\/2016\/08\/img_2919.jpg\" alt=\"\" width=\"1000\" height=\"750\" class=\"alignnone size-full wp-image-518\" srcset=\"http:\/\/fridolin.vw-bulli.net\/wp-content\/uploads\/2016\/08\/img_2919.jpg 1000w, http:\/\/fridolin.vw-bulli.net\/wp-content\/uploads\/2016\/08\/img_2919-500x375.jpg 500w\" sizes=\"(max-width: 709px) 85vw, (max-width: 909px) 67vw, (max-width: 1362px) 62vw, 840px\" \/><\/a><a href=\"http:\/\/fridolin.vw-bulli.net\/wp-content\/uploads\/2016\/08\/img_2921.jpg\"><img loading=\"lazy\" src=\"http:\/\/fridolin.vw-bulli.net\/wp-content\/uploads\/2016\/08\/img_2921.jpg\" alt=\"\" width=\"1000\" height=\"750\" class=\"alignnone size-full wp-image-519\" srcset=\"http:\/\/fridolin.vw-bulli.net\/wp-content\/uploads\/2016\/08\/img_2921.jpg 1000w, http:\/\/fridolin.vw-bulli.net\/wp-content\/uploads\/2016\/08\/img_2921-500x375.jpg 500w\" sizes=\"(max-width: 709px) 85vw, (max-width: 909px) 67vw, (max-width: 1362px) 62vw, 840px\" \/><\/a><a href=\"http:\/\/fridolin.vw-bulli.net\/wp-content\/uploads\/2016\/08\/img_2945.jpg\"><img loading=\"lazy\" src=\"http:\/\/fridolin.vw-bulli.net\/wp-content\/uploads\/2016\/08\/img_2945.jpg\" alt=\"\" width=\"374\" height=\"86\" class=\"alignnone size-full wp-image-516\"><\/a><br \/>\n&#8212;<br \/>\n<b>Ras l&#8217;Bol:<\/b>&nbsp;(Propriano)<\/p>\n<p><b>Atmosph\u00e4re<\/b>: ****<\/p>\n<p><b>Sanit\u00e4ranlagen<\/b>: ****<\/p>\n<p><b>Schatten<\/b>: *****<\/p>\n<p><b>Preis\/Leistung<\/b>: ****<\/p>\n<p><b>Sonstiges<\/b>: Sehr netter Enpfang. Strand gegen\u00fcber der Strasse. Es lohnt sich am Strand entlang zu gehen da man so viele Sand und Steinbuchten zur Auswahl hat. Supermarkt in 700m Entfernung.&nbsp;<\/p>\n<p><a href=\"http:\/\/fridolin.vw-bulli.net\/wp-content\/uploads\/2016\/08\/img_3094.jpg\"><img loading=\"lazy\" src=\"http:\/\/fridolin.vw-bulli.net\/wp-content\/uploads\/2016\/08\/img_3094.jpg\" alt=\"\" width=\"374\" height=\"280\" class=\"alignnone size-full wp-image-511\"><\/a><a href=\"http:\/\/fridolin.vw-bulli.net\/wp-content\/uploads\/2016\/08\/img_3092.jpg\"><img loading=\"lazy\" src=\"http:\/\/fridolin.vw-bulli.net\/wp-content\/uploads\/2016\/08\/img_3092.jpg\" alt=\"\" width=\"1000\" height=\"750\" class=\"alignnone size-full wp-image-513\" srcset=\"http:\/\/fridolin.vw-bulli.net\/wp-content\/uploads\/2016\/08\/img_3092.jpg 1000w, http:\/\/fridolin.vw-bulli.net\/wp-content\/uploads\/2016\/08\/img_3092-500x375.jpg 500w\" sizes=\"(max-width: 709px) 85vw, (max-width: 909px) 67vw, (max-width: 1362px) 62vw, 840px\" \/><\/a><a href=\"http:\/\/fridolin.vw-bulli.net\/wp-content\/uploads\/2016\/08\/img_3096.jpg\"><img loading=\"lazy\" src=\"http:\/\/fridolin.vw-bulli.net\/wp-content\/uploads\/2016\/08\/img_3096.jpg\" alt=\"\" width=\"750\" height=\"1000\" class=\"alignnone size-full wp-image-514\" srcset=\"http:\/\/fridolin.vw-bulli.net\/wp-content\/uploads\/2016\/08\/img_3096.jpg 750w, http:\/\/fridolin.vw-bulli.net\/wp-content\/uploads\/2016\/08\/img_3096-500x667.jpg 500w\" sizes=\"(max-width: 709px) 85vw, (max-width: 909px) 67vw, (max-width: 984px) 61vw, (max-width: 1362px) 45vw, 600px\" \/><\/a><a href=\"http:\/\/fridolin.vw-bulli.net\/wp-content\/uploads\/2016\/08\/img_3095.jpg\"><img loading=\"lazy\" src=\"http:\/\/fridolin.vw-bulli.net\/wp-content\/uploads\/2016\/08\/img_3095.jpg\" alt=\"\" width=\"750\" height=\"1000\" class=\"alignnone size-full wp-image-512\" srcset=\"http:\/\/fridolin.vw-bulli.net\/wp-content\/uploads\/2016\/08\/img_3095.jpg 750w, http:\/\/fridolin.vw-bulli.net\/wp-content\/uploads\/2016\/08\/img_3095-500x667.jpg 500w\" sizes=\"(max-width: 709px) 85vw, (max-width: 909px) 67vw, (max-width: 984px) 61vw, (max-width: 1362px) 45vw, 600px\" \/><\/a><br \/>\n&#8212;<\/p>\n<p><b>Rondinara<\/b> (Rondinara Bucht)<\/p>\n<p><b>Atmosph\u00e4re<\/b>: ****<\/p>\n<p><b>Sanit\u00e4ranlagen<\/b>: ****<\/p>\n<p><b>Schatten<\/b>: ***<\/p>\n<p><b>Preis\/Leistung<\/b>: ****<\/p>\n<p><b>Sonstiges<\/b>: Der Blick beim 5 Minuten Marsch zur Bucht ist Atemberaubend. Unbedingt Proviant mitnehmen da ca. 30 Minuten vom n\u00e4chsten Supermarkt entfernt und der Mini Campingladen exorbitante Preise hat (Flasche Orangina 4,40\u20ac). Fr\u00fch da sein um einen guten Platz zu bekommen. Notfalls irgendeinen nehmen und am n\u00e4chsten Morgen (vor 7:30 Uhr schauen wer abreist und gleich den Platz mit Tisch und Stuhl besetzen). Keine Reservierung vorab m\u00f6glich.&nbsp;<\/p>\n<p><a href=\"http:\/\/fridolin.vw-bulli.net\/wp-content\/uploads\/2016\/08\/img_3066.jpg\"><img loading=\"lazy\" src=\"http:\/\/fridolin.vw-bulli.net\/wp-content\/uploads\/2016\/08\/img_3066.jpg\" alt=\"\" width=\"374\" height=\"80\" class=\"alignnone size-full wp-image-510\"><\/a><br \/>\n<b>&#8212;<\/b><\/p>\n<p><b>U Rosmarinu<\/b> (bei Solenzara ins Solenzara Tal abbiegen und nach ca. 7 KM auf der rechten Seite)<\/p>\n<p><b>Atmosph\u00e4re<\/b>: *****<\/p>\n<p><b>Sanit\u00e4ranlagen<\/b>: **** (sehr sauber aber nicht all zu viele)<\/p>\n<p><b>Schatten<\/b>: *****<\/p>\n<p><b>Preis\/Leistung<\/b>: *****<\/p>\n<p><b>Sonstiges<\/b>: Sehr kleiner und sehr sch\u00f6ner Platz, direkt an den Silenzara Badegumpen. Kein Strom aber es k\u00f6nnen K\u00fchlf\u00e4cher gemietet werden. Auch hier unbedingt Proviant mitnehmen da es keinen Laden gibt. Baguette und Croissants k\u00f6nnen am Vortag bestellt werden und am n\u00e4chsten Morgen im Restaurant nebenan abgeholt werden. Es gibt nebenan einen grossen Kletterpfad in den B\u00e4umen, Felsen und \u00fcber die Solenzara hinweg. F\u00fcr alle die Ruhe in den Bergen m\u00f6gen ein absoluter Tipp!<\/p>\n<p><a href=\"http:\/\/fridolin.vw-bulli.net\/wp-content\/uploads\/2016\/08\/img_2960.jpg\"><img loading=\"lazy\" src=\"http:\/\/fridolin.vw-bulli.net\/wp-content\/uploads\/2016\/08\/img_2960.jpg\" alt=\"\" width=\"374\" height=\"280\" class=\"alignnone size-full wp-image-506\"><\/a><a href=\"http:\/\/fridolin.vw-bulli.net\/wp-content\/uploads\/2016\/08\/img_2963.jpg\"><img loading=\"lazy\" src=\"http:\/\/fridolin.vw-bulli.net\/wp-content\/uploads\/2016\/08\/img_2963.jpg\" alt=\"\" width=\"1000\" height=\"750\" class=\"alignnone size-full wp-image-508\" srcset=\"http:\/\/fridolin.vw-bulli.net\/wp-content\/uploads\/2016\/08\/img_2963.jpg 1000w, http:\/\/fridolin.vw-bulli.net\/wp-content\/uploads\/2016\/08\/img_2963-500x375.jpg 500w\" sizes=\"(max-width: 709px) 85vw, (max-width: 909px) 67vw, (max-width: 1362px) 62vw, 840px\" \/><\/a><a href=\"http:\/\/fridolin.vw-bulli.net\/wp-content\/uploads\/2016\/08\/img_2962.jpg\"><img loading=\"lazy\" src=\"http:\/\/fridolin.vw-bulli.net\/wp-content\/uploads\/2016\/08\/img_2962.jpg\" alt=\"\" width=\"1000\" height=\"750\" class=\"alignnone size-full wp-image-509\" srcset=\"http:\/\/fridolin.vw-bulli.net\/wp-content\/uploads\/2016\/08\/img_2962.jpg 1000w, http:\/\/fridolin.vw-bulli.net\/wp-content\/uploads\/2016\/08\/img_2962-500x375.jpg 500w\" sizes=\"(max-width: 709px) 85vw, (max-width: 909px) 67vw, (max-width: 1362px) 62vw, 840px\" \/><\/a><a href=\"http:\/\/fridolin.vw-bulli.net\/wp-content\/uploads\/2016\/08\/img_2974.jpg\"><img loading=\"lazy\" src=\"http:\/\/fridolin.vw-bulli.net\/wp-content\/uploads\/2016\/08\/img_2974.jpg\" alt=\"\" width=\"750\" height=\"1000\" class=\"alignnone size-full wp-image-507\" srcset=\"http:\/\/fridolin.vw-bulli.net\/wp-content\/uploads\/2016\/08\/img_2974.jpg 750w, http:\/\/fridolin.vw-bulli.net\/wp-content\/uploads\/2016\/08\/img_2974-500x667.jpg 500w\" sizes=\"(max-width: 709px) 85vw, (max-width: 909px) 67vw, (max-width: 984px) 61vw, (max-width: 1362px) 45vw, 600px\" \/><\/a><br \/>\n&#8212;<br \/>\n<b>Les Oliviers<\/b> (Porto)<\/p>\n<p><b>Atmosph\u00e4re<\/b>: ****<\/p>\n<p><b>Sanit\u00e4teranlagen<\/b>: ****<\/p>\n<p><b>Schatten<\/b>: *****<\/p>\n<p><b>Preis\/Leistung<\/b>: ****<\/p>\n<p><b>Sonstiges<\/b>: Terrassenartig angelegter Platz mit extrem steilen Auffahrten. F\u00fcr Wihnwagen (Egal welches Zugfahrzeug) oder Wohnmobile nicht geeignet. Supermarkt, B\u00e4cker und viele Restaurants\/Caf\u00e9s nebenan. Die Fahrt von S\u00fcden kommend ist ein echtes Abenteuer mit einer unglaublichen Aussicht.&nbsp;<\/p>\n<p><a href=\"http:\/\/fridolin.vw-bulli.net\/wp-content\/uploads\/2016\/08\/img_3342.jpg\"><img loading=\"lazy\" src=\"http:\/\/fridolin.vw-bulli.net\/wp-content\/uploads\/2016\/08\/img_3342.jpg\" alt=\"\" width=\"374\" height=\"500\" class=\"alignnone size-full wp-image-501\"><\/a><a href=\"http:\/\/fridolin.vw-bulli.net\/wp-content\/uploads\/2016\/08\/img_3341.jpg\"><img loading=\"lazy\" src=\"http:\/\/fridolin.vw-bulli.net\/wp-content\/uploads\/2016\/08\/img_3341.jpg\" alt=\"\" width=\"750\" height=\"1000\" class=\"alignnone size-full wp-image-504\" srcset=\"http:\/\/fridolin.vw-bulli.net\/wp-content\/uploads\/2016\/08\/img_3341.jpg 750w, http:\/\/fridolin.vw-bulli.net\/wp-content\/uploads\/2016\/08\/img_3341-500x667.jpg 500w\" sizes=\"(max-width: 709px) 85vw, (max-width: 909px) 67vw, (max-width: 984px) 61vw, (max-width: 1362px) 45vw, 600px\" \/><\/a><a href=\"http:\/\/fridolin.vw-bulli.net\/wp-content\/uploads\/2016\/08\/img_3306.jpg\"><img loading=\"lazy\" src=\"http:\/\/fridolin.vw-bulli.net\/wp-content\/uploads\/2016\/08\/img_3306.jpg\" alt=\"\" width=\"1000\" height=\"750\" class=\"alignnone size-full wp-image-502\" srcset=\"http:\/\/fridolin.vw-bulli.net\/wp-content\/uploads\/2016\/08\/img_3306.jpg 1000w, http:\/\/fridolin.vw-bulli.net\/wp-content\/uploads\/2016\/08\/img_3306-500x375.jpg 500w\" sizes=\"(max-width: 709px) 85vw, (max-width: 909px) 67vw, (max-width: 1362px) 62vw, 840px\" \/><\/a><a href=\"http:\/\/fridolin.vw-bulli.net\/wp-content\/uploads\/2016\/08\/img_3301.jpg\"><img loading=\"lazy\" src=\"http:\/\/fridolin.vw-bulli.net\/wp-content\/uploads\/2016\/08\/img_3301.jpg\" alt=\"\" width=\"750\" height=\"1000\" class=\"alignnone size-full wp-image-505\" srcset=\"http:\/\/fridolin.vw-bulli.net\/wp-content\/uploads\/2016\/08\/img_3301.jpg 750w, http:\/\/fridolin.vw-bulli.net\/wp-content\/uploads\/2016\/08\/img_3301-500x667.jpg 500w\" sizes=\"(max-width: 709px) 85vw, (max-width: 909px) 67vw, (max-width: 984px) 61vw, (max-width: 1362px) 45vw, 600px\" \/><\/a><a href=\"http:\/\/fridolin.vw-bulli.net\/wp-content\/uploads\/2016\/08\/img_3300-1.jpg\"><img loading=\"lazy\" src=\"http:\/\/fridolin.vw-bulli.net\/wp-content\/uploads\/2016\/08\/img_3300-1.jpg\" alt=\"\" width=\"1000\" height=\"750\" class=\"alignnone size-full wp-image-503\" srcset=\"http:\/\/fridolin.vw-bulli.net\/wp-content\/uploads\/2016\/08\/img_3300-1.jpg 1000w, http:\/\/fridolin.vw-bulli.net\/wp-content\/uploads\/2016\/08\/img_3300-1-500x375.jpg 500w\" sizes=\"(max-width: 709px) 85vw, (max-width: 909px) 67vw, (max-width: 1362px) 62vw, 840px\" \/><\/a><br \/>\n&#8212;<\/p>\n<p><b>A Marina<\/b> (Liscia Bucht)<\/p>\n<p><b>Atmosph\u00e4re<\/b>: **<\/p>\n<p><b>Sanit\u00e4teranlagen<\/b>: ***<\/p>\n<p><b>Schatten<\/b>: **<\/p>\n<p><b>Preis\/Leistung<\/b>: **<\/p>\n<p><b>Sonstiges<\/b>: Direkter Strandzugang. Auf Grund der Lage teilweisen hoher Wellengang bei dem man nicht mehr Baden aber surfen darf. Camping Laden sehr \u00fcberschaubar. An der Rezeption wurde zur Kenntnis genommen, dass wir einen Platz suchen und uns einer zugewiesen. Einen herzlichen Empfang wie bei den anderen Pl\u00e4tzen gab es nicht. War geschickt f\u00fcr die Durchreise aber am n\u00e4chsten morgen sind wir weiter.&nbsp;<\/p>\n<p>&#8212;<\/p>\n<p><b>Sole e Vista<\/b> (Porto)<\/p>\n<p><b>Atmosph\u00e4re<\/b>: ****(*)<\/p>\n<p><b>Sanit\u00e4teranlagen<\/b>: ****<\/p>\n<p><b>Schatten<\/b>: *****<\/p>\n<p><b>Preis\/Leistung<\/b>: ****<\/p>\n<p><b>Sonstiges<\/b>: Diesen Platz habe ich zu Fuss besichtigt, da er direkt neben Les Oliviers liegt. Er ist sehr \u00e4hnlich zu les Oliviers hat aber ein klein wenig bessere Aussicht (vom Restaurant sogar \u00fcber Porto und die Bucht), die Wege sind nicht ganz so steil und die Preise sind minimalst g\u00fcnstiger. Allerdings hat er im Vergleich zu Les Oliviers keinen Fluss Zugang oder den Botanischen Weg.&nbsp;<\/p>\n<p><a href=\"http:\/\/fridolin.vw-bulli.net\/wp-content\/uploads\/2016\/08\/img_3377.jpg\"><img loading=\"lazy\" src=\"http:\/\/fridolin.vw-bulli.net\/wp-content\/uploads\/2016\/08\/img_3377.jpg\" alt=\"\" width=\"1000\" height=\"750\" class=\"alignnone size-full wp-image-521\" srcset=\"http:\/\/fridolin.vw-bulli.net\/wp-content\/uploads\/2016\/08\/img_3377.jpg 1000w, http:\/\/fridolin.vw-bulli.net\/wp-content\/uploads\/2016\/08\/img_3377-500x375.jpg 500w\" sizes=\"(max-width: 709px) 85vw, (max-width: 909px) 67vw, (max-width: 1362px) 62vw, 840px\" \/><\/a><a href=\"http:\/\/fridolin.vw-bulli.net\/wp-content\/uploads\/2016\/08\/img_3375.jpg\"><img loading=\"lazy\" src=\"http:\/\/fridolin.vw-bulli.net\/wp-content\/uploads\/2016\/08\/img_3375.jpg\" alt=\"\" width=\"1000\" height=\"750\" class=\"alignnone size-full wp-image-498\" srcset=\"http:\/\/fridolin.vw-bulli.net\/wp-content\/uploads\/2016\/08\/img_3375.jpg 1000w, http:\/\/fridolin.vw-bulli.net\/wp-content\/uploads\/2016\/08\/img_3375-500x375.jpg 500w\" sizes=\"(max-width: 709px) 85vw, (max-width: 909px) 67vw, (max-width: 1362px) 62vw, 840px\" \/><\/a><a href=\"http:\/\/fridolin.vw-bulli.net\/wp-content\/uploads\/2016\/08\/img_3373.jpg\"><img loading=\"lazy\" src=\"http:\/\/fridolin.vw-bulli.net\/wp-content\/uploads\/2016\/08\/img_3373.jpg\" alt=\"\" width=\"1000\" height=\"750\" class=\"alignnone size-full wp-image-499\" srcset=\"http:\/\/fridolin.vw-bulli.net\/wp-content\/uploads\/2016\/08\/img_3373.jpg 1000w, http:\/\/fridolin.vw-bulli.net\/wp-content\/uploads\/2016\/08\/img_3373-500x375.jpg 500w\" sizes=\"(max-width: 709px) 85vw, (max-width: 909px) 67vw, (max-width: 1362px) 62vw, 840px\" \/><\/a><a href=\"http:\/\/fridolin.vw-bulli.net\/wp-content\/uploads\/2016\/08\/img_3371.jpg\"><img loading=\"lazy\" src=\"http:\/\/fridolin.vw-bulli.net\/wp-content\/uploads\/2016\/08\/img_3371.jpg\" alt=\"\" width=\"750\" height=\"1000\" class=\"alignnone size-full wp-image-500\" srcset=\"http:\/\/fridolin.vw-bulli.net\/wp-content\/uploads\/2016\/08\/img_3371.jpg 750w, http:\/\/fridolin.vw-bulli.net\/wp-content\/uploads\/2016\/08\/img_3371-500x667.jpg 500w\" sizes=\"(max-width: 709px) 85vw, (max-width: 909px) 67vw, (max-width: 984px) 61vw, (max-width: 1362px) 45vw, 600px\" \/><\/a><\/p>\n<div class=\"sharedaddy sd-sharing-enabled\"><div class=\"robots-nocontent sd-block sd-social sd-social-icon-text sd-sharing\"><h3 class=\"sd-title\">Ich bin dann mal weg ...<\/h3><div class=\"sd-content\"><ul><li><a href=\"#\" class=\"sharing-anchor sd-button share-more\"><span>Teilen<\/span><\/a><\/li><li class=\"share-end\"><\/li><\/ul><div class=\"sharing-hidden\"><div class=\"inner\" style=\"display: none;\"><ul><li class=\"share-facebook\"><a rel=\"nofollow noopener noreferrer\" data-shared=\"sharing-facebook-493\" class=\"share-facebook sd-button share-icon\" href=\"http:\/\/fridolin.vw-bulli.net\/?p=493&amp;share=facebook\" target=\"_blank\" title=\"Klick, um auf Facebook zu teilen\"><span>Facebook<\/span><\/a><\/li><li class=\"share-twitter\"><a rel=\"nofollow noopener noreferrer\" data-shared=\"sharing-twitter-493\" class=\"share-twitter sd-button share-icon\" href=\"http:\/\/fridolin.vw-bulli.net\/?p=493&amp;share=twitter\" target=\"_blank\" title=\"Klick, um \u00fcber Twitter zu teilen\"><span>Twitter<\/span><\/a><\/li><li class=\"share-end\"><\/li><li class=\"share-end\"><\/li><\/ul><\/div><\/div><\/div><\/div><\/div>","protected":false},"excerpt":{"rendered":"<p>Da ich nun doch schon ein paar Campingpl\u00e4tze auf Korsika besucht habe ein kleiner \u00dcberblick f\u00fcr all jene, die auch einen Campingplatz auf Korsika suchen.&nbsp; Ich vergebe 1-5 * in den Kategorien&nbsp; Atmosph\u00e4re&nbsp; Sanit\u00e4ranlagen Schatten (nicht zu untersch\u00e4tzen) Preis\/Leistung&nbsp; Nat\u00fcrlich handelt es sich hierbei um eine subjektive Bewertung.&nbsp; &#8212; San Damiano (bei Bastia, 20min vom &hellip; <a href=\"http:\/\/fridolin.vw-bulli.net\/?p=493\" class=\"more-link\"><span class=\"screen-reader-text\">&#8222;Campingpl\u00e4tze auf Korsika\u00a0&#8220; <\/span>weiterlesen<\/a><\/p>\n<div class=\"sharedaddy sd-sharing-enabled\"><div class=\"robots-nocontent sd-block sd-social sd-social-icon-text sd-sharing\"><h3 class=\"sd-title\">Ich bin dann mal weg ...<\/h3><div class=\"sd-content\"><ul><li><a href=\"#\" class=\"sharing-anchor sd-button share-more\"><span>Teilen<\/span><\/a><\/li><li class=\"share-end\"><\/li><\/ul><div class=\"sharing-hidden\"><div class=\"inner\" style=\"display: none;\"><ul><li class=\"share-facebook\"><a rel=\"nofollow noopener noreferrer\" data-shared=\"sharing-facebook-493\" class=\"share-facebook sd-button share-icon\" href=\"http:\/\/fridolin.vw-bulli.net\/?p=493&amp;share=facebook\" target=\"_blank\" title=\"Klick, um auf Facebook zu teilen\"><span>Facebook<\/span><\/a><\/li><li class=\"share-twitter\"><a rel=\"nofollow noopener noreferrer\" data-shared=\"sharing-twitter-493\" class=\"share-twitter sd-button share-icon\" href=\"http:\/\/fridolin.vw-bulli.net\/?p=493&amp;share=twitter\" target=\"_blank\" title=\"Klick, um \u00fcber Twitter zu teilen\"><span>Twitter<\/span><\/a><\/li><li class=\"share-end\"><\/li><li class=\"share-end\"><\/li><\/ul><\/div><\/div><\/div><\/div><\/div>","protected":false},"author":1,"featured_media":0,"comment_status":"open","ping_status":"open","sticky":false,"template":"","format":"standard","meta":{"spay_email":"","jetpack_publicize_message":"","jetpack_is_tweetstorm":false,"jetpack_publicize_feature_enabled":true},"categories":[4],"tags":[],"jetpack_featured_media_url":"","jetpack_publicize_connections":[],"jetpack_sharing_enabled":true,"jetpack_shortlink":"https:\/\/wp.me\/pcLMis-7X","jetpack_likes_enabled":true,"_links":{"self":[{"href":"http:\/\/fridolin.vw-bulli.net\/index.php?rest_route=\/wp\/v2\/posts\/493"}],"collection":[{"href":"http:\/\/fridolin.vw-bulli.net\/index.php?rest_route=\/wp\/v2\/posts"}],"about":[{"href":"http:\/\/fridolin.vw-bulli.net\/index.php?rest_route=\/wp\/v2\/types\/post"}],"author":[{"embeddable":true,"href":"http:\/\/fridolin.vw-bulli.net\/index.php?rest_route=\/wp\/v2\/users\/1"}],"replies":[{"embeddable":true,"href":"http:\/\/fridolin.vw-bulli.net\/index.php?rest_route=%2Fwp%2Fv2%2Fcomments&post=493"}],"version-history":[{"count":6,"href":"http:\/\/fridolin.vw-bulli.net\/index.php?rest_route=\/wp\/v2\/posts\/493\/revisions"}],"predecessor-version":[{"id":522,"href":"http:\/\/fridolin.vw-bulli.net\/index.php?rest_route=\/wp\/v2\/posts\/493\/revisions\/522"}],"wp:attachment":[{"href":"http:\/\/fridolin.vw-bulli.net\/index.php?rest_route=%2Fwp%2Fv2%2Fmedia&parent=493"}],"wp:term":[{"taxonomy":"category","embeddable":true,"href":"http:\/\/fridolin.vw-bulli.net\/index.php?rest_route=%2Fwp%2Fv2%2Fcategories&post=493"},{"taxonomy":"post_tag","embeddable":true,"href":"http:\/\/fridolin.vw-bulli.net\/index.php?rest_route=%2Fwp%2Fv2%2Ftags&post=493"}],"curies":[{"name":"wp","href":"https:\/\/api.w.org\/{rel}","templated":true}]}}