{"id":408,"date":"2016-08-10T20:19:59","date_gmt":"2016-08-10T18:19:59","guid":{"rendered":"http:\/\/fridolin.vw-bulli.net\/2016\/08\/10\/kampfname-fridolin\/"},"modified":"2016-08-10T20:21:56","modified_gmt":"2016-08-10T18:21:56","slug":"kampfname-fridolin","status":"publish","type":"post","link":"http:\/\/fridolin.vw-bulli.net\/?p=408","title":{"rendered":"Kampfname &#8222;Fridolin&#8220;"},"content":{"rendered":"<p>Ziel heute: die Liscia Bucht. Schnell ins TomTom eingegeben und los. Was uns dabei erwartet hat&#8230; Mein Held des Tages &#8222;Fridolin die Kampfsau&#8220;. Ich hatte gedacht bisher schon abenteuerlich Strassen bereist zu haben aber das heute hat alles getoppt. 65 Km in gut 2 \u00bd Stunden. Eine Stunde lang bin ich nicht \u00fcber den 2ten Gang oder 35 KM\/h hinaus gekommen. Aber was erz\u00e4hle ich, hier ein paar Bilder.<\/p>\n<p><a href=\"http:\/\/fridolin.vw-bulli.net\/wp-content\/uploads\/2016\/08\/img_3144.jpg\"><img loading=\"lazy\" src=\"http:\/\/fridolin.vw-bulli.net\/wp-content\/uploads\/2016\/08\/img_3144.jpg\" alt=\"\" width=\"374\" height=\"500\" class=\"alignnone size-full wp-image-402\"><\/a><a href=\"http:\/\/fridolin.vw-bulli.net\/wp-content\/uploads\/2016\/08\/img_3143.jpg\"><img loading=\"lazy\" src=\"http:\/\/fridolin.vw-bulli.net\/wp-content\/uploads\/2016\/08\/img_3143.jpg\" alt=\"\" width=\"750\" height=\"1000\" class=\"alignnone size-full wp-image-406\" srcset=\"http:\/\/fridolin.vw-bulli.net\/wp-content\/uploads\/2016\/08\/img_3143.jpg 750w, http:\/\/fridolin.vw-bulli.net\/wp-content\/uploads\/2016\/08\/img_3143-500x667.jpg 500w\" sizes=\"(max-width: 709px) 85vw, (max-width: 909px) 67vw, (max-width: 984px) 61vw, (max-width: 1362px) 45vw, 600px\" \/><\/a><a href=\"http:\/\/fridolin.vw-bulli.net\/wp-content\/uploads\/2016\/08\/img_3142.jpg\"><img loading=\"lazy\" src=\"http:\/\/fridolin.vw-bulli.net\/wp-content\/uploads\/2016\/08\/img_3142.jpg\" alt=\"\" width=\"750\" height=\"1000\" class=\"alignnone size-full wp-image-403\" srcset=\"http:\/\/fridolin.vw-bulli.net\/wp-content\/uploads\/2016\/08\/img_3142.jpg 750w, http:\/\/fridolin.vw-bulli.net\/wp-content\/uploads\/2016\/08\/img_3142-500x667.jpg 500w\" sizes=\"(max-width: 709px) 85vw, (max-width: 909px) 67vw, (max-width: 984px) 61vw, (max-width: 1362px) 45vw, 600px\" \/><\/a><a href=\"http:\/\/fridolin.vw-bulli.net\/wp-content\/uploads\/2016\/08\/img_3135.jpg\"><img loading=\"lazy\" src=\"http:\/\/fridolin.vw-bulli.net\/wp-content\/uploads\/2016\/08\/img_3135.jpg\" alt=\"\" width=\"750\" height=\"1000\" class=\"alignnone size-full wp-image-404\" srcset=\"http:\/\/fridolin.vw-bulli.net\/wp-content\/uploads\/2016\/08\/img_3135.jpg 750w, http:\/\/fridolin.vw-bulli.net\/wp-content\/uploads\/2016\/08\/img_3135-500x667.jpg 500w\" sizes=\"(max-width: 709px) 85vw, (max-width: 909px) 67vw, (max-width: 984px) 61vw, (max-width: 1362px) 45vw, 600px\" \/><\/a><a href=\"http:\/\/fridolin.vw-bulli.net\/wp-content\/uploads\/2016\/08\/img_3126.jpg\"><img loading=\"lazy\" src=\"http:\/\/fridolin.vw-bulli.net\/wp-content\/uploads\/2016\/08\/img_3126.jpg\" alt=\"\" width=\"1000\" height=\"750\" class=\"alignnone size-full wp-image-405\" srcset=\"http:\/\/fridolin.vw-bulli.net\/wp-content\/uploads\/2016\/08\/img_3126.jpg 1000w, http:\/\/fridolin.vw-bulli.net\/wp-content\/uploads\/2016\/08\/img_3126-500x375.jpg 500w\" sizes=\"(max-width: 709px) 85vw, (max-width: 909px) 67vw, (max-width: 1362px) 62vw, 840px\" \/><\/a><br \/>\nUnd das waren noch die guten Strassen denn es war irgendwann zu gef\u00e4hrlich sich auf was anderes als die Strasse zu konzentrieren denn oft gingen keine zwei Autos auf die Strasse und man betete, dass einem niemand entgegen kommt.&nbsp;<\/p>\n<p>Und hier noch ein auf Korsika sehr ernst zu nehmendes Schild.&nbsp;<\/p>\n<p><a href=\"http:\/\/fridolin.vw-bulli.net\/wp-content\/uploads\/2016\/08\/img_3141.jpg\"><img loading=\"lazy\" src=\"http:\/\/fridolin.vw-bulli.net\/wp-content\/uploads\/2016\/08\/img_3141.jpg\" alt=\"\" width=\"750\" height=\"1000\" class=\"alignnone size-full wp-image-407\" srcset=\"http:\/\/fridolin.vw-bulli.net\/wp-content\/uploads\/2016\/08\/img_3141.jpg 750w, http:\/\/fridolin.vw-bulli.net\/wp-content\/uploads\/2016\/08\/img_3141-500x667.jpg 500w\" sizes=\"(max-width: 709px) 85vw, (max-width: 909px) 67vw, (max-width: 984px) 61vw, (max-width: 1362px) 45vw, 600px\" \/><\/a><br \/>\nIrgendwann waren wir \u00fcber die Berge und eine wundersch\u00f6ne Bucht mit hohem Wellengang (zeitweise 3m +) tat sich vor uns auf.<\/p>\n<p><a href=\"http:\/\/fridolin.vw-bulli.net\/wp-content\/uploads\/2016\/08\/img_3146.jpg\"><img loading=\"lazy\" src=\"http:\/\/fridolin.vw-bulli.net\/wp-content\/uploads\/2016\/08\/img_3146.jpg\" alt=\"\" width=\"1000\" height=\"750\" class=\"alignnone size-full wp-image-409\" srcset=\"http:\/\/fridolin.vw-bulli.net\/wp-content\/uploads\/2016\/08\/img_3146.jpg 1000w, http:\/\/fridolin.vw-bulli.net\/wp-content\/uploads\/2016\/08\/img_3146-500x375.jpg 500w\" sizes=\"(max-width: 709px) 85vw, (max-width: 909px) 67vw, (max-width: 1362px) 62vw, 840px\" \/><\/a><\/p>\n<p><a href=\"http:\/\/fridolin.vw-bulli.net\/wp-content\/uploads\/2016\/08\/img_3150-1.jpg\"><img loading=\"lazy\" src=\"http:\/\/fridolin.vw-bulli.net\/wp-content\/uploads\/2016\/08\/img_3150-1.jpg\" alt=\"\" width=\"1000\" height=\"750\" class=\"alignnone size-full wp-image-411\" srcset=\"http:\/\/fridolin.vw-bulli.net\/wp-content\/uploads\/2016\/08\/img_3150-1.jpg 1000w, http:\/\/fridolin.vw-bulli.net\/wp-content\/uploads\/2016\/08\/img_3150-1-500x375.jpg 500w\" sizes=\"(max-width: 709px) 85vw, (max-width: 909px) 67vw, (max-width: 1362px) 62vw, 840px\" \/><\/a><br \/>\nFridolin, mein Respekt, dass du das so geschafft hast. Meine Gef\u00fchle schwankten zwischen Angst und v\u00f6lliger Begeisterung f\u00fcr die Landschaft und die Aussichten.&nbsp;<br \/>\n&nbsp;<\/p>\n<div class=\"sharedaddy sd-sharing-enabled\"><div class=\"robots-nocontent sd-block sd-social sd-social-icon-text sd-sharing\"><h3 class=\"sd-title\">Ich bin dann mal weg ...<\/h3><div class=\"sd-content\"><ul><li><a href=\"#\" class=\"sharing-anchor sd-button share-more\"><span>Teilen<\/span><\/a><\/li><li class=\"share-end\"><\/li><\/ul><div class=\"sharing-hidden\"><div class=\"inner\" style=\"display: none;\"><ul><li class=\"share-facebook\"><a rel=\"nofollow noopener noreferrer\" data-shared=\"sharing-facebook-408\" class=\"share-facebook sd-button share-icon\" href=\"http:\/\/fridolin.vw-bulli.net\/?p=408&amp;share=facebook\" target=\"_blank\" title=\"Klick, um auf Facebook zu teilen\"><span>Facebook<\/span><\/a><\/li><li class=\"share-twitter\"><a rel=\"nofollow noopener noreferrer\" data-shared=\"sharing-twitter-408\" class=\"share-twitter sd-button share-icon\" href=\"http:\/\/fridolin.vw-bulli.net\/?p=408&amp;share=twitter\" target=\"_blank\" title=\"Klick, um \u00fcber Twitter zu teilen\"><span>Twitter<\/span><\/a><\/li><li class=\"share-end\"><\/li><li class=\"share-end\"><\/li><\/ul><\/div><\/div><\/div><\/div><\/div>","protected":false},"excerpt":{"rendered":"<p>Ziel heute: die Liscia Bucht. Schnell ins TomTom eingegeben und los. Was uns dabei erwartet hat&#8230; Mein Held des Tages &#8222;Fridolin die Kampfsau&#8220;. Ich hatte gedacht bisher schon abenteuerlich Strassen bereist zu haben aber das heute hat alles getoppt. 65 Km in gut 2 \u00bd Stunden. Eine Stunde lang bin ich nicht \u00fcber den 2ten &hellip; <a href=\"http:\/\/fridolin.vw-bulli.net\/?p=408\" class=\"more-link\"><span class=\"screen-reader-text\">&#8222;Kampfname &#8222;Fridolin&#8220;&#8220; <\/span>weiterlesen<\/a><\/p>\n<div class=\"sharedaddy sd-sharing-enabled\"><div class=\"robots-nocontent sd-block sd-social sd-social-icon-text sd-sharing\"><h3 class=\"sd-title\">Ich bin dann mal weg ...<\/h3><div class=\"sd-content\"><ul><li><a href=\"#\" class=\"sharing-anchor sd-button share-more\"><span>Teilen<\/span><\/a><\/li><li class=\"share-end\"><\/li><\/ul><div class=\"sharing-hidden\"><div class=\"inner\" style=\"display: none;\"><ul><li class=\"share-facebook\"><a rel=\"nofollow noopener noreferrer\" data-shared=\"sharing-facebook-408\" class=\"share-facebook sd-button share-icon\" href=\"http:\/\/fridolin.vw-bulli.net\/?p=408&amp;share=facebook\" target=\"_blank\" title=\"Klick, um auf Facebook zu teilen\"><span>Facebook<\/span><\/a><\/li><li class=\"share-twitter\"><a rel=\"nofollow noopener noreferrer\" data-shared=\"sharing-twitter-408\" class=\"share-twitter sd-button share-icon\" href=\"http:\/\/fridolin.vw-bulli.net\/?p=408&amp;share=twitter\" target=\"_blank\" title=\"Klick, um \u00fcber Twitter zu teilen\"><span>Twitter<\/span><\/a><\/li><li class=\"share-end\"><\/li><li class=\"share-end\"><\/li><\/ul><\/div><\/div><\/div><\/div><\/div>","protected":false},"author":1,"featured_media":0,"comment_status":"open","ping_status":"open","sticky":false,"template":"","format":"standard","meta":{"spay_email":"","jetpack_publicize_message":"","jetpack_is_tweetstorm":false,"jetpack_publicize_feature_enabled":true},"categories":[4],"tags":[],"jetpack_featured_media_url":"","jetpack_publicize_connections":[],"jetpack_sharing_enabled":true,"jetpack_shortlink":"https:\/\/wp.me\/pcLMis-6A","jetpack_likes_enabled":true,"_links":{"self":[{"href":"http:\/\/fridolin.vw-bulli.net\/index.php?rest_route=\/wp\/v2\/posts\/408"}],"collection":[{"href":"http:\/\/fridolin.vw-bulli.net\/index.php?rest_route=\/wp\/v2\/posts"}],"about":[{"href":"http:\/\/fridolin.vw-bulli.net\/index.php?rest_route=\/wp\/v2\/types\/post"}],"author":[{"embeddable":true,"href":"http:\/\/fridolin.vw-bulli.net\/index.php?rest_route=\/wp\/v2\/users\/1"}],"replies":[{"embeddable":true,"href":"http:\/\/fridolin.vw-bulli.net\/index.php?rest_route=%2Fwp%2Fv2%2Fcomments&post=408"}],"version-history":[{"count":1,"href":"http:\/\/fridolin.vw-bulli.net\/index.php?rest_route=\/wp\/v2\/posts\/408\/revisions"}],"predecessor-version":[{"id":412,"href":"http:\/\/fridolin.vw-bulli.net\/index.php?rest_route=\/wp\/v2\/posts\/408\/revisions\/412"}],"wp:attachment":[{"href":"http:\/\/fridolin.vw-bulli.net\/index.php?rest_route=%2Fwp%2Fv2%2Fmedia&parent=408"}],"wp:term":[{"taxonomy":"category","embeddable":true,"href":"http:\/\/fridolin.vw-bulli.net\/index.php?rest_route=%2Fwp%2Fv2%2Fcategories&post=408"},{"taxonomy":"post_tag","embeddable":true,"href":"http:\/\/fridolin.vw-bulli.net\/index.php?rest_route=%2Fwp%2Fv2%2Ftags&post=408"}],"curies":[{"name":"wp","href":"https:\/\/api.w.org\/{rel}","templated":true}]}}