{"id":387,"date":"2016-08-07T15:18:43","date_gmt":"2016-08-07T13:18:43","guid":{"rendered":"http:\/\/fridolin.vw-bulli.net\/2016\/08\/07\/88km-oder-3-stunden-weiter\/"},"modified":"2016-08-08T12:59:16","modified_gmt":"2016-08-08T10:59:16","slug":"88km-oder-3-stunden-weiter","status":"publish","type":"post","link":"http:\/\/fridolin.vw-bulli.net\/?p=387","title":{"rendered":"88KM oder 3 Stunden weiter"},"content":{"rendered":"<p>So sch\u00f6n Rondinara auch war, heute ging es weiter. Nach etlichen Mails und Telefonaten habe ich noch einen tollen Campingplatz bei Propriano aufgetrieben, wo Fridolin und ich unterkommen. Andere hatten schon am Telefon gelacht, ich h\u00e4tte sp\u00e4testens im Februar reservieren m\u00fcssen. Also heute morgen alles zusammen gepackt und ins Abenteuer korsischer Strassen. Zumindest haben mir heute keine K\u00fche, Schweine oder Ziegen die Fahrt versperrt oder standen hinter der Kurve auf der Strasse. Nach der Fahrt nach Rondinara und Solarenza dachte ich, schlimmer bzw. herausfordernder kann es nicht werden. Ooooohhhhh doch, ich wurde eines Besseren belehrt. Die &#8222;Bundesstrasse&#8220; schl\u00e4ngelte sich durch die Berge und D\u00f6rfer, dass ich oft im zweiten Gang fahren musste. Immer wenn sich mehr als 10 Autos hinter mir gesammelt haben bin ich kurz seitlich rangefahren, habe sie vorbei gelassen und hab dann wieder die n\u00e4chsten Autos hinter mir gesammelt. Aber keiner hat gehupt. They Love Fridolin \ud83d\ude00<\/p>\n<p>Auf der ganzen Fahrt gab es phantastische Berglandschaften mit der typische korsischen Maccia zu sehen oder undglaubliche Buchten und Str\u00e4nde.&nbsp;<\/p>\n<p><a href=\"http:\/\/fridolin.vw-bulli.net\/wp-content\/uploads\/2016\/08\/img_3088.jpg\"><img loading=\"lazy\" src=\"http:\/\/fridolin.vw-bulli.net\/wp-content\/uploads\/2016\/08\/img_3088.jpg\" alt=\"\" width=\"500\" height=\"374\" class=\"alignnone size-full wp-image-384\"><\/a><\/p>\n<p>Auch die D\u00f6rfchen waren wundersch\u00f6n aber hatten meist seeeehr schmale Strassen.&nbsp;<br \/>\n<a href=\"http:\/\/fridolin.vw-bulli.net\/wp-content\/uploads\/2016\/08\/img_3090.jpg\"><img loading=\"lazy\" src=\"http:\/\/fridolin.vw-bulli.net\/wp-content\/uploads\/2016\/08\/img_3090.jpg\" alt=\"\" width=\"750\" height=\"1000\" class=\"alignnone size-full wp-image-385\" srcset=\"http:\/\/fridolin.vw-bulli.net\/wp-content\/uploads\/2016\/08\/img_3090.jpg 750w, http:\/\/fridolin.vw-bulli.net\/wp-content\/uploads\/2016\/08\/img_3090-500x667.jpg 500w\" sizes=\"(max-width: 709px) 85vw, (max-width: 909px) 67vw, (max-width: 984px) 61vw, (max-width: 1362px) 45vw, 600px\" \/><\/a><\/p>\n<p>Jetzt sind wir auf dem Campingplatz <a href=\"http:\/\/www.camping-hotel-propriano.com\">Ras l&#8217;Bol<\/a> angekommen und haben es uns in einem schattigen Pl\u00e4zuchen unter Pinien und Palmen bequem gemacht. Die Zirkaden Zirpen um die Wette und nach einem Caf\u00e9 und ein paar Madelaines geht es an den Strand.&nbsp;<\/p>\n<p><a href=\"http:\/\/fridolin.vw-bulli.net\/wp-content\/uploads\/2016\/08\/img_3093.jpg\"><img loading=\"lazy\" src=\"http:\/\/fridolin.vw-bulli.net\/wp-content\/uploads\/2016\/08\/img_3093.jpg\" alt=\"\" width=\"1000\" height=\"750\" class=\"alignnone size-full wp-image-386\" srcset=\"http:\/\/fridolin.vw-bulli.net\/wp-content\/uploads\/2016\/08\/img_3093.jpg 1000w, http:\/\/fridolin.vw-bulli.net\/wp-content\/uploads\/2016\/08\/img_3093-500x375.jpg 500w\" sizes=\"(max-width: 709px) 85vw, (max-width: 909px) 67vw, (max-width: 1362px) 62vw, 840px\" \/><\/a><\/p>\n<div class=\"sharedaddy sd-sharing-enabled\"><div class=\"robots-nocontent sd-block sd-social sd-social-icon-text sd-sharing\"><h3 class=\"sd-title\">Ich bin dann mal weg ...<\/h3><div class=\"sd-content\"><ul><li><a href=\"#\" class=\"sharing-anchor sd-button share-more\"><span>Teilen<\/span><\/a><\/li><li class=\"share-end\"><\/li><\/ul><div class=\"sharing-hidden\"><div class=\"inner\" style=\"display: none;\"><ul><li class=\"share-facebook\"><a rel=\"nofollow noopener noreferrer\" data-shared=\"sharing-facebook-387\" class=\"share-facebook sd-button share-icon\" href=\"http:\/\/fridolin.vw-bulli.net\/?p=387&amp;share=facebook\" target=\"_blank\" title=\"Klick, um auf Facebook zu teilen\"><span>Facebook<\/span><\/a><\/li><li class=\"share-twitter\"><a rel=\"nofollow noopener noreferrer\" data-shared=\"sharing-twitter-387\" class=\"share-twitter sd-button share-icon\" href=\"http:\/\/fridolin.vw-bulli.net\/?p=387&amp;share=twitter\" target=\"_blank\" title=\"Klick, um \u00fcber Twitter zu teilen\"><span>Twitter<\/span><\/a><\/li><li class=\"share-end\"><\/li><li class=\"share-end\"><\/li><\/ul><\/div><\/div><\/div><\/div><\/div>","protected":false},"excerpt":{"rendered":"<p>So sch\u00f6n Rondinara auch war, heute ging es weiter. Nach etlichen Mails und Telefonaten habe ich noch einen tollen Campingplatz bei Propriano aufgetrieben, wo Fridolin und ich unterkommen. Andere hatten schon am Telefon gelacht, ich h\u00e4tte sp\u00e4testens im Februar reservieren m\u00fcssen. Also heute morgen alles zusammen gepackt und ins Abenteuer korsischer Strassen. Zumindest haben mir &hellip; <a href=\"http:\/\/fridolin.vw-bulli.net\/?p=387\" class=\"more-link\"><span class=\"screen-reader-text\">&#8222;88KM oder 3 Stunden weiter&#8220; <\/span>weiterlesen<\/a><\/p>\n<div class=\"sharedaddy sd-sharing-enabled\"><div class=\"robots-nocontent sd-block sd-social sd-social-icon-text sd-sharing\"><h3 class=\"sd-title\">Ich bin dann mal weg ...<\/h3><div class=\"sd-content\"><ul><li><a href=\"#\" class=\"sharing-anchor sd-button share-more\"><span>Teilen<\/span><\/a><\/li><li class=\"share-end\"><\/li><\/ul><div class=\"sharing-hidden\"><div class=\"inner\" style=\"display: none;\"><ul><li class=\"share-facebook\"><a rel=\"nofollow noopener noreferrer\" data-shared=\"sharing-facebook-387\" class=\"share-facebook sd-button share-icon\" href=\"http:\/\/fridolin.vw-bulli.net\/?p=387&amp;share=facebook\" target=\"_blank\" title=\"Klick, um auf Facebook zu teilen\"><span>Facebook<\/span><\/a><\/li><li class=\"share-twitter\"><a rel=\"nofollow noopener noreferrer\" data-shared=\"sharing-twitter-387\" class=\"share-twitter sd-button share-icon\" href=\"http:\/\/fridolin.vw-bulli.net\/?p=387&amp;share=twitter\" target=\"_blank\" title=\"Klick, um \u00fcber Twitter zu teilen\"><span>Twitter<\/span><\/a><\/li><li class=\"share-end\"><\/li><li class=\"share-end\"><\/li><\/ul><\/div><\/div><\/div><\/div><\/div>","protected":false},"author":1,"featured_media":0,"comment_status":"open","ping_status":"open","sticky":false,"template":"","format":"standard","meta":{"spay_email":"","jetpack_publicize_message":"","jetpack_is_tweetstorm":false,"jetpack_publicize_feature_enabled":true},"categories":[4],"tags":[],"jetpack_featured_media_url":"","jetpack_publicize_connections":[],"jetpack_sharing_enabled":true,"jetpack_shortlink":"https:\/\/wp.me\/pcLMis-6f","jetpack_likes_enabled":true,"_links":{"self":[{"href":"http:\/\/fridolin.vw-bulli.net\/index.php?rest_route=\/wp\/v2\/posts\/387"}],"collection":[{"href":"http:\/\/fridolin.vw-bulli.net\/index.php?rest_route=\/wp\/v2\/posts"}],"about":[{"href":"http:\/\/fridolin.vw-bulli.net\/index.php?rest_route=\/wp\/v2\/types\/post"}],"author":[{"embeddable":true,"href":"http:\/\/fridolin.vw-bulli.net\/index.php?rest_route=\/wp\/v2\/users\/1"}],"replies":[{"embeddable":true,"href":"http:\/\/fridolin.vw-bulli.net\/index.php?rest_route=%2Fwp%2Fv2%2Fcomments&post=387"}],"version-history":[{"count":3,"href":"http:\/\/fridolin.vw-bulli.net\/index.php?rest_route=\/wp\/v2\/posts\/387\/revisions"}],"predecessor-version":[{"id":396,"href":"http:\/\/fridolin.vw-bulli.net\/index.php?rest_route=\/wp\/v2\/posts\/387\/revisions\/396"}],"wp:attachment":[{"href":"http:\/\/fridolin.vw-bulli.net\/index.php?rest_route=%2Fwp%2Fv2%2Fmedia&parent=387"}],"wp:term":[{"taxonomy":"category","embeddable":true,"href":"http:\/\/fridolin.vw-bulli.net\/index.php?rest_route=%2Fwp%2Fv2%2Fcategories&post=387"},{"taxonomy":"post_tag","embeddable":true,"href":"http:\/\/fridolin.vw-bulli.net\/index.php?rest_route=%2Fwp%2Fv2%2Ftags&post=387"}],"curies":[{"name":"wp","href":"https:\/\/api.w.org\/{rel}","templated":true}]}}