{"id":370,"date":"2016-08-06T12:54:00","date_gmt":"2016-08-06T10:54:00","guid":{"rendered":"http:\/\/fridolin.vw-bulli.net\/?p=370"},"modified":"2016-08-06T12:54:00","modified_gmt":"2016-08-06T10:54:00","slug":"willkommen-auf-der-anderen-seite","status":"publish","type":"post","link":"http:\/\/fridolin.vw-bulli.net\/?p=370","title":{"rendered":"Willkommen auf der anderen Seite&#8230;"},"content":{"rendered":"<p>Gestern war perfektes Wetter, um sich auch tags\u00fcber einmal etwas mehr zu bewegen, da es sonst in der Mittagssonne doch sehr heiss wird (aber tauschen w\u00fcrde ich, wenn ich mir den Wetterbericht Zuhause anschaue, auch nicht). Es war etwas bew\u00f6lkt und es ging ein st\u00e4rkerer Wind. Manch ein Zelt auf dem Platz war nicht gut genug gesichert und machte sich selbst\u00e4ndig. So gesehen ideal, um auch einmal die andere Seite der Rondinara Bucht zu erkunden. Da sich alle am Rondinara Strand dr\u00e4ngten, ist mir kaum eine Seele begegnet. Dabei hat sich der Weg wirklich gelohnt.<\/p>\n<p><img loading=\"lazy\" class=\"size-medium wp-image-381\" src=\"http:\/\/fridolin.vw-bulli.net\/wp-content\/uploads\/2016\/08\/GOPR0145-500x375.jpg\" alt=\"DCIM100GOPRO\" width=\"500\" height=\"375\" srcset=\"http:\/\/fridolin.vw-bulli.net\/wp-content\/uploads\/2016\/08\/GOPR0145-500x375.jpg 500w, http:\/\/fridolin.vw-bulli.net\/wp-content\/uploads\/2016\/08\/GOPR0145-1024x768.jpg 1024w, http:\/\/fridolin.vw-bulli.net\/wp-content\/uploads\/2016\/08\/GOPR0145-1200x900.jpg 1200w\" sizes=\"(max-width: 500px) 85vw, 500px\" \/><\/p>\n<p><img loading=\"lazy\" class=\"size-medium wp-image-372\" src=\"http:\/\/fridolin.vw-bulli.net\/wp-content\/uploads\/2016\/08\/GOPR0094-500x375.jpg\" alt=\"DCIM100GOPRO\" width=\"500\" height=\"375\" srcset=\"http:\/\/fridolin.vw-bulli.net\/wp-content\/uploads\/2016\/08\/GOPR0094-500x375.jpg 500w, http:\/\/fridolin.vw-bulli.net\/wp-content\/uploads\/2016\/08\/GOPR0094-1024x768.jpg 1024w, http:\/\/fridolin.vw-bulli.net\/wp-content\/uploads\/2016\/08\/GOPR0094-1200x900.jpg 1200w\" sizes=\"(max-width: 500px) 85vw, 500px\" \/><\/p>\n<p><img loading=\"lazy\" class=\"size-medium wp-image-373\" src=\"http:\/\/fridolin.vw-bulli.net\/wp-content\/uploads\/2016\/08\/GOPR0096-500x375.jpg\" alt=\"DCIM100GOPRO\" width=\"500\" height=\"375\" srcset=\"http:\/\/fridolin.vw-bulli.net\/wp-content\/uploads\/2016\/08\/GOPR0096-500x375.jpg 500w, http:\/\/fridolin.vw-bulli.net\/wp-content\/uploads\/2016\/08\/GOPR0096-1024x768.jpg 1024w, http:\/\/fridolin.vw-bulli.net\/wp-content\/uploads\/2016\/08\/GOPR0096-1200x900.jpg 1200w\" sizes=\"(max-width: 500px) 85vw, 500px\" \/><\/p>\n<p><img loading=\"lazy\" class=\"size-medium wp-image-379\" src=\"http:\/\/fridolin.vw-bulli.net\/wp-content\/uploads\/2016\/08\/GOPR0140-500x375.jpg\" alt=\"DCIM100GOPRO\" width=\"500\" height=\"375\" srcset=\"http:\/\/fridolin.vw-bulli.net\/wp-content\/uploads\/2016\/08\/GOPR0140-500x375.jpg 500w, http:\/\/fridolin.vw-bulli.net\/wp-content\/uploads\/2016\/08\/GOPR0140-1024x768.jpg 1024w, http:\/\/fridolin.vw-bulli.net\/wp-content\/uploads\/2016\/08\/GOPR0140-1200x900.jpg 1200w\" sizes=\"(max-width: 500px) 85vw, 500px\" \/><\/p>\n<p>Auf der anderen Seite angekommen erstreckte sich ein toller, steiniger Felsstrand vor mir.<\/p>\n<p><img loading=\"lazy\" class=\"size-medium wp-image-374\" src=\"http:\/\/fridolin.vw-bulli.net\/wp-content\/uploads\/2016\/08\/GOPR0103-500x375.jpg\" alt=\"DCIM100GOPRO\" width=\"500\" height=\"375\" srcset=\"http:\/\/fridolin.vw-bulli.net\/wp-content\/uploads\/2016\/08\/GOPR0103-500x375.jpg 500w, http:\/\/fridolin.vw-bulli.net\/wp-content\/uploads\/2016\/08\/GOPR0103-1024x768.jpg 1024w, http:\/\/fridolin.vw-bulli.net\/wp-content\/uploads\/2016\/08\/GOPR0103-1200x900.jpg 1200w\" sizes=\"(max-width: 500px) 85vw, 500px\" \/><\/p>\n<p><img loading=\"lazy\" class=\"size-medium wp-image-375\" src=\"http:\/\/fridolin.vw-bulli.net\/wp-content\/uploads\/2016\/08\/GOPR0127-500x375.jpg\" alt=\"DCIM100GOPRO\" width=\"500\" height=\"375\" srcset=\"http:\/\/fridolin.vw-bulli.net\/wp-content\/uploads\/2016\/08\/GOPR0127-500x375.jpg 500w, http:\/\/fridolin.vw-bulli.net\/wp-content\/uploads\/2016\/08\/GOPR0127-1024x768.jpg 1024w, http:\/\/fridolin.vw-bulli.net\/wp-content\/uploads\/2016\/08\/GOPR0127-1200x900.jpg 1200w\" sizes=\"(max-width: 500px) 85vw, 500px\" \/><\/p>\n<p>Ideal zum Schnorcheln (Zum Gl\u00fcck hatte ich Flossen, Brille und Schnorchel, neben Verpflegung und viel Wasser) mitgenommen. Unter Wasser tummelten sich Fische und Seeigel. Einfach Klasse. Nach einer ausgiebigen Schnorcheltour ging es weiter. Bei einem kleinen Abzweig entdeckte ich einen riesigen, wundersch\u00f6nen und komplett leeren Standstrand.<\/p>\n<p><img loading=\"lazy\" class=\"size-medium wp-image-382\" src=\"http:\/\/fridolin.vw-bulli.net\/wp-content\/uploads\/2016\/08\/GOPR0139-500x375.jpg\" alt=\"DCIM100GOPRO\" width=\"500\" height=\"375\" srcset=\"http:\/\/fridolin.vw-bulli.net\/wp-content\/uploads\/2016\/08\/GOPR0139-500x375.jpg 500w, http:\/\/fridolin.vw-bulli.net\/wp-content\/uploads\/2016\/08\/GOPR0139-1024x768.jpg 1024w, http:\/\/fridolin.vw-bulli.net\/wp-content\/uploads\/2016\/08\/GOPR0139-1200x900.jpg 1200w\" sizes=\"(max-width: 500px) 85vw, 500px\" \/><\/p>\n<p><img loading=\"lazy\" class=\"size-medium wp-image-376\" src=\"http:\/\/fridolin.vw-bulli.net\/wp-content\/uploads\/2016\/08\/GOPR0136-500x375.jpg\" alt=\"DCIM100GOPRO\" width=\"500\" height=\"375\" srcset=\"http:\/\/fridolin.vw-bulli.net\/wp-content\/uploads\/2016\/08\/GOPR0136-500x375.jpg 500w, http:\/\/fridolin.vw-bulli.net\/wp-content\/uploads\/2016\/08\/GOPR0136-1024x768.jpg 1024w, http:\/\/fridolin.vw-bulli.net\/wp-content\/uploads\/2016\/08\/GOPR0136-1200x900.jpg 1200w\" sizes=\"(max-width: 500px) 85vw, 500px\" \/><\/p>\n<p><img loading=\"lazy\" class=\"size-medium wp-image-377\" src=\"http:\/\/fridolin.vw-bulli.net\/wp-content\/uploads\/2016\/08\/GOPR0137-500x375.jpg\" alt=\"DCIM100GOPRO\" width=\"500\" height=\"375\" srcset=\"http:\/\/fridolin.vw-bulli.net\/wp-content\/uploads\/2016\/08\/GOPR0137-500x375.jpg 500w, http:\/\/fridolin.vw-bulli.net\/wp-content\/uploads\/2016\/08\/GOPR0137-1024x768.jpg 1024w, http:\/\/fridolin.vw-bulli.net\/wp-content\/uploads\/2016\/08\/GOPR0137-1200x900.jpg 1200w\" sizes=\"(max-width: 500px) 85vw, 500px\" \/><\/p>\n<p>Was will man mehr? Ein Strand ganz f\u00fcr mich allein\u00a0an diesen Mittag!<\/p>\n<p>Mal wieder ein perfekter Tag im Paradies!<\/p>\n<div class=\"sharedaddy sd-sharing-enabled\"><div class=\"robots-nocontent sd-block sd-social sd-social-icon-text sd-sharing\"><h3 class=\"sd-title\">Ich bin dann mal weg ...<\/h3><div class=\"sd-content\"><ul><li><a href=\"#\" class=\"sharing-anchor sd-button share-more\"><span>Teilen<\/span><\/a><\/li><li class=\"share-end\"><\/li><\/ul><div class=\"sharing-hidden\"><div class=\"inner\" style=\"display: none;\"><ul><li class=\"share-facebook\"><a rel=\"nofollow noopener noreferrer\" data-shared=\"sharing-facebook-370\" class=\"share-facebook sd-button share-icon\" href=\"http:\/\/fridolin.vw-bulli.net\/?p=370&amp;share=facebook\" target=\"_blank\" title=\"Klick, um auf Facebook zu teilen\"><span>Facebook<\/span><\/a><\/li><li class=\"share-twitter\"><a rel=\"nofollow noopener noreferrer\" data-shared=\"sharing-twitter-370\" class=\"share-twitter sd-button share-icon\" href=\"http:\/\/fridolin.vw-bulli.net\/?p=370&amp;share=twitter\" target=\"_blank\" title=\"Klick, um \u00fcber Twitter zu teilen\"><span>Twitter<\/span><\/a><\/li><li class=\"share-end\"><\/li><li class=\"share-end\"><\/li><\/ul><\/div><\/div><\/div><\/div><\/div>","protected":false},"excerpt":{"rendered":"<p>Gestern war perfektes Wetter, um sich auch tags\u00fcber einmal etwas mehr zu bewegen, da es sonst in der Mittagssonne doch sehr heiss wird (aber tauschen w\u00fcrde ich, wenn ich mir den Wetterbericht Zuhause anschaue, auch nicht). Es war etwas bew\u00f6lkt und es ging ein st\u00e4rkerer Wind. Manch ein Zelt auf dem Platz war nicht gut &hellip; <a href=\"http:\/\/fridolin.vw-bulli.net\/?p=370\" class=\"more-link\"><span class=\"screen-reader-text\">&#8222;Willkommen auf der anderen Seite&#8230;&#8220; <\/span>weiterlesen<\/a><\/p>\n<div class=\"sharedaddy sd-sharing-enabled\"><div class=\"robots-nocontent sd-block sd-social sd-social-icon-text sd-sharing\"><h3 class=\"sd-title\">Ich bin dann mal weg ...<\/h3><div class=\"sd-content\"><ul><li><a href=\"#\" class=\"sharing-anchor sd-button share-more\"><span>Teilen<\/span><\/a><\/li><li class=\"share-end\"><\/li><\/ul><div class=\"sharing-hidden\"><div class=\"inner\" style=\"display: none;\"><ul><li class=\"share-facebook\"><a rel=\"nofollow noopener noreferrer\" data-shared=\"sharing-facebook-370\" class=\"share-facebook sd-button share-icon\" href=\"http:\/\/fridolin.vw-bulli.net\/?p=370&amp;share=facebook\" target=\"_blank\" title=\"Klick, um auf Facebook zu teilen\"><span>Facebook<\/span><\/a><\/li><li class=\"share-twitter\"><a rel=\"nofollow noopener noreferrer\" data-shared=\"sharing-twitter-370\" class=\"share-twitter sd-button share-icon\" href=\"http:\/\/fridolin.vw-bulli.net\/?p=370&amp;share=twitter\" target=\"_blank\" title=\"Klick, um \u00fcber Twitter zu teilen\"><span>Twitter<\/span><\/a><\/li><li class=\"share-end\"><\/li><li class=\"share-end\"><\/li><\/ul><\/div><\/div><\/div><\/div><\/div>","protected":false},"author":1,"featured_media":0,"comment_status":"open","ping_status":"open","sticky":false,"template":"","format":"standard","meta":{"spay_email":"","jetpack_publicize_message":"","jetpack_is_tweetstorm":false,"jetpack_publicize_feature_enabled":true},"categories":[4],"tags":[],"jetpack_featured_media_url":"","jetpack_publicize_connections":[],"jetpack_sharing_enabled":true,"jetpack_shortlink":"https:\/\/wp.me\/pcLMis-5Y","jetpack_likes_enabled":true,"_links":{"self":[{"href":"http:\/\/fridolin.vw-bulli.net\/index.php?rest_route=\/wp\/v2\/posts\/370"}],"collection":[{"href":"http:\/\/fridolin.vw-bulli.net\/index.php?rest_route=\/wp\/v2\/posts"}],"about":[{"href":"http:\/\/fridolin.vw-bulli.net\/index.php?rest_route=\/wp\/v2\/types\/post"}],"author":[{"embeddable":true,"href":"http:\/\/fridolin.vw-bulli.net\/index.php?rest_route=\/wp\/v2\/users\/1"}],"replies":[{"embeddable":true,"href":"http:\/\/fridolin.vw-bulli.net\/index.php?rest_route=%2Fwp%2Fv2%2Fcomments&post=370"}],"version-history":[{"count":1,"href":"http:\/\/fridolin.vw-bulli.net\/index.php?rest_route=\/wp\/v2\/posts\/370\/revisions"}],"predecessor-version":[{"id":383,"href":"http:\/\/fridolin.vw-bulli.net\/index.php?rest_route=\/wp\/v2\/posts\/370\/revisions\/383"}],"wp:attachment":[{"href":"http:\/\/fridolin.vw-bulli.net\/index.php?rest_route=%2Fwp%2Fv2%2Fmedia&parent=370"}],"wp:term":[{"taxonomy":"category","embeddable":true,"href":"http:\/\/fridolin.vw-bulli.net\/index.php?rest_route=%2Fwp%2Fv2%2Fcategories&post=370"},{"taxonomy":"post_tag","embeddable":true,"href":"http:\/\/fridolin.vw-bulli.net\/index.php?rest_route=%2Fwp%2Fv2%2Ftags&post=370"}],"curies":[{"name":"wp","href":"https:\/\/api.w.org\/{rel}","templated":true}]}}