{"id":362,"date":"2016-08-04T14:29:59","date_gmt":"2016-08-04T12:29:59","guid":{"rendered":"http:\/\/fridolin.vw-bulli.net\/2016\/08\/04\/erste-zwischenbilanz-naja\/"},"modified":"2016-08-04T20:28:50","modified_gmt":"2016-08-04T18:28:50","slug":"erste-zwischenbilanz-naja","status":"publish","type":"post","link":"http:\/\/fridolin.vw-bulli.net\/?p=362","title":{"rendered":"Erste Zwischenbilanz (WOW &#038; ohoh)"},"content":{"rendered":"<p>So, heute ist ein eher arbeitsreicher Tag. Nach Aufnahme der Sch\u00e4den und Verluste (geklaute elektronische Zahnb\u00fcrste, kaputte French Press f\u00fcr Caf\u00e9, defekte Zusatzbatterie) sowie fehlender Utensilien (25m Verl\u00e4ngerungskabel, da man mit 10m doch nicht weit kommt, einem Sonnenschirm f\u00fcr den Strand, ohne Schatten geht es keine halbe Stunde) ging es 20KM weit in den grossen Supermarkt. Das sind bei den Str\u00e4sschen ca. 45-50 Minuten en Fahrt (einfach). Ausserdem braucht man etwas Geduld, wenn mal wieder eine Kuh oder ein Bulle auf dem kleinen Bergstr\u00e4sschen steht und einen nicht wirklich vorbeilassen m\u00f6chte \ud83e\udd14&nbsp;<\/p>\n<p>Im Supermarkt angekommen erst mal alles in den Wagen gepackt und dann kr\u00e4ftig die Vorr\u00e4te, insbesondere Getr\u00e4nke, aufgestockt. In den Bergen zahlt man erstens &nbsp;etwa das Doppelte und zweitens ist die Auswahl maximal auf Tante Emma L\u00e4dchen Niveau. Danach gleich mal tanken, wer weiss wann man wieder eine Tanke sieht.&nbsp;<\/p>\n<p>Danach ging es durch den Stau und das Hafenst\u00e4dtchen Porto-Vecchio zur\u00fcck zum Campingplatz Rondinara.&nbsp;<\/p>\n<p><a href=\"http:\/\/fridolin.vw-bulli.net\/wp-content\/uploads\/2016\/08\/img_3015.jpg\"><img loading=\"lazy\" src=\"http:\/\/fridolin.vw-bulli.net\/wp-content\/uploads\/2016\/08\/img_3015.jpg\" alt=\"\" width=\"3264\" height=\"2448\" class=\"alignnone size-full wp-image-361\" srcset=\"http:\/\/fridolin.vw-bulli.net\/wp-content\/uploads\/2016\/08\/img_3015.jpg 3264w, http:\/\/fridolin.vw-bulli.net\/wp-content\/uploads\/2016\/08\/img_3015-500x375.jpg 500w, http:\/\/fridolin.vw-bulli.net\/wp-content\/uploads\/2016\/08\/img_3015-1024x768.jpg 1024w, http:\/\/fridolin.vw-bulli.net\/wp-content\/uploads\/2016\/08\/img_3015-1200x900.jpg 1200w\" sizes=\"(max-width: 709px) 85vw, (max-width: 909px) 67vw, (max-width: 1362px) 62vw, 840px\" \/><\/a><a href=\"http:\/\/fridolin.vw-bulli.net\/wp-content\/uploads\/2016\/08\/img_3017.jpg\"><img loading=\"lazy\" src=\"http:\/\/fridolin.vw-bulli.net\/wp-content\/uploads\/2016\/08\/img_3017.jpg\" alt=\"\" width=\"3264\" height=\"2448\" class=\"alignnone size-full wp-image-360\" srcset=\"http:\/\/fridolin.vw-bulli.net\/wp-content\/uploads\/2016\/08\/img_3017.jpg 3264w, http:\/\/fridolin.vw-bulli.net\/wp-content\/uploads\/2016\/08\/img_3017-500x375.jpg 500w, http:\/\/fridolin.vw-bulli.net\/wp-content\/uploads\/2016\/08\/img_3017-1024x768.jpg 1024w, http:\/\/fridolin.vw-bulli.net\/wp-content\/uploads\/2016\/08\/img_3017-1200x900.jpg 1200w\" sizes=\"(max-width: 709px) 85vw, (max-width: 909px) 67vw, (max-width: 1362px) 62vw, 840px\" \/><\/a>Dort angekommen erst mal den neuen Platz in Beschlag genommen (endlich ist ein richtiger Platz frei geworden \ud83d\ude00), aufgebaut und danach die defekte Batterie aus- und die Neue eingebaut. Das war in letzter Sekunde den als ich nochmal starten wollte, hatte die defekte Batterie die Hauptbatterie schon entladen. Gl\u00fcck gehabt \ud83d\ude1c<\/p>\n<p>Jetzt erst einmal einen Caf\u00e9, ein Pain au chocolat und dann ab ins t\u00fcrkisfarbene Meer. Dieser Part ist jeden Tag aufs neue wieder WOW!!! \ud83e\udd17<\/p>\n<p>Bis zum n\u00e4chsten Mal.&nbsp;<\/p>\n<div class=\"sharedaddy sd-sharing-enabled\"><div class=\"robots-nocontent sd-block sd-social sd-social-icon-text sd-sharing\"><h3 class=\"sd-title\">Ich bin dann mal weg ...<\/h3><div class=\"sd-content\"><ul><li><a href=\"#\" class=\"sharing-anchor sd-button share-more\"><span>Teilen<\/span><\/a><\/li><li class=\"share-end\"><\/li><\/ul><div class=\"sharing-hidden\"><div class=\"inner\" style=\"display: none;\"><ul><li class=\"share-facebook\"><a rel=\"nofollow noopener noreferrer\" data-shared=\"sharing-facebook-362\" class=\"share-facebook sd-button share-icon\" href=\"http:\/\/fridolin.vw-bulli.net\/?p=362&amp;share=facebook\" target=\"_blank\" title=\"Klick, um auf Facebook zu teilen\"><span>Facebook<\/span><\/a><\/li><li class=\"share-twitter\"><a rel=\"nofollow noopener noreferrer\" data-shared=\"sharing-twitter-362\" class=\"share-twitter sd-button share-icon\" href=\"http:\/\/fridolin.vw-bulli.net\/?p=362&amp;share=twitter\" target=\"_blank\" title=\"Klick, um \u00fcber Twitter zu teilen\"><span>Twitter<\/span><\/a><\/li><li class=\"share-end\"><\/li><li class=\"share-end\"><\/li><\/ul><\/div><\/div><\/div><\/div><\/div>","protected":false},"excerpt":{"rendered":"<p>So, heute ist ein eher arbeitsreicher Tag. Nach Aufnahme der Sch\u00e4den und Verluste (geklaute elektronische Zahnb\u00fcrste, kaputte French Press f\u00fcr Caf\u00e9, defekte Zusatzbatterie) sowie fehlender Utensilien (25m Verl\u00e4ngerungskabel, da man mit 10m doch nicht weit kommt, einem Sonnenschirm f\u00fcr den Strand, ohne Schatten geht es keine halbe Stunde) ging es 20KM weit in den grossen &hellip; <a href=\"http:\/\/fridolin.vw-bulli.net\/?p=362\" class=\"more-link\"><span class=\"screen-reader-text\">&#8222;Erste Zwischenbilanz (WOW &#038; ohoh)&#8220; <\/span>weiterlesen<\/a><\/p>\n<div class=\"sharedaddy sd-sharing-enabled\"><div class=\"robots-nocontent sd-block sd-social sd-social-icon-text sd-sharing\"><h3 class=\"sd-title\">Ich bin dann mal weg ...<\/h3><div class=\"sd-content\"><ul><li><a href=\"#\" class=\"sharing-anchor sd-button share-more\"><span>Teilen<\/span><\/a><\/li><li class=\"share-end\"><\/li><\/ul><div class=\"sharing-hidden\"><div class=\"inner\" style=\"display: none;\"><ul><li class=\"share-facebook\"><a rel=\"nofollow noopener noreferrer\" data-shared=\"sharing-facebook-362\" class=\"share-facebook sd-button share-icon\" href=\"http:\/\/fridolin.vw-bulli.net\/?p=362&amp;share=facebook\" target=\"_blank\" title=\"Klick, um auf Facebook zu teilen\"><span>Facebook<\/span><\/a><\/li><li class=\"share-twitter\"><a rel=\"nofollow noopener noreferrer\" data-shared=\"sharing-twitter-362\" class=\"share-twitter sd-button share-icon\" href=\"http:\/\/fridolin.vw-bulli.net\/?p=362&amp;share=twitter\" target=\"_blank\" title=\"Klick, um \u00fcber Twitter zu teilen\"><span>Twitter<\/span><\/a><\/li><li class=\"share-end\"><\/li><li class=\"share-end\"><\/li><\/ul><\/div><\/div><\/div><\/div><\/div>","protected":false},"author":1,"featured_media":0,"comment_status":"open","ping_status":"open","sticky":false,"template":"","format":"standard","meta":{"spay_email":"","jetpack_publicize_message":"","jetpack_is_tweetstorm":false,"jetpack_publicize_feature_enabled":true},"categories":[4],"tags":[],"jetpack_featured_media_url":"","jetpack_publicize_connections":[],"jetpack_sharing_enabled":true,"jetpack_shortlink":"https:\/\/wp.me\/pcLMis-5Q","jetpack_likes_enabled":true,"_links":{"self":[{"href":"http:\/\/fridolin.vw-bulli.net\/index.php?rest_route=\/wp\/v2\/posts\/362"}],"collection":[{"href":"http:\/\/fridolin.vw-bulli.net\/index.php?rest_route=\/wp\/v2\/posts"}],"about":[{"href":"http:\/\/fridolin.vw-bulli.net\/index.php?rest_route=\/wp\/v2\/types\/post"}],"author":[{"embeddable":true,"href":"http:\/\/fridolin.vw-bulli.net\/index.php?rest_route=\/wp\/v2\/users\/1"}],"replies":[{"embeddable":true,"href":"http:\/\/fridolin.vw-bulli.net\/index.php?rest_route=%2Fwp%2Fv2%2Fcomments&post=362"}],"version-history":[{"count":3,"href":"http:\/\/fridolin.vw-bulli.net\/index.php?rest_route=\/wp\/v2\/posts\/362\/revisions"}],"predecessor-version":[{"id":365,"href":"http:\/\/fridolin.vw-bulli.net\/index.php?rest_route=\/wp\/v2\/posts\/362\/revisions\/365"}],"wp:attachment":[{"href":"http:\/\/fridolin.vw-bulli.net\/index.php?rest_route=%2Fwp%2Fv2%2Fmedia&parent=362"}],"wp:term":[{"taxonomy":"category","embeddable":true,"href":"http:\/\/fridolin.vw-bulli.net\/index.php?rest_route=%2Fwp%2Fv2%2Fcategories&post=362"},{"taxonomy":"post_tag","embeddable":true,"href":"http:\/\/fridolin.vw-bulli.net\/index.php?rest_route=%2Fwp%2Fv2%2Ftags&post=362"}],"curies":[{"name":"wp","href":"https:\/\/api.w.org\/{rel}","templated":true}]}}