{"id":356,"date":"2016-08-02T21:14:40","date_gmt":"2016-08-02T19:14:40","guid":{"rendered":"http:\/\/fridolin.vw-bulli.net\/2016\/08\/02\/rondinara-oder-einer-der-schoensten-straende-in-europa\/"},"modified":"2016-08-02T21:48:48","modified_gmt":"2016-08-02T19:48:48","slug":"rondinara-oder-einer-der-schoensten-straende-in-europa","status":"publish","type":"post","link":"http:\/\/fridolin.vw-bulli.net\/?p=356","title":{"rendered":"Rondinara oder einer der sch\u00f6nsten Str\u00e4nde in Europa"},"content":{"rendered":"<p>Rondinara, eine Bucht im S\u00fcden von Korsika, zwischen Porto-Vecchio und Bonfifacio, wurde wohl schon mehrfach zum sch\u00f6nsten Strand Europas gew\u00e4hlt. Nach den tollen Tagen in den Bergen mit Volker, Alexandra, Ronja &amp; Patricia sollte Rondinara mein n\u00e4chstes Ziel sein. Auf halber Strecke musste ich jedoch anhalten und schnell die Badehose anziehen, Flossen und Schnorchel schnappen, da ich an einer tollen kleinen Bucht vorbei kam.<\/p>\n<p><a href=\"http:\/\/fridolin.vw-bulli.net\/wp-content\/uploads\/2016\/08\/img_2999.jpg\"><img loading=\"lazy\" src=\"http:\/\/fridolin.vw-bulli.net\/wp-content\/uploads\/2016\/08\/img_2999.jpg\" alt=\"\" width=\"2448\" height=\"3264\" class=\"alignnone size-full wp-image-357\" srcset=\"http:\/\/fridolin.vw-bulli.net\/wp-content\/uploads\/2016\/08\/img_2999.jpg 2448w, http:\/\/fridolin.vw-bulli.net\/wp-content\/uploads\/2016\/08\/img_2999-500x667.jpg 500w, http:\/\/fridolin.vw-bulli.net\/wp-content\/uploads\/2016\/08\/img_2999-1024x1365.jpg 1024w, http:\/\/fridolin.vw-bulli.net\/wp-content\/uploads\/2016\/08\/img_2999-1200x1600.jpg 1200w\" sizes=\"(max-width: 709px) 85vw, (max-width: 909px) 67vw, (max-width: 1362px) 62vw, 840px\" \/><\/a><a href=\"http:\/\/fridolin.vw-bulli.net\/wp-content\/uploads\/2016\/08\/img_2996-1.jpg\"><img loading=\"lazy\" src=\"http:\/\/fridolin.vw-bulli.net\/wp-content\/uploads\/2016\/08\/img_2996-1.jpg\" alt=\"\" width=\"2448\" height=\"3264\" class=\"alignnone size-full wp-image-358\" srcset=\"http:\/\/fridolin.vw-bulli.net\/wp-content\/uploads\/2016\/08\/img_2996-1.jpg 2448w, http:\/\/fridolin.vw-bulli.net\/wp-content\/uploads\/2016\/08\/img_2996-1-500x667.jpg 500w, http:\/\/fridolin.vw-bulli.net\/wp-content\/uploads\/2016\/08\/img_2996-1-1024x1365.jpg 1024w, http:\/\/fridolin.vw-bulli.net\/wp-content\/uploads\/2016\/08\/img_2996-1-1200x1600.jpg 1200w\" sizes=\"(max-width: 709px) 85vw, (max-width: 909px) 67vw, (max-width: 1362px) 62vw, 840px\" \/><\/a><br \/>\nDer Weg dort hin war abenteuerlich steil aber es hat sich gelohnt. Einfach toll zwischen den Felsen zu Schnorcheln. Danach ging es weiter und ich nahm noch ein junges Tramperp\u00e4rchen bis Porto-Vecchio mit. Auf der Nationalstrasse ist noch alles ok aber die letzten 10 KM bis zum Campingplatz, der am H\u00fcgel \u00fcber der Bucht liegt, hatten es in sich. Wirklich schmal und die Strasse schl\u00e4ngelte sich bergauf und bergab wie eine Schlange durch die Berge. Der Anblick, als ich den h\u00f6chsten Punkt erreicht hatte und die Bucht zum ersten Mal sah, war atemberaubend. Ich habe schon sch\u00f6ne Buchten und Str\u00e4nde gesehen, aber noch nicht soetwas.&nbsp;<\/p>\n<p><a href=\"http:\/\/fridolin.vw-bulli.net\/wp-content\/uploads\/2016\/08\/img_3005.jpg\"><img loading=\"lazy\" src=\"http:\/\/fridolin.vw-bulli.net\/wp-content\/uploads\/2016\/08\/img_3005.jpg\" alt=\"\" width=\"3264\" height=\"2448\" class=\"alignnone size-full wp-image-355\" srcset=\"http:\/\/fridolin.vw-bulli.net\/wp-content\/uploads\/2016\/08\/img_3005.jpg 3264w, http:\/\/fridolin.vw-bulli.net\/wp-content\/uploads\/2016\/08\/img_3005-500x375.jpg 500w, http:\/\/fridolin.vw-bulli.net\/wp-content\/uploads\/2016\/08\/img_3005-1024x768.jpg 1024w, http:\/\/fridolin.vw-bulli.net\/wp-content\/uploads\/2016\/08\/img_3005-1200x900.jpg 1200w\" sizes=\"(max-width: 709px) 85vw, (max-width: 909px) 67vw, (max-width: 1362px) 62vw, 840px\" \/><\/a><br \/>\nDer Campingplatz, bei dem man nicht reservieren kann, war schon extrem voll aber Fridolin und ich haben noch ein kleines Pl\u00e4tzchen bei seinen Ur-Enkel und Ur-Ur-Enkel (T5 &amp; T6) gefunden. Einmal Schweizer und einmal Deutsche mit denen man direkt im Kontakt war und wertvolle Tipps bekommen hat.&nbsp;<\/p>\n<p>Nach dem Aufbau und einem Nickerchen ging es zum Schnorcheln in eine kleine Nebenbucht, etwas Abseits vom Hauptstrand. Ein wenig klettern war angesagt aber es hat sich gelohnt. Super feiner Sand, rote Felsen und ein glasklares t\u00fcrkisfarbenes Wasser in dem man viele Fische beim Schnorcheln sehen konnte. Ich werde versuchen die Tage die Unterwasseraufnahmen zusammen zu schneiden und ebenfalls online zu stellen. Ein toller Tag der nun mit Grillen und sp\u00e4ter dem ersten Bodensee Gin-Tonic, zuende geht.&nbsp;<\/p>\n<div class=\"sharedaddy sd-sharing-enabled\"><div class=\"robots-nocontent sd-block sd-social sd-social-icon-text sd-sharing\"><h3 class=\"sd-title\">Ich bin dann mal weg ...<\/h3><div class=\"sd-content\"><ul><li><a href=\"#\" class=\"sharing-anchor sd-button share-more\"><span>Teilen<\/span><\/a><\/li><li class=\"share-end\"><\/li><\/ul><div class=\"sharing-hidden\"><div class=\"inner\" style=\"display: none;\"><ul><li class=\"share-facebook\"><a rel=\"nofollow noopener noreferrer\" data-shared=\"sharing-facebook-356\" class=\"share-facebook sd-button share-icon\" href=\"http:\/\/fridolin.vw-bulli.net\/?p=356&amp;share=facebook\" target=\"_blank\" title=\"Klick, um auf Facebook zu teilen\"><span>Facebook<\/span><\/a><\/li><li class=\"share-twitter\"><a rel=\"nofollow noopener noreferrer\" data-shared=\"sharing-twitter-356\" class=\"share-twitter sd-button share-icon\" href=\"http:\/\/fridolin.vw-bulli.net\/?p=356&amp;share=twitter\" target=\"_blank\" title=\"Klick, um \u00fcber Twitter zu teilen\"><span>Twitter<\/span><\/a><\/li><li class=\"share-end\"><\/li><li class=\"share-end\"><\/li><\/ul><\/div><\/div><\/div><\/div><\/div>","protected":false},"excerpt":{"rendered":"<p>Rondinara, eine Bucht im S\u00fcden von Korsika, zwischen Porto-Vecchio und Bonfifacio, wurde wohl schon mehrfach zum sch\u00f6nsten Strand Europas gew\u00e4hlt. Nach den tollen Tagen in den Bergen mit Volker, Alexandra, Ronja &amp; Patricia sollte Rondinara mein n\u00e4chstes Ziel sein. Auf halber Strecke musste ich jedoch anhalten und schnell die Badehose anziehen, Flossen und Schnorchel schnappen, &hellip; <a href=\"http:\/\/fridolin.vw-bulli.net\/?p=356\" class=\"more-link\"><span class=\"screen-reader-text\">&#8222;Rondinara oder einer der sch\u00f6nsten Str\u00e4nde in Europa&#8220; <\/span>weiterlesen<\/a><\/p>\n<div class=\"sharedaddy sd-sharing-enabled\"><div class=\"robots-nocontent sd-block sd-social sd-social-icon-text sd-sharing\"><h3 class=\"sd-title\">Ich bin dann mal weg ...<\/h3><div class=\"sd-content\"><ul><li><a href=\"#\" class=\"sharing-anchor sd-button share-more\"><span>Teilen<\/span><\/a><\/li><li class=\"share-end\"><\/li><\/ul><div class=\"sharing-hidden\"><div class=\"inner\" style=\"display: none;\"><ul><li class=\"share-facebook\"><a rel=\"nofollow noopener noreferrer\" data-shared=\"sharing-facebook-356\" class=\"share-facebook sd-button share-icon\" href=\"http:\/\/fridolin.vw-bulli.net\/?p=356&amp;share=facebook\" target=\"_blank\" title=\"Klick, um auf Facebook zu teilen\"><span>Facebook<\/span><\/a><\/li><li class=\"share-twitter\"><a rel=\"nofollow noopener noreferrer\" data-shared=\"sharing-twitter-356\" class=\"share-twitter sd-button share-icon\" href=\"http:\/\/fridolin.vw-bulli.net\/?p=356&amp;share=twitter\" target=\"_blank\" title=\"Klick, um \u00fcber Twitter zu teilen\"><span>Twitter<\/span><\/a><\/li><li class=\"share-end\"><\/li><li class=\"share-end\"><\/li><\/ul><\/div><\/div><\/div><\/div><\/div>","protected":false},"author":1,"featured_media":0,"comment_status":"open","ping_status":"open","sticky":false,"template":"","format":"standard","meta":{"spay_email":"","jetpack_publicize_message":"","jetpack_is_tweetstorm":false,"jetpack_publicize_feature_enabled":true},"categories":[4],"tags":[],"jetpack_featured_media_url":"","jetpack_publicize_connections":[],"jetpack_sharing_enabled":true,"jetpack_shortlink":"https:\/\/wp.me\/pcLMis-5K","jetpack_likes_enabled":true,"_links":{"self":[{"href":"http:\/\/fridolin.vw-bulli.net\/index.php?rest_route=\/wp\/v2\/posts\/356"}],"collection":[{"href":"http:\/\/fridolin.vw-bulli.net\/index.php?rest_route=\/wp\/v2\/posts"}],"about":[{"href":"http:\/\/fridolin.vw-bulli.net\/index.php?rest_route=\/wp\/v2\/types\/post"}],"author":[{"embeddable":true,"href":"http:\/\/fridolin.vw-bulli.net\/index.php?rest_route=\/wp\/v2\/users\/1"}],"replies":[{"embeddable":true,"href":"http:\/\/fridolin.vw-bulli.net\/index.php?rest_route=%2Fwp%2Fv2%2Fcomments&post=356"}],"version-history":[{"count":1,"href":"http:\/\/fridolin.vw-bulli.net\/index.php?rest_route=\/wp\/v2\/posts\/356\/revisions"}],"predecessor-version":[{"id":359,"href":"http:\/\/fridolin.vw-bulli.net\/index.php?rest_route=\/wp\/v2\/posts\/356\/revisions\/359"}],"wp:attachment":[{"href":"http:\/\/fridolin.vw-bulli.net\/index.php?rest_route=%2Fwp%2Fv2%2Fmedia&parent=356"}],"wp:term":[{"taxonomy":"category","embeddable":true,"href":"http:\/\/fridolin.vw-bulli.net\/index.php?rest_route=%2Fwp%2Fv2%2Fcategories&post=356"},{"taxonomy":"post_tag","embeddable":true,"href":"http:\/\/fridolin.vw-bulli.net\/index.php?rest_route=%2Fwp%2Fv2%2Ftags&post=356"}],"curies":[{"name":"wp","href":"https:\/\/api.w.org\/{rel}","templated":true}]}}