{"id":354,"date":"2016-07-31T23:19:30","date_gmt":"2016-07-31T21:19:30","guid":{"rendered":"http:\/\/fridolin.vw-bulli.net\/2016\/07\/31\/in-den-bergen-bei-solarenza\/"},"modified":"2016-07-31T23:19:30","modified_gmt":"2016-07-31T21:19:30","slug":"in-den-bergen-bei-solarenza","status":"publish","type":"post","link":"http:\/\/fridolin.vw-bulli.net\/?p=354","title":{"rendered":"In den Bergen bei Solarenza"},"content":{"rendered":"<p>Das Sch\u00f6ne an meiner Reise ist, dass ich nichts gebucht habe und mir jeden Morgen die Frage stellen darf &#8222;was will ich heute tun und wo will ich hin?&#8220;<\/p>\n<p>Vorgestern sind Volker, Alexander und die kleine Ronja weitergereist. So sch\u00f6n der Campingplatz San Damiano auch war, mit ihnen war es sch\u00f6ner. Also SMS geschickt wo sie den stecken und ab hinterher. Eigentlich wollte ich ja immer am Meer lang aber sie waren in den Bergen an einem Fluss mit Gumpen (Wasserbecken). Die letzten Kilometer waren fast schon abenteuerlich kleine Str\u00e4sschen und den angegebenen Campingplatz habe ich nicht mal bei Google Maps gefunden. Sehr klein, kein Stromanschluss, kein Supermarkt, einfach nur Stellpl\u00e4tze zwischen Pinien und Eukalyptus B\u00e4umen und ein kleines Sanit\u00e4ter H\u00e4uschen. Aber es lohnt sich!<\/p>\n<p><a href=\"http:\/\/fridolin.vw-bulli.net\/wp-content\/uploads\/2016\/07\/img_2962.jpg\"><img loading=\"lazy\" width=\"480\" height=\"360\" alt=\"\" src=\"http:\/\/fridolin.vw-bulli.net\/wp-content\/uploads\/2016\/07\/img_2962.jpg\" title=\"\" class=\"alignnone size-medium wp-image-350\" srcset=\"http:\/\/fridolin.vw-bulli.net\/wp-content\/uploads\/2016\/07\/img_2962.jpg 3264w, http:\/\/fridolin.vw-bulli.net\/wp-content\/uploads\/2016\/07\/img_2962-500x375.jpg 500w, http:\/\/fridolin.vw-bulli.net\/wp-content\/uploads\/2016\/07\/img_2962-1024x768.jpg 1024w, http:\/\/fridolin.vw-bulli.net\/wp-content\/uploads\/2016\/07\/img_2962-1200x900.jpg 1200w\" sizes=\"(max-width: 480px) 85vw, 480px\" \/><\/a><a href=\"http:\/\/fridolin.vw-bulli.net\/wp-content\/uploads\/2016\/07\/img_2960.jpg\"><img loading=\"lazy\" width=\"480\" height=\"360\" alt=\"\" src=\"http:\/\/fridolin.vw-bulli.net\/wp-content\/uploads\/2016\/07\/img_2960.jpg\" title=\"\" class=\"alignnone size-medium wp-image-351\" srcset=\"http:\/\/fridolin.vw-bulli.net\/wp-content\/uploads\/2016\/07\/img_2960.jpg 3264w, http:\/\/fridolin.vw-bulli.net\/wp-content\/uploads\/2016\/07\/img_2960-500x375.jpg 500w, http:\/\/fridolin.vw-bulli.net\/wp-content\/uploads\/2016\/07\/img_2960-1024x768.jpg 1024w, http:\/\/fridolin.vw-bulli.net\/wp-content\/uploads\/2016\/07\/img_2960-1200x900.jpg 1200w\" sizes=\"(max-width: 480px) 85vw, 480px\" \/><\/a><a href=\"http:\/\/fridolin.vw-bulli.net\/wp-content\/uploads\/2016\/07\/img_2968.jpg\"><img loading=\"lazy\" width=\"360\" height=\"480\" alt=\"\" src=\"http:\/\/fridolin.vw-bulli.net\/wp-content\/uploads\/2016\/07\/img_2968.jpg\" title=\"\" class=\"alignnone size-large wp-image-353\" srcset=\"http:\/\/fridolin.vw-bulli.net\/wp-content\/uploads\/2016\/07\/img_2968.jpg 2448w, http:\/\/fridolin.vw-bulli.net\/wp-content\/uploads\/2016\/07\/img_2968-500x667.jpg 500w, http:\/\/fridolin.vw-bulli.net\/wp-content\/uploads\/2016\/07\/img_2968-1024x1365.jpg 1024w, http:\/\/fridolin.vw-bulli.net\/wp-content\/uploads\/2016\/07\/img_2968-1200x1600.jpg 1200w\" sizes=\"(max-width: 360px) 85vw, 360px\" \/><\/a><br \/>\nDas Wasser im Fluss ist richtig warm und klasklar. Einfach Phantastisch. Neben Schwimmen gehen haben wir die Bremse nochmal besser eingestellt.&nbsp;<\/p>\n<p><a href=\"http:\/\/fridolin.vw-bulli.net\/wp-content\/uploads\/2016\/07\/img_2966.jpg\"><img loading=\"lazy\" width=\"360\" height=\"480\" alt=\"\" src=\"http:\/\/fridolin.vw-bulli.net\/wp-content\/uploads\/2016\/07\/img_2966.jpg\" title=\"\" class=\"alignnone size-large wp-image-352\" srcset=\"http:\/\/fridolin.vw-bulli.net\/wp-content\/uploads\/2016\/07\/img_2966.jpg 2448w, http:\/\/fridolin.vw-bulli.net\/wp-content\/uploads\/2016\/07\/img_2966-500x667.jpg 500w, http:\/\/fridolin.vw-bulli.net\/wp-content\/uploads\/2016\/07\/img_2966-1024x1365.jpg 1024w, http:\/\/fridolin.vw-bulli.net\/wp-content\/uploads\/2016\/07\/img_2966-1200x1600.jpg 1200w\" sizes=\"(max-width: 360px) 85vw, 360px\" \/><\/a><br \/>\nNach dem Abendessen ging es noch mit ein paar Getr\u00e4nken an den Fluss. Eine ganze Gruppe hat den Abend lang musiziert und hier in den Bergen ist ein Sternenhimmel zu sehen, wie ich ihn zuletzt als kleines Kind gesehen habe.&nbsp;<\/p>\n<p>Kurz um: Und wieder ein toller Tag auf meiner Reise.&nbsp;<\/p>\n<div class=\"sharedaddy sd-sharing-enabled\"><div class=\"robots-nocontent sd-block sd-social sd-social-icon-text sd-sharing\"><h3 class=\"sd-title\">Ich bin dann mal weg ...<\/h3><div class=\"sd-content\"><ul><li><a href=\"#\" class=\"sharing-anchor sd-button share-more\"><span>Teilen<\/span><\/a><\/li><li class=\"share-end\"><\/li><\/ul><div class=\"sharing-hidden\"><div class=\"inner\" style=\"display: none;\"><ul><li class=\"share-facebook\"><a rel=\"nofollow noopener noreferrer\" data-shared=\"sharing-facebook-354\" class=\"share-facebook sd-button share-icon\" href=\"http:\/\/fridolin.vw-bulli.net\/?p=354&amp;share=facebook\" target=\"_blank\" title=\"Klick, um auf Facebook zu teilen\"><span>Facebook<\/span><\/a><\/li><li class=\"share-twitter\"><a rel=\"nofollow noopener noreferrer\" data-shared=\"sharing-twitter-354\" class=\"share-twitter sd-button share-icon\" href=\"http:\/\/fridolin.vw-bulli.net\/?p=354&amp;share=twitter\" target=\"_blank\" title=\"Klick, um \u00fcber Twitter zu teilen\"><span>Twitter<\/span><\/a><\/li><li class=\"share-end\"><\/li><li class=\"share-end\"><\/li><\/ul><\/div><\/div><\/div><\/div><\/div>","protected":false},"excerpt":{"rendered":"<p>Das Sch\u00f6ne an meiner Reise ist, dass ich nichts gebucht habe und mir jeden Morgen die Frage stellen darf &#8222;was will ich heute tun und wo will ich hin?&#8220; Vorgestern sind Volker, Alexander und die kleine Ronja weitergereist. So sch\u00f6n der Campingplatz San Damiano auch war, mit ihnen war es sch\u00f6ner. Also SMS geschickt wo &hellip; <a href=\"http:\/\/fridolin.vw-bulli.net\/?p=354\" class=\"more-link\"><span class=\"screen-reader-text\">&#8222;In den Bergen bei Solarenza&#8220; <\/span>weiterlesen<\/a><\/p>\n<div class=\"sharedaddy sd-sharing-enabled\"><div class=\"robots-nocontent sd-block sd-social sd-social-icon-text sd-sharing\"><h3 class=\"sd-title\">Ich bin dann mal weg ...<\/h3><div class=\"sd-content\"><ul><li><a href=\"#\" class=\"sharing-anchor sd-button share-more\"><span>Teilen<\/span><\/a><\/li><li class=\"share-end\"><\/li><\/ul><div class=\"sharing-hidden\"><div class=\"inner\" style=\"display: none;\"><ul><li class=\"share-facebook\"><a rel=\"nofollow noopener noreferrer\" data-shared=\"sharing-facebook-354\" class=\"share-facebook sd-button share-icon\" href=\"http:\/\/fridolin.vw-bulli.net\/?p=354&amp;share=facebook\" target=\"_blank\" title=\"Klick, um auf Facebook zu teilen\"><span>Facebook<\/span><\/a><\/li><li class=\"share-twitter\"><a rel=\"nofollow noopener noreferrer\" data-shared=\"sharing-twitter-354\" class=\"share-twitter sd-button share-icon\" href=\"http:\/\/fridolin.vw-bulli.net\/?p=354&amp;share=twitter\" target=\"_blank\" title=\"Klick, um \u00fcber Twitter zu teilen\"><span>Twitter<\/span><\/a><\/li><li class=\"share-end\"><\/li><li class=\"share-end\"><\/li><\/ul><\/div><\/div><\/div><\/div><\/div>","protected":false},"author":1,"featured_media":0,"comment_status":"open","ping_status":"open","sticky":false,"template":"","format":"standard","meta":{"spay_email":"","jetpack_publicize_message":"","jetpack_is_tweetstorm":false,"jetpack_publicize_feature_enabled":true},"categories":[4],"tags":[],"jetpack_featured_media_url":"","jetpack_publicize_connections":[],"jetpack_sharing_enabled":true,"jetpack_shortlink":"https:\/\/wp.me\/pcLMis-5I","jetpack_likes_enabled":true,"_links":{"self":[{"href":"http:\/\/fridolin.vw-bulli.net\/index.php?rest_route=\/wp\/v2\/posts\/354"}],"collection":[{"href":"http:\/\/fridolin.vw-bulli.net\/index.php?rest_route=\/wp\/v2\/posts"}],"about":[{"href":"http:\/\/fridolin.vw-bulli.net\/index.php?rest_route=\/wp\/v2\/types\/post"}],"author":[{"embeddable":true,"href":"http:\/\/fridolin.vw-bulli.net\/index.php?rest_route=\/wp\/v2\/users\/1"}],"replies":[{"embeddable":true,"href":"http:\/\/fridolin.vw-bulli.net\/index.php?rest_route=%2Fwp%2Fv2%2Fcomments&post=354"}],"version-history":[{"count":0,"href":"http:\/\/fridolin.vw-bulli.net\/index.php?rest_route=\/wp\/v2\/posts\/354\/revisions"}],"wp:attachment":[{"href":"http:\/\/fridolin.vw-bulli.net\/index.php?rest_route=%2Fwp%2Fv2%2Fmedia&parent=354"}],"wp:term":[{"taxonomy":"category","embeddable":true,"href":"http:\/\/fridolin.vw-bulli.net\/index.php?rest_route=%2Fwp%2Fv2%2Fcategories&post=354"},{"taxonomy":"post_tag","embeddable":true,"href":"http:\/\/fridolin.vw-bulli.net\/index.php?rest_route=%2Fwp%2Fv2%2Ftags&post=354"}],"curies":[{"name":"wp","href":"https:\/\/api.w.org\/{rel}","templated":true}]}}