{"id":346,"date":"2016-07-27T18:18:30","date_gmt":"2016-07-27T16:18:30","guid":{"rendered":"http:\/\/fridolin.vw-bulli.net\/2016\/07\/27\/aufgaben-fuer-gregor\/"},"modified":"2016-07-27T19:47:50","modified_gmt":"2016-07-27T17:47:50","slug":"aufgaben-fuer-gregor","status":"publish","type":"post","link":"http:\/\/fridolin.vw-bulli.net\/?p=346","title":{"rendered":"Aufgaben f\u00fcr Gregor\u00a0"},"content":{"rendered":"<p>Irgendwie hatten meine lieben Kolleginnen &amp; Kollegen wohl Bedenken, dass es mir auf meiner Reise langweilig werden k\u00f6nnte. Deshalb gab es zum Ausstand neben einem tollen Bodensee Gin noch 10 Kuverts mit Aufgaben die ich zu erledigen habe und f\u00fcr jede Aufgabe ein kleines Sponsoring im Kuvert \ud83d\ude0f<\/p>\n<p><a href=\"http:\/\/fridolin.vw-bulli.net\/wp-content\/uploads\/2016\/07\/img_2927-1.jpg\"><img loading=\"lazy\" width=\"480\" height=\"360\" alt=\"\" src=\"http:\/\/fridolin.vw-bulli.net\/wp-content\/uploads\/2016\/07\/img_2927-1.jpg\" title=\"\" class=\"alignnone size-medium wp-image-345\" srcset=\"http:\/\/fridolin.vw-bulli.net\/wp-content\/uploads\/2016\/07\/img_2927-1.jpg 3264w, http:\/\/fridolin.vw-bulli.net\/wp-content\/uploads\/2016\/07\/img_2927-1-500x375.jpg 500w, http:\/\/fridolin.vw-bulli.net\/wp-content\/uploads\/2016\/07\/img_2927-1-1024x768.jpg 1024w, http:\/\/fridolin.vw-bulli.net\/wp-content\/uploads\/2016\/07\/img_2927-1-1200x900.jpg 1200w\" sizes=\"(max-width: 480px) 85vw, 480px\" \/><\/a><br \/>\nVom &#8222;Aufgaben f\u00fcr Gregor Organisationsteam&#8220; wurde sehr grossen Wert darauf gelegt, dass ich auch alle Aufgaben erf\u00fclle und hier dokumentiere. Insbesondere von einer Aufgabe (das Kuvert befindet sich weiter unten) werden Beweisfotos erwartet. Also kann ich hier auch gleich dazu aufrufen sich zu melden, wenn du weiblich, charmant und am\u00fcsant bist um mit mir das besagte &nbsp;Kuvert ein zu l\u00f6sen \ud83d\ude09<\/p>\n<p>Das erste Kuvert oben = Check&nbsp;<\/p>\n<p>Fridolin hat es gefreut, denn \u00fcber den Gotthard war er durstig \ud83d\ude09<\/p>\n<p>Da ich meine Reiseroute ge\u00e4ndert habe habe ich den Change Request beim &#8222;Aufgaben f\u00fcr Gregor Organisationsteam&#8220; gestellt, dass ich Flexibilit\u00e4t f\u00fcr die Erf\u00fcllungsorte der Aufgaben erhalte. Dem w\u00fcrde heute statt gegen. Dank euch M\u00e4dels.&nbsp;<\/p>\n<div class=\"sharedaddy sd-sharing-enabled\"><div class=\"robots-nocontent sd-block sd-social sd-social-icon-text sd-sharing\"><h3 class=\"sd-title\">Ich bin dann mal weg ...<\/h3><div class=\"sd-content\"><ul><li><a href=\"#\" class=\"sharing-anchor sd-button share-more\"><span>Teilen<\/span><\/a><\/li><li class=\"share-end\"><\/li><\/ul><div class=\"sharing-hidden\"><div class=\"inner\" style=\"display: none;\"><ul><li class=\"share-facebook\"><a rel=\"nofollow noopener noreferrer\" data-shared=\"sharing-facebook-346\" class=\"share-facebook sd-button share-icon\" href=\"http:\/\/fridolin.vw-bulli.net\/?p=346&amp;share=facebook\" target=\"_blank\" title=\"Klick, um auf Facebook zu teilen\"><span>Facebook<\/span><\/a><\/li><li class=\"share-twitter\"><a rel=\"nofollow noopener noreferrer\" data-shared=\"sharing-twitter-346\" class=\"share-twitter sd-button share-icon\" href=\"http:\/\/fridolin.vw-bulli.net\/?p=346&amp;share=twitter\" target=\"_blank\" title=\"Klick, um \u00fcber Twitter zu teilen\"><span>Twitter<\/span><\/a><\/li><li class=\"share-end\"><\/li><li class=\"share-end\"><\/li><\/ul><\/div><\/div><\/div><\/div><\/div>","protected":false},"excerpt":{"rendered":"<p>Irgendwie hatten meine lieben Kolleginnen &amp; Kollegen wohl Bedenken, dass es mir auf meiner Reise langweilig werden k\u00f6nnte. Deshalb gab es zum Ausstand neben einem tollen Bodensee Gin noch 10 Kuverts mit Aufgaben die ich zu erledigen habe und f\u00fcr jede Aufgabe ein kleines Sponsoring im Kuvert \ud83d\ude0f Vom &#8222;Aufgaben f\u00fcr Gregor Organisationsteam&#8220; wurde sehr &hellip; <a href=\"http:\/\/fridolin.vw-bulli.net\/?p=346\" class=\"more-link\"><span class=\"screen-reader-text\">&#8222;Aufgaben f\u00fcr Gregor\u00a0&#8220; <\/span>weiterlesen<\/a><\/p>\n<div class=\"sharedaddy sd-sharing-enabled\"><div class=\"robots-nocontent sd-block sd-social sd-social-icon-text sd-sharing\"><h3 class=\"sd-title\">Ich bin dann mal weg ...<\/h3><div class=\"sd-content\"><ul><li><a href=\"#\" class=\"sharing-anchor sd-button share-more\"><span>Teilen<\/span><\/a><\/li><li class=\"share-end\"><\/li><\/ul><div class=\"sharing-hidden\"><div class=\"inner\" style=\"display: none;\"><ul><li class=\"share-facebook\"><a rel=\"nofollow noopener noreferrer\" data-shared=\"sharing-facebook-346\" class=\"share-facebook sd-button share-icon\" href=\"http:\/\/fridolin.vw-bulli.net\/?p=346&amp;share=facebook\" target=\"_blank\" title=\"Klick, um auf Facebook zu teilen\"><span>Facebook<\/span><\/a><\/li><li class=\"share-twitter\"><a rel=\"nofollow noopener noreferrer\" data-shared=\"sharing-twitter-346\" class=\"share-twitter sd-button share-icon\" href=\"http:\/\/fridolin.vw-bulli.net\/?p=346&amp;share=twitter\" target=\"_blank\" title=\"Klick, um \u00fcber Twitter zu teilen\"><span>Twitter<\/span><\/a><\/li><li class=\"share-end\"><\/li><li class=\"share-end\"><\/li><\/ul><\/div><\/div><\/div><\/div><\/div>","protected":false},"author":1,"featured_media":0,"comment_status":"open","ping_status":"open","sticky":false,"template":"","format":"standard","meta":{"spay_email":"","jetpack_publicize_message":"","jetpack_is_tweetstorm":false,"jetpack_publicize_feature_enabled":true},"categories":[4],"tags":[],"jetpack_featured_media_url":"","jetpack_publicize_connections":[],"jetpack_sharing_enabled":true,"jetpack_shortlink":"https:\/\/wp.me\/pcLMis-5A","jetpack_likes_enabled":true,"_links":{"self":[{"href":"http:\/\/fridolin.vw-bulli.net\/index.php?rest_route=\/wp\/v2\/posts\/346"}],"collection":[{"href":"http:\/\/fridolin.vw-bulli.net\/index.php?rest_route=\/wp\/v2\/posts"}],"about":[{"href":"http:\/\/fridolin.vw-bulli.net\/index.php?rest_route=\/wp\/v2\/types\/post"}],"author":[{"embeddable":true,"href":"http:\/\/fridolin.vw-bulli.net\/index.php?rest_route=\/wp\/v2\/users\/1"}],"replies":[{"embeddable":true,"href":"http:\/\/fridolin.vw-bulli.net\/index.php?rest_route=%2Fwp%2Fv2%2Fcomments&post=346"}],"version-history":[{"count":1,"href":"http:\/\/fridolin.vw-bulli.net\/index.php?rest_route=\/wp\/v2\/posts\/346\/revisions"}],"predecessor-version":[{"id":347,"href":"http:\/\/fridolin.vw-bulli.net\/index.php?rest_route=\/wp\/v2\/posts\/346\/revisions\/347"}],"wp:attachment":[{"href":"http:\/\/fridolin.vw-bulli.net\/index.php?rest_route=%2Fwp%2Fv2%2Fmedia&parent=346"}],"wp:term":[{"taxonomy":"category","embeddable":true,"href":"http:\/\/fridolin.vw-bulli.net\/index.php?rest_route=%2Fwp%2Fv2%2Fcategories&post=346"},{"taxonomy":"post_tag","embeddable":true,"href":"http:\/\/fridolin.vw-bulli.net\/index.php?rest_route=%2Fwp%2Fv2%2Ftags&post=346"}],"curies":[{"name":"wp","href":"https:\/\/api.w.org\/{rel}","templated":true}]}}