{"id":342,"date":"2016-07-27T09:49:56","date_gmt":"2016-07-27T07:49:56","guid":{"rendered":"http:\/\/fridolin.vw-bulli.net\/2016\/07\/27\/ab-nach-korsika\/"},"modified":"2016-07-27T11:43:48","modified_gmt":"2016-07-27T09:43:48","slug":"ab-nach-korsika","status":"publish","type":"post","link":"http:\/\/fridolin.vw-bulli.net\/?p=342","title":{"rendered":"Ab nach Korsika"},"content":{"rendered":"<p>Nach einer kurzen \u00dcbernachtung im Bibbone ging es gestern auf die F\u00e4hre von Livorno nach Bastia auf Korsika.&nbsp;<\/p>\n<p><a href=\"http:\/\/fridolin.vw-bulli.net\/wp-content\/uploads\/2016\/07\/img_2904.jpg\"><img loading=\"lazy\" width=\"480\" height=\"360\" alt=\"\" src=\"http:\/\/fridolin.vw-bulli.net\/wp-content\/uploads\/2016\/07\/img_2904.jpg\" title=\"\" class=\"alignnone size-medium wp-image-335\" srcset=\"http:\/\/fridolin.vw-bulli.net\/wp-content\/uploads\/2016\/07\/img_2904.jpg 3264w, http:\/\/fridolin.vw-bulli.net\/wp-content\/uploads\/2016\/07\/img_2904-500x375.jpg 500w, http:\/\/fridolin.vw-bulli.net\/wp-content\/uploads\/2016\/07\/img_2904-1024x768.jpg 1024w, http:\/\/fridolin.vw-bulli.net\/wp-content\/uploads\/2016\/07\/img_2904-1200x900.jpg 1200w\" sizes=\"(max-width: 480px) 85vw, 480px\" \/><\/a><a href=\"http:\/\/fridolin.vw-bulli.net\/wp-content\/uploads\/2016\/07\/img_2903.jpg\"><img loading=\"lazy\" width=\"480\" height=\"360\" alt=\"\" src=\"http:\/\/fridolin.vw-bulli.net\/wp-content\/uploads\/2016\/07\/img_2903.jpg\" title=\"\" class=\"alignnone size-medium wp-image-337\" srcset=\"http:\/\/fridolin.vw-bulli.net\/wp-content\/uploads\/2016\/07\/img_2903.jpg 3264w, http:\/\/fridolin.vw-bulli.net\/wp-content\/uploads\/2016\/07\/img_2903-500x375.jpg 500w, http:\/\/fridolin.vw-bulli.net\/wp-content\/uploads\/2016\/07\/img_2903-1024x768.jpg 1024w, http:\/\/fridolin.vw-bulli.net\/wp-content\/uploads\/2016\/07\/img_2903-1200x900.jpg 1200w\" sizes=\"(max-width: 480px) 85vw, 480px\" \/><\/a><a href=\"http:\/\/fridolin.vw-bulli.net\/wp-content\/uploads\/2016\/07\/img_2907.jpg\"><img loading=\"lazy\" width=\"480\" height=\"360\" alt=\"\" src=\"http:\/\/fridolin.vw-bulli.net\/wp-content\/uploads\/2016\/07\/img_2907.jpg\" title=\"\" class=\"alignnone size-medium wp-image-336\" srcset=\"http:\/\/fridolin.vw-bulli.net\/wp-content\/uploads\/2016\/07\/img_2907.jpg 3264w, http:\/\/fridolin.vw-bulli.net\/wp-content\/uploads\/2016\/07\/img_2907-500x375.jpg 500w, http:\/\/fridolin.vw-bulli.net\/wp-content\/uploads\/2016\/07\/img_2907-1024x768.jpg 1024w, http:\/\/fridolin.vw-bulli.net\/wp-content\/uploads\/2016\/07\/img_2907-1200x900.jpg 1200w\" sizes=\"(max-width: 480px) 85vw, 480px\" \/><\/a><br \/>\nEine 4 Stunden \u00dcberfahrt auf dem herrlich tiefblauen Meer. So ein Blau habe ich schon lange nicht mehr gesehen.&nbsp;<\/p>\n<p><a href=\"http:\/\/fridolin.vw-bulli.net\/wp-content\/uploads\/2016\/07\/img_2913.jpg\"><img loading=\"lazy\" width=\"480\" height=\"360\" alt=\"\" src=\"http:\/\/fridolin.vw-bulli.net\/wp-content\/uploads\/2016\/07\/img_2913.jpg\" title=\"\" class=\"alignnone size-medium wp-image-338\" srcset=\"http:\/\/fridolin.vw-bulli.net\/wp-content\/uploads\/2016\/07\/img_2913.jpg 3264w, http:\/\/fridolin.vw-bulli.net\/wp-content\/uploads\/2016\/07\/img_2913-500x375.jpg 500w, http:\/\/fridolin.vw-bulli.net\/wp-content\/uploads\/2016\/07\/img_2913-1024x768.jpg 1024w, http:\/\/fridolin.vw-bulli.net\/wp-content\/uploads\/2016\/07\/img_2913-1200x900.jpg 1200w\" sizes=\"(max-width: 480px) 85vw, 480px\" \/><\/a><a href=\"http:\/\/fridolin.vw-bulli.net\/wp-content\/uploads\/2016\/07\/img_2917.jpg\"><img loading=\"lazy\" width=\"360\" height=\"480\" alt=\"\" src=\"http:\/\/fridolin.vw-bulli.net\/wp-content\/uploads\/2016\/07\/img_2917.jpg\" title=\"\" class=\"alignnone size-large wp-image-339\" srcset=\"http:\/\/fridolin.vw-bulli.net\/wp-content\/uploads\/2016\/07\/img_2917.jpg 2448w, http:\/\/fridolin.vw-bulli.net\/wp-content\/uploads\/2016\/07\/img_2917-500x667.jpg 500w, http:\/\/fridolin.vw-bulli.net\/wp-content\/uploads\/2016\/07\/img_2917-1024x1365.jpg 1024w, http:\/\/fridolin.vw-bulli.net\/wp-content\/uploads\/2016\/07\/img_2917-1200x1600.jpg 1200w\" sizes=\"(max-width: 360px) 85vw, 360px\" \/><\/a><br \/>\nAuf Korsika angekommen ging es ab ins Verkehrschaos. Da es mehr oder weniger nur eine grosse Strasse gibt muss jeder hier lang. Doch nach 30 Minuten sind Fridolin und ich gut auf dem Camping <a href=\"http:\/\/www.campingsandamiano.com\/\">San Damiano<\/a> angekommen und haben direkt am Strand unter ein paar Pinien einen sch\u00f6nen Platz bekommen.&nbsp;<\/p>\n<p><a href=\"http:\/\/fridolin.vw-bulli.net\/wp-content\/uploads\/2016\/07\/img_2919.jpg\"><img loading=\"lazy\" width=\"480\" height=\"360\" alt=\"\" src=\"http:\/\/fridolin.vw-bulli.net\/wp-content\/uploads\/2016\/07\/img_2919.jpg\" title=\"\" class=\"alignnone size-medium wp-image-340\" srcset=\"http:\/\/fridolin.vw-bulli.net\/wp-content\/uploads\/2016\/07\/img_2919.jpg 3264w, http:\/\/fridolin.vw-bulli.net\/wp-content\/uploads\/2016\/07\/img_2919-500x375.jpg 500w, http:\/\/fridolin.vw-bulli.net\/wp-content\/uploads\/2016\/07\/img_2919-1024x768.jpg 1024w, http:\/\/fridolin.vw-bulli.net\/wp-content\/uploads\/2016\/07\/img_2919-1200x900.jpg 1200w\" sizes=\"(max-width: 480px) 85vw, 480px\" \/><\/a><a href=\"http:\/\/fridolin.vw-bulli.net\/wp-content\/uploads\/2016\/07\/img_2921.jpg\"><img loading=\"lazy\" width=\"480\" height=\"360\" alt=\"\" src=\"http:\/\/fridolin.vw-bulli.net\/wp-content\/uploads\/2016\/07\/img_2921.jpg\" title=\"\" class=\"alignnone size-medium wp-image-341\" srcset=\"http:\/\/fridolin.vw-bulli.net\/wp-content\/uploads\/2016\/07\/img_2921.jpg 3264w, http:\/\/fridolin.vw-bulli.net\/wp-content\/uploads\/2016\/07\/img_2921-500x375.jpg 500w, http:\/\/fridolin.vw-bulli.net\/wp-content\/uploads\/2016\/07\/img_2921-1024x768.jpg 1024w, http:\/\/fridolin.vw-bulli.net\/wp-content\/uploads\/2016\/07\/img_2921-1200x900.jpg 1200w\" sizes=\"(max-width: 480px) 85vw, 480px\" \/><\/a><br \/>\nJetzt erst mal ein paar Tage hier entspannen, dann nach Fridolins Wehwehchen schauen und weiter in den S\u00fcden, immer an der K\u00fcste entlang. Hier wurde ich schon vorgewarnt man solle mit einer Reisegeschwindigkeit von 30 KM\/h rechnen und unbedingt so losfahren, dass man vor 9:30 Uhr sein Ziel erreicht denn sonst kommt der Berufsverkehr und die mit den F\u00e4hren ankommenden Touristen. Also auch im Urlaub brauche ich auf Korsika wohl einen Wecker.&nbsp;<\/p>\n<div class=\"sharedaddy sd-sharing-enabled\"><div class=\"robots-nocontent sd-block sd-social sd-social-icon-text sd-sharing\"><h3 class=\"sd-title\">Ich bin dann mal weg ...<\/h3><div class=\"sd-content\"><ul><li><a href=\"#\" class=\"sharing-anchor sd-button share-more\"><span>Teilen<\/span><\/a><\/li><li class=\"share-end\"><\/li><\/ul><div class=\"sharing-hidden\"><div class=\"inner\" style=\"display: none;\"><ul><li class=\"share-facebook\"><a rel=\"nofollow noopener noreferrer\" data-shared=\"sharing-facebook-342\" class=\"share-facebook sd-button share-icon\" href=\"http:\/\/fridolin.vw-bulli.net\/?p=342&amp;share=facebook\" target=\"_blank\" title=\"Klick, um auf Facebook zu teilen\"><span>Facebook<\/span><\/a><\/li><li class=\"share-twitter\"><a rel=\"nofollow noopener noreferrer\" data-shared=\"sharing-twitter-342\" class=\"share-twitter sd-button share-icon\" href=\"http:\/\/fridolin.vw-bulli.net\/?p=342&amp;share=twitter\" target=\"_blank\" title=\"Klick, um \u00fcber Twitter zu teilen\"><span>Twitter<\/span><\/a><\/li><li class=\"share-end\"><\/li><li class=\"share-end\"><\/li><\/ul><\/div><\/div><\/div><\/div><\/div>","protected":false},"excerpt":{"rendered":"<p>Nach einer kurzen \u00dcbernachtung im Bibbone ging es gestern auf die F\u00e4hre von Livorno nach Bastia auf Korsika.&nbsp; Eine 4 Stunden \u00dcberfahrt auf dem herrlich tiefblauen Meer. So ein Blau habe ich schon lange nicht mehr gesehen.&nbsp; Auf Korsika angekommen ging es ab ins Verkehrschaos. Da es mehr oder weniger nur eine grosse Strasse gibt &hellip; <a href=\"http:\/\/fridolin.vw-bulli.net\/?p=342\" class=\"more-link\"><span class=\"screen-reader-text\">&#8222;Ab nach Korsika&#8220; <\/span>weiterlesen<\/a><\/p>\n<div class=\"sharedaddy sd-sharing-enabled\"><div class=\"robots-nocontent sd-block sd-social sd-social-icon-text sd-sharing\"><h3 class=\"sd-title\">Ich bin dann mal weg ...<\/h3><div class=\"sd-content\"><ul><li><a href=\"#\" class=\"sharing-anchor sd-button share-more\"><span>Teilen<\/span><\/a><\/li><li class=\"share-end\"><\/li><\/ul><div class=\"sharing-hidden\"><div class=\"inner\" style=\"display: none;\"><ul><li class=\"share-facebook\"><a rel=\"nofollow noopener noreferrer\" data-shared=\"sharing-facebook-342\" class=\"share-facebook sd-button share-icon\" href=\"http:\/\/fridolin.vw-bulli.net\/?p=342&amp;share=facebook\" target=\"_blank\" title=\"Klick, um auf Facebook zu teilen\"><span>Facebook<\/span><\/a><\/li><li class=\"share-twitter\"><a rel=\"nofollow noopener noreferrer\" data-shared=\"sharing-twitter-342\" class=\"share-twitter sd-button share-icon\" href=\"http:\/\/fridolin.vw-bulli.net\/?p=342&amp;share=twitter\" target=\"_blank\" title=\"Klick, um \u00fcber Twitter zu teilen\"><span>Twitter<\/span><\/a><\/li><li class=\"share-end\"><\/li><li class=\"share-end\"><\/li><\/ul><\/div><\/div><\/div><\/div><\/div>","protected":false},"author":1,"featured_media":0,"comment_status":"open","ping_status":"open","sticky":false,"template":"","format":"standard","meta":{"spay_email":"","jetpack_publicize_message":"","jetpack_is_tweetstorm":false,"jetpack_publicize_feature_enabled":true},"categories":[4],"tags":[],"jetpack_featured_media_url":"","jetpack_publicize_connections":[],"jetpack_sharing_enabled":true,"jetpack_shortlink":"https:\/\/wp.me\/pcLMis-5w","jetpack_likes_enabled":true,"_links":{"self":[{"href":"http:\/\/fridolin.vw-bulli.net\/index.php?rest_route=\/wp\/v2\/posts\/342"}],"collection":[{"href":"http:\/\/fridolin.vw-bulli.net\/index.php?rest_route=\/wp\/v2\/posts"}],"about":[{"href":"http:\/\/fridolin.vw-bulli.net\/index.php?rest_route=\/wp\/v2\/types\/post"}],"author":[{"embeddable":true,"href":"http:\/\/fridolin.vw-bulli.net\/index.php?rest_route=\/wp\/v2\/users\/1"}],"replies":[{"embeddable":true,"href":"http:\/\/fridolin.vw-bulli.net\/index.php?rest_route=%2Fwp%2Fv2%2Fcomments&post=342"}],"version-history":[{"count":2,"href":"http:\/\/fridolin.vw-bulli.net\/index.php?rest_route=\/wp\/v2\/posts\/342\/revisions"}],"predecessor-version":[{"id":344,"href":"http:\/\/fridolin.vw-bulli.net\/index.php?rest_route=\/wp\/v2\/posts\/342\/revisions\/344"}],"wp:attachment":[{"href":"http:\/\/fridolin.vw-bulli.net\/index.php?rest_route=%2Fwp%2Fv2%2Fmedia&parent=342"}],"wp:term":[{"taxonomy":"category","embeddable":true,"href":"http:\/\/fridolin.vw-bulli.net\/index.php?rest_route=%2Fwp%2Fv2%2Fcategories&post=342"},{"taxonomy":"post_tag","embeddable":true,"href":"http:\/\/fridolin.vw-bulli.net\/index.php?rest_route=%2Fwp%2Fv2%2Ftags&post=342"}],"curies":[{"name":"wp","href":"https:\/\/api.w.org\/{rel}","templated":true}]}}