{"id":332,"date":"2016-07-26T07:31:45","date_gmt":"2016-07-26T05:31:45","guid":{"rendered":"http:\/\/fridolin.vw-bulli.net\/2016\/07\/26\/aller-anfang-ist-schwer\/"},"modified":"2016-07-26T07:31:45","modified_gmt":"2016-07-26T05:31:45","slug":"aller-anfang-ist-schwer","status":"publish","type":"post","link":"http:\/\/fridolin.vw-bulli.net\/?p=332","title":{"rendered":"Aller Anfang ist schwer"},"content":{"rendered":"<p>Und da fangen wir gleich mit 4 Uhr aufstehen an. Wie war das mit entspannen?<\/p>\n<p>Also fr\u00fch auf die Piste, dann ist noch nicht einmal bei Z\u00fcrich was los. Kurz um, vom Verkehr lief es perfekt und selbst vor dem Gotthard waren es keine 5 Minuten Stau. Perfekt, so h\u00e4tte es weiter gehen d\u00fcrfen. Auf halber Strecke fing Fridolin aber an zu quietschen und da ich es nach 10 Minuten noch immer nicht lokalisieren konnte wurde ein Boxenstop eingelegt. Kurz mal Reifen und Bremsen checken. Reifen und Bremse 1 -&gt; Check, 2 -&gt; Check, 3 -&gt; Check, 4 -&gt; Aua, sch&#8230; Ist das heiss. Da hat sich die hintere rechte Bremse wohl etwas festgesetzt. Mit ein paar Mal kr\u00e4ftig auf die Brwmse treten hat sie sich wohl wieder gel\u00f6st. Ich werde es die n\u00e4chsten Tage aber mal genauer anschauen und Rad und Bremstrommel runterbauen. Nur etwas \u00e4rgerlich, da die Werkstatt die Bremsen erst f\u00fcr viiiiiiiel Geld revidiert hat. Ich hoffe es ist nichts verglast und ich komme um einen Werkstattaufenthalt drumherum.&nbsp;<\/p>\n<p>Nach 11 Stunden dann endlich auf dem ersten Campinplatz, 40 KM von Livorno entfernt, angekommen. Nach dem Einrichten des Platzes gleich mal die F\u00e4hre f\u00fcr morgen nach Korsika gebucht. Und dann sollte es endlich die erste warme Mahlzeit geben. Grill raus, Gasflasche raus, Gasanschluss&#8230; Hm, sch&#8230; Den habe ich in meinem Gewichtsoptimierungswahn rausger\u00e4umt und vergessen wieder ein zu r\u00e4umen. Leider haben die Italiener keine Gasanschl\u00fcsse mit Schraubgewinde f\u00fcr den Schlauch und so musste ich meinen Gasschlauch zerschneiden und Italien Style m\u00e4ssig mit einer Schlauchschelle festmachen. Sagen wir es so: Keine hohe deutsche Ingenieurskunst aber es geht auch und ich konnte doch noch grillen.&nbsp;<\/p>\n<p>Jetzt noch kurz duschen und dann tot ins Bett fallen und auf morgen freuen. Korsika, ich komme.&nbsp;<\/p>\n<div class=\"sharedaddy sd-sharing-enabled\"><div class=\"robots-nocontent sd-block sd-social sd-social-icon-text sd-sharing\"><h3 class=\"sd-title\">Ich bin dann mal weg ...<\/h3><div class=\"sd-content\"><ul><li><a href=\"#\" class=\"sharing-anchor sd-button share-more\"><span>Teilen<\/span><\/a><\/li><li class=\"share-end\"><\/li><\/ul><div class=\"sharing-hidden\"><div class=\"inner\" style=\"display: none;\"><ul><li class=\"share-facebook\"><a rel=\"nofollow noopener noreferrer\" data-shared=\"sharing-facebook-332\" class=\"share-facebook sd-button share-icon\" href=\"http:\/\/fridolin.vw-bulli.net\/?p=332&amp;share=facebook\" target=\"_blank\" title=\"Klick, um auf Facebook zu teilen\"><span>Facebook<\/span><\/a><\/li><li class=\"share-twitter\"><a rel=\"nofollow noopener noreferrer\" data-shared=\"sharing-twitter-332\" class=\"share-twitter sd-button share-icon\" href=\"http:\/\/fridolin.vw-bulli.net\/?p=332&amp;share=twitter\" target=\"_blank\" title=\"Klick, um \u00fcber Twitter zu teilen\"><span>Twitter<\/span><\/a><\/li><li class=\"share-end\"><\/li><li class=\"share-end\"><\/li><\/ul><\/div><\/div><\/div><\/div><\/div>","protected":false},"excerpt":{"rendered":"<p>Und da fangen wir gleich mit 4 Uhr aufstehen an. Wie war das mit entspannen? Also fr\u00fch auf die Piste, dann ist noch nicht einmal bei Z\u00fcrich was los. Kurz um, vom Verkehr lief es perfekt und selbst vor dem Gotthard waren es keine 5 Minuten Stau. Perfekt, so h\u00e4tte es weiter gehen d\u00fcrfen. Auf &hellip; <a href=\"http:\/\/fridolin.vw-bulli.net\/?p=332\" class=\"more-link\"><span class=\"screen-reader-text\">&#8222;Aller Anfang ist schwer&#8220; <\/span>weiterlesen<\/a><\/p>\n<div class=\"sharedaddy sd-sharing-enabled\"><div class=\"robots-nocontent sd-block sd-social sd-social-icon-text sd-sharing\"><h3 class=\"sd-title\">Ich bin dann mal weg ...<\/h3><div class=\"sd-content\"><ul><li><a href=\"#\" class=\"sharing-anchor sd-button share-more\"><span>Teilen<\/span><\/a><\/li><li class=\"share-end\"><\/li><\/ul><div class=\"sharing-hidden\"><div class=\"inner\" style=\"display: none;\"><ul><li class=\"share-facebook\"><a rel=\"nofollow noopener noreferrer\" data-shared=\"sharing-facebook-332\" class=\"share-facebook sd-button share-icon\" href=\"http:\/\/fridolin.vw-bulli.net\/?p=332&amp;share=facebook\" target=\"_blank\" title=\"Klick, um auf Facebook zu teilen\"><span>Facebook<\/span><\/a><\/li><li class=\"share-twitter\"><a rel=\"nofollow noopener noreferrer\" data-shared=\"sharing-twitter-332\" class=\"share-twitter sd-button share-icon\" href=\"http:\/\/fridolin.vw-bulli.net\/?p=332&amp;share=twitter\" target=\"_blank\" title=\"Klick, um \u00fcber Twitter zu teilen\"><span>Twitter<\/span><\/a><\/li><li class=\"share-end\"><\/li><li class=\"share-end\"><\/li><\/ul><\/div><\/div><\/div><\/div><\/div>","protected":false},"author":1,"featured_media":0,"comment_status":"open","ping_status":"open","sticky":false,"template":"","format":"standard","meta":{"spay_email":"","jetpack_publicize_message":"","jetpack_is_tweetstorm":false,"jetpack_publicize_feature_enabled":true},"categories":[4],"tags":[],"jetpack_featured_media_url":"","jetpack_publicize_connections":[],"jetpack_sharing_enabled":true,"jetpack_shortlink":"https:\/\/wp.me\/pcLMis-5m","jetpack_likes_enabled":true,"_links":{"self":[{"href":"http:\/\/fridolin.vw-bulli.net\/index.php?rest_route=\/wp\/v2\/posts\/332"}],"collection":[{"href":"http:\/\/fridolin.vw-bulli.net\/index.php?rest_route=\/wp\/v2\/posts"}],"about":[{"href":"http:\/\/fridolin.vw-bulli.net\/index.php?rest_route=\/wp\/v2\/types\/post"}],"author":[{"embeddable":true,"href":"http:\/\/fridolin.vw-bulli.net\/index.php?rest_route=\/wp\/v2\/users\/1"}],"replies":[{"embeddable":true,"href":"http:\/\/fridolin.vw-bulli.net\/index.php?rest_route=%2Fwp%2Fv2%2Fcomments&post=332"}],"version-history":[{"count":0,"href":"http:\/\/fridolin.vw-bulli.net\/index.php?rest_route=\/wp\/v2\/posts\/332\/revisions"}],"wp:attachment":[{"href":"http:\/\/fridolin.vw-bulli.net\/index.php?rest_route=%2Fwp%2Fv2%2Fmedia&parent=332"}],"wp:term":[{"taxonomy":"category","embeddable":true,"href":"http:\/\/fridolin.vw-bulli.net\/index.php?rest_route=%2Fwp%2Fv2%2Fcategories&post=332"},{"taxonomy":"post_tag","embeddable":true,"href":"http:\/\/fridolin.vw-bulli.net\/index.php?rest_route=%2Fwp%2Fv2%2Ftags&post=332"}],"curies":[{"name":"wp","href":"https:\/\/api.w.org\/{rel}","templated":true}]}}