{"id":315,"date":"2016-07-09T21:22:03","date_gmt":"2016-07-09T19:22:03","guid":{"rendered":"http:\/\/fridolin.vw-bulli.net\/2016\/07\/09\/vw-bus-treffen-guettingen-2016\/"},"modified":"2016-07-09T22:57:39","modified_gmt":"2016-07-09T20:57:39","slug":"vw-bus-treffen-guettingen-2016","status":"publish","type":"post","link":"http:\/\/fridolin.vw-bulli.net\/?p=315","title":{"rendered":"VW Bus Treffen G\u00fcttingen 2016"},"content":{"rendered":"<p>Nachdem heute zig tolle Bullis an mir vorbei gefahren sind musste ich recherchieren was da los ist und siehe da, keine 8 KM entfernt findet ein VW Bus Treffen statt. Also eine sch\u00f6ne Gelegenheit f\u00fcr etwas Gesellschaft f\u00fcr Fridolin und den Fahrer. Also nichts wie hin. Was soll ich sagen? Tolles Wetter, tolle Fahrzeuge und eine sehr entspannte Atmosph\u00e4re.<\/p>\n<p>Der Anschluss war schnell gefunden und schon ging es zum gegenseitigen Bulli besichtigen, Ideen austauschen und gem\u00fctlich was trinken. Am Abend durfte nat\u00fcrlich das obligatorische grillen nicht fehlen, begleitet von live Rock &#8217;n Roll. Und hier noch ein paar Fotos.<\/p>\n<p><a href=\"http:\/\/fridolin.vw-bulli.net\/wp-content\/uploads\/2016\/07\/img_2833.jpg\"><img loading=\"lazy\" class=\"alignnone wp-image-296\" src=\"http:\/\/fridolin.vw-bulli.net\/wp-content\/uploads\/2016\/07\/img_2833.jpg\" alt=\"\" width=\"500\" height=\"375\" srcset=\"http:\/\/fridolin.vw-bulli.net\/wp-content\/uploads\/2016\/07\/img_2833.jpg 3264w, http:\/\/fridolin.vw-bulli.net\/wp-content\/uploads\/2016\/07\/img_2833-500x375.jpg 500w, http:\/\/fridolin.vw-bulli.net\/wp-content\/uploads\/2016\/07\/img_2833-1024x768.jpg 1024w, http:\/\/fridolin.vw-bulli.net\/wp-content\/uploads\/2016\/07\/img_2833-1200x900.jpg 1200w\" sizes=\"(max-width: 500px) 85vw, 500px\" \/><\/a><a href=\"http:\/\/fridolin.vw-bulli.net\/wp-content\/uploads\/2016\/07\/img_2832.jpg\"><img loading=\"lazy\" class=\"alignnone wp-image-297\" src=\"http:\/\/fridolin.vw-bulli.net\/wp-content\/uploads\/2016\/07\/img_2832.jpg\" alt=\"\" width=\"500\" height=\"375\" srcset=\"http:\/\/fridolin.vw-bulli.net\/wp-content\/uploads\/2016\/07\/img_2832.jpg 3264w, http:\/\/fridolin.vw-bulli.net\/wp-content\/uploads\/2016\/07\/img_2832-500x375.jpg 500w, http:\/\/fridolin.vw-bulli.net\/wp-content\/uploads\/2016\/07\/img_2832-1024x768.jpg 1024w, http:\/\/fridolin.vw-bulli.net\/wp-content\/uploads\/2016\/07\/img_2832-1200x900.jpg 1200w\" sizes=\"(max-width: 500px) 85vw, 500px\" \/><\/a><a href=\"http:\/\/fridolin.vw-bulli.net\/wp-content\/uploads\/2016\/07\/img_2831.jpg\"><img loading=\"lazy\" class=\"alignnone wp-image-295\" src=\"http:\/\/fridolin.vw-bulli.net\/wp-content\/uploads\/2016\/07\/img_2831.jpg\" alt=\"\" width=\"500\" height=\"375\" srcset=\"http:\/\/fridolin.vw-bulli.net\/wp-content\/uploads\/2016\/07\/img_2831.jpg 3264w, http:\/\/fridolin.vw-bulli.net\/wp-content\/uploads\/2016\/07\/img_2831-500x375.jpg 500w, http:\/\/fridolin.vw-bulli.net\/wp-content\/uploads\/2016\/07\/img_2831-1024x768.jpg 1024w, http:\/\/fridolin.vw-bulli.net\/wp-content\/uploads\/2016\/07\/img_2831-1200x900.jpg 1200w\" sizes=\"(max-width: 500px) 85vw, 500px\" \/><\/a><a href=\"http:\/\/fridolin.vw-bulli.net\/wp-content\/uploads\/2016\/07\/img_2830.jpg\"><img loading=\"lazy\" class=\"alignnone wp-image-299\" src=\"http:\/\/fridolin.vw-bulli.net\/wp-content\/uploads\/2016\/07\/img_2830.jpg\" alt=\"\" width=\"500\" height=\"375\" srcset=\"http:\/\/fridolin.vw-bulli.net\/wp-content\/uploads\/2016\/07\/img_2830.jpg 3264w, http:\/\/fridolin.vw-bulli.net\/wp-content\/uploads\/2016\/07\/img_2830-500x375.jpg 500w, http:\/\/fridolin.vw-bulli.net\/wp-content\/uploads\/2016\/07\/img_2830-1024x768.jpg 1024w, http:\/\/fridolin.vw-bulli.net\/wp-content\/uploads\/2016\/07\/img_2830-1200x900.jpg 1200w\" sizes=\"(max-width: 500px) 85vw, 500px\" \/><\/a><a href=\"http:\/\/fridolin.vw-bulli.net\/wp-content\/uploads\/2016\/07\/img_2829.jpg\"><img loading=\"lazy\" class=\"alignnone wp-image-298\" src=\"http:\/\/fridolin.vw-bulli.net\/wp-content\/uploads\/2016\/07\/img_2829.jpg\" alt=\"\" width=\"500\" height=\"375\" srcset=\"http:\/\/fridolin.vw-bulli.net\/wp-content\/uploads\/2016\/07\/img_2829.jpg 3264w, http:\/\/fridolin.vw-bulli.net\/wp-content\/uploads\/2016\/07\/img_2829-500x375.jpg 500w, http:\/\/fridolin.vw-bulli.net\/wp-content\/uploads\/2016\/07\/img_2829-1024x768.jpg 1024w, http:\/\/fridolin.vw-bulli.net\/wp-content\/uploads\/2016\/07\/img_2829-1200x900.jpg 1200w\" sizes=\"(max-width: 500px) 85vw, 500px\" \/><\/a><a href=\"http:\/\/fridolin.vw-bulli.net\/wp-content\/uploads\/2016\/07\/img_2828.jpg\"><img loading=\"lazy\" class=\"alignnone wp-image-301\" src=\"http:\/\/fridolin.vw-bulli.net\/wp-content\/uploads\/2016\/07\/img_2828.jpg\" alt=\"\" width=\"500\" height=\"375\" srcset=\"http:\/\/fridolin.vw-bulli.net\/wp-content\/uploads\/2016\/07\/img_2828.jpg 3264w, http:\/\/fridolin.vw-bulli.net\/wp-content\/uploads\/2016\/07\/img_2828-500x375.jpg 500w, http:\/\/fridolin.vw-bulli.net\/wp-content\/uploads\/2016\/07\/img_2828-1024x768.jpg 1024w, http:\/\/fridolin.vw-bulli.net\/wp-content\/uploads\/2016\/07\/img_2828-1200x900.jpg 1200w\" sizes=\"(max-width: 500px) 85vw, 500px\" \/><\/a><a href=\"http:\/\/fridolin.vw-bulli.net\/wp-content\/uploads\/2016\/07\/img_2827.jpg\"><img loading=\"lazy\" class=\"alignnone wp-image-294\" src=\"http:\/\/fridolin.vw-bulli.net\/wp-content\/uploads\/2016\/07\/img_2827.jpg\" alt=\"\" width=\"500\" height=\"667\" srcset=\"http:\/\/fridolin.vw-bulli.net\/wp-content\/uploads\/2016\/07\/img_2827.jpg 2448w, http:\/\/fridolin.vw-bulli.net\/wp-content\/uploads\/2016\/07\/img_2827-500x667.jpg 500w, http:\/\/fridolin.vw-bulli.net\/wp-content\/uploads\/2016\/07\/img_2827-1024x1365.jpg 1024w, http:\/\/fridolin.vw-bulli.net\/wp-content\/uploads\/2016\/07\/img_2827-1200x1600.jpg 1200w\" sizes=\"(max-width: 500px) 85vw, 500px\" \/><\/a><a href=\"http:\/\/fridolin.vw-bulli.net\/wp-content\/uploads\/2016\/07\/img_2826.jpg\"><img loading=\"lazy\" class=\"alignnone wp-image-300\" src=\"http:\/\/fridolin.vw-bulli.net\/wp-content\/uploads\/2016\/07\/img_2826.jpg\" alt=\"\" width=\"500\" height=\"375\" srcset=\"http:\/\/fridolin.vw-bulli.net\/wp-content\/uploads\/2016\/07\/img_2826.jpg 3264w, http:\/\/fridolin.vw-bulli.net\/wp-content\/uploads\/2016\/07\/img_2826-500x375.jpg 500w, http:\/\/fridolin.vw-bulli.net\/wp-content\/uploads\/2016\/07\/img_2826-1024x768.jpg 1024w, http:\/\/fridolin.vw-bulli.net\/wp-content\/uploads\/2016\/07\/img_2826-1200x900.jpg 1200w\" sizes=\"(max-width: 500px) 85vw, 500px\" \/><\/a><a href=\"http:\/\/fridolin.vw-bulli.net\/wp-content\/uploads\/2016\/07\/img_2825.jpg\"><img loading=\"lazy\" class=\"alignnone wp-image-302\" src=\"http:\/\/fridolin.vw-bulli.net\/wp-content\/uploads\/2016\/07\/img_2825.jpg\" alt=\"\" width=\"500\" height=\"375\" srcset=\"http:\/\/fridolin.vw-bulli.net\/wp-content\/uploads\/2016\/07\/img_2825.jpg 3264w, http:\/\/fridolin.vw-bulli.net\/wp-content\/uploads\/2016\/07\/img_2825-500x375.jpg 500w, http:\/\/fridolin.vw-bulli.net\/wp-content\/uploads\/2016\/07\/img_2825-1024x768.jpg 1024w, http:\/\/fridolin.vw-bulli.net\/wp-content\/uploads\/2016\/07\/img_2825-1200x900.jpg 1200w\" sizes=\"(max-width: 500px) 85vw, 500px\" \/><\/a><a href=\"http:\/\/fridolin.vw-bulli.net\/wp-content\/uploads\/2016\/07\/img_2824.jpg\"><img loading=\"lazy\" class=\"alignnone wp-image-303\" src=\"http:\/\/fridolin.vw-bulli.net\/wp-content\/uploads\/2016\/07\/img_2824.jpg\" alt=\"\" width=\"500\" height=\"375\" srcset=\"http:\/\/fridolin.vw-bulli.net\/wp-content\/uploads\/2016\/07\/img_2824.jpg 3264w, http:\/\/fridolin.vw-bulli.net\/wp-content\/uploads\/2016\/07\/img_2824-500x375.jpg 500w, http:\/\/fridolin.vw-bulli.net\/wp-content\/uploads\/2016\/07\/img_2824-1024x768.jpg 1024w, http:\/\/fridolin.vw-bulli.net\/wp-content\/uploads\/2016\/07\/img_2824-1200x900.jpg 1200w\" sizes=\"(max-width: 500px) 85vw, 500px\" \/><\/a><a href=\"http:\/\/fridolin.vw-bulli.net\/wp-content\/uploads\/2016\/07\/img_2823.jpg\"><img loading=\"lazy\" class=\"alignnone wp-image-304\" src=\"http:\/\/fridolin.vw-bulli.net\/wp-content\/uploads\/2016\/07\/img_2823.jpg\" alt=\"\" width=\"500\" height=\"375\" srcset=\"http:\/\/fridolin.vw-bulli.net\/wp-content\/uploads\/2016\/07\/img_2823.jpg 3264w, http:\/\/fridolin.vw-bulli.net\/wp-content\/uploads\/2016\/07\/img_2823-500x375.jpg 500w, http:\/\/fridolin.vw-bulli.net\/wp-content\/uploads\/2016\/07\/img_2823-1024x768.jpg 1024w, http:\/\/fridolin.vw-bulli.net\/wp-content\/uploads\/2016\/07\/img_2823-1200x900.jpg 1200w\" sizes=\"(max-width: 500px) 85vw, 500px\" \/><\/a><a href=\"http:\/\/fridolin.vw-bulli.net\/wp-content\/uploads\/2016\/07\/img_2822.jpg\"><img loading=\"lazy\" class=\"alignnone wp-image-305\" src=\"http:\/\/fridolin.vw-bulli.net\/wp-content\/uploads\/2016\/07\/img_2822.jpg\" alt=\"\" width=\"500\" height=\"375\" srcset=\"http:\/\/fridolin.vw-bulli.net\/wp-content\/uploads\/2016\/07\/img_2822.jpg 3264w, http:\/\/fridolin.vw-bulli.net\/wp-content\/uploads\/2016\/07\/img_2822-500x375.jpg 500w, http:\/\/fridolin.vw-bulli.net\/wp-content\/uploads\/2016\/07\/img_2822-1024x768.jpg 1024w, http:\/\/fridolin.vw-bulli.net\/wp-content\/uploads\/2016\/07\/img_2822-1200x900.jpg 1200w\" sizes=\"(max-width: 500px) 85vw, 500px\" \/><\/a><a href=\"http:\/\/fridolin.vw-bulli.net\/wp-content\/uploads\/2016\/07\/img_2821.jpg\"><img loading=\"lazy\" class=\"alignnone wp-image-307\" src=\"http:\/\/fridolin.vw-bulli.net\/wp-content\/uploads\/2016\/07\/img_2821.jpg\" alt=\"\" width=\"500\" height=\"375\" srcset=\"http:\/\/fridolin.vw-bulli.net\/wp-content\/uploads\/2016\/07\/img_2821.jpg 3264w, http:\/\/fridolin.vw-bulli.net\/wp-content\/uploads\/2016\/07\/img_2821-500x375.jpg 500w, http:\/\/fridolin.vw-bulli.net\/wp-content\/uploads\/2016\/07\/img_2821-1024x768.jpg 1024w, http:\/\/fridolin.vw-bulli.net\/wp-content\/uploads\/2016\/07\/img_2821-1200x900.jpg 1200w\" sizes=\"(max-width: 500px) 85vw, 500px\" \/><\/a><a href=\"http:\/\/fridolin.vw-bulli.net\/wp-content\/uploads\/2016\/07\/img_2820.jpg\"><img loading=\"lazy\" class=\"alignnone wp-image-306\" src=\"http:\/\/fridolin.vw-bulli.net\/wp-content\/uploads\/2016\/07\/img_2820.jpg\" alt=\"\" width=\"500\" height=\"667\" srcset=\"http:\/\/fridolin.vw-bulli.net\/wp-content\/uploads\/2016\/07\/img_2820.jpg 2448w, http:\/\/fridolin.vw-bulli.net\/wp-content\/uploads\/2016\/07\/img_2820-500x667.jpg 500w, http:\/\/fridolin.vw-bulli.net\/wp-content\/uploads\/2016\/07\/img_2820-1024x1365.jpg 1024w, http:\/\/fridolin.vw-bulli.net\/wp-content\/uploads\/2016\/07\/img_2820-1200x1600.jpg 1200w\" sizes=\"(max-width: 500px) 85vw, 500px\" \/><\/a><a href=\"http:\/\/fridolin.vw-bulli.net\/wp-content\/uploads\/2016\/07\/img_2819.jpg\"><img loading=\"lazy\" class=\"alignnone wp-image-309\" src=\"http:\/\/fridolin.vw-bulli.net\/wp-content\/uploads\/2016\/07\/img_2819.jpg\" alt=\"\" width=\"500\" height=\"375\" srcset=\"http:\/\/fridolin.vw-bulli.net\/wp-content\/uploads\/2016\/07\/img_2819.jpg 3264w, http:\/\/fridolin.vw-bulli.net\/wp-content\/uploads\/2016\/07\/img_2819-500x375.jpg 500w, http:\/\/fridolin.vw-bulli.net\/wp-content\/uploads\/2016\/07\/img_2819-1024x768.jpg 1024w, http:\/\/fridolin.vw-bulli.net\/wp-content\/uploads\/2016\/07\/img_2819-1200x900.jpg 1200w\" sizes=\"(max-width: 500px) 85vw, 500px\" \/><\/a><a href=\"http:\/\/fridolin.vw-bulli.net\/wp-content\/uploads\/2016\/07\/img_2818.jpg\"><img loading=\"lazy\" class=\"alignnone wp-image-308\" src=\"http:\/\/fridolin.vw-bulli.net\/wp-content\/uploads\/2016\/07\/img_2818.jpg\" alt=\"\" width=\"500\" height=\"375\" srcset=\"http:\/\/fridolin.vw-bulli.net\/wp-content\/uploads\/2016\/07\/img_2818.jpg 3264w, http:\/\/fridolin.vw-bulli.net\/wp-content\/uploads\/2016\/07\/img_2818-500x375.jpg 500w, http:\/\/fridolin.vw-bulli.net\/wp-content\/uploads\/2016\/07\/img_2818-1024x768.jpg 1024w, http:\/\/fridolin.vw-bulli.net\/wp-content\/uploads\/2016\/07\/img_2818-1200x900.jpg 1200w\" sizes=\"(max-width: 500px) 85vw, 500px\" \/><\/a><a href=\"http:\/\/fridolin.vw-bulli.net\/wp-content\/uploads\/2016\/07\/img_2816.jpg\"><img loading=\"lazy\" class=\"alignnone wp-image-314\" src=\"http:\/\/fridolin.vw-bulli.net\/wp-content\/uploads\/2016\/07\/img_2816.jpg\" alt=\"\" width=\"500\" height=\"375\" srcset=\"http:\/\/fridolin.vw-bulli.net\/wp-content\/uploads\/2016\/07\/img_2816.jpg 3264w, http:\/\/fridolin.vw-bulli.net\/wp-content\/uploads\/2016\/07\/img_2816-500x375.jpg 500w, http:\/\/fridolin.vw-bulli.net\/wp-content\/uploads\/2016\/07\/img_2816-1024x768.jpg 1024w, http:\/\/fridolin.vw-bulli.net\/wp-content\/uploads\/2016\/07\/img_2816-1200x900.jpg 1200w\" sizes=\"(max-width: 500px) 85vw, 500px\" \/><\/a><a href=\"http:\/\/fridolin.vw-bulli.net\/wp-content\/uploads\/2016\/07\/img_2815.jpg\"><img loading=\"lazy\" class=\"alignnone wp-image-313\" src=\"http:\/\/fridolin.vw-bulli.net\/wp-content\/uploads\/2016\/07\/img_2815.jpg\" alt=\"\" width=\"500\" height=\"667\" srcset=\"http:\/\/fridolin.vw-bulli.net\/wp-content\/uploads\/2016\/07\/img_2815.jpg 2448w, http:\/\/fridolin.vw-bulli.net\/wp-content\/uploads\/2016\/07\/img_2815-500x667.jpg 500w, http:\/\/fridolin.vw-bulli.net\/wp-content\/uploads\/2016\/07\/img_2815-1024x1365.jpg 1024w, http:\/\/fridolin.vw-bulli.net\/wp-content\/uploads\/2016\/07\/img_2815-1200x1600.jpg 1200w\" sizes=\"(max-width: 500px) 85vw, 500px\" \/><\/a><a href=\"http:\/\/fridolin.vw-bulli.net\/wp-content\/uploads\/2016\/07\/img_2814.jpg\"><img loading=\"lazy\" class=\"alignnone wp-image-311\" src=\"http:\/\/fridolin.vw-bulli.net\/wp-content\/uploads\/2016\/07\/img_2814.jpg\" alt=\"\" width=\"500\" height=\"667\" srcset=\"http:\/\/fridolin.vw-bulli.net\/wp-content\/uploads\/2016\/07\/img_2814.jpg 2448w, http:\/\/fridolin.vw-bulli.net\/wp-content\/uploads\/2016\/07\/img_2814-500x667.jpg 500w, http:\/\/fridolin.vw-bulli.net\/wp-content\/uploads\/2016\/07\/img_2814-1024x1365.jpg 1024w, http:\/\/fridolin.vw-bulli.net\/wp-content\/uploads\/2016\/07\/img_2814-1200x1600.jpg 1200w\" sizes=\"(max-width: 500px) 85vw, 500px\" \/><\/a><a href=\"http:\/\/fridolin.vw-bulli.net\/wp-content\/uploads\/2016\/07\/img_2813.jpg\"><img loading=\"lazy\" class=\"alignnone wp-image-312\" src=\"http:\/\/fridolin.vw-bulli.net\/wp-content\/uploads\/2016\/07\/img_2813.jpg\" alt=\"\" width=\"500\" height=\"375\" srcset=\"http:\/\/fridolin.vw-bulli.net\/wp-content\/uploads\/2016\/07\/img_2813.jpg 3264w, http:\/\/fridolin.vw-bulli.net\/wp-content\/uploads\/2016\/07\/img_2813-500x375.jpg 500w, http:\/\/fridolin.vw-bulli.net\/wp-content\/uploads\/2016\/07\/img_2813-1024x768.jpg 1024w, http:\/\/fridolin.vw-bulli.net\/wp-content\/uploads\/2016\/07\/img_2813-1200x900.jpg 1200w\" sizes=\"(max-width: 500px) 85vw, 500px\" \/><\/a><a href=\"http:\/\/fridolin.vw-bulli.net\/wp-content\/uploads\/2016\/07\/img_2812.jpg\"><img loading=\"lazy\" class=\"alignnone wp-image-310\" src=\"http:\/\/fridolin.vw-bulli.net\/wp-content\/uploads\/2016\/07\/img_2812.jpg\" alt=\"\" width=\"500\" height=\"667\" srcset=\"http:\/\/fridolin.vw-bulli.net\/wp-content\/uploads\/2016\/07\/img_2812.jpg 2448w, http:\/\/fridolin.vw-bulli.net\/wp-content\/uploads\/2016\/07\/img_2812-500x667.jpg 500w, http:\/\/fridolin.vw-bulli.net\/wp-content\/uploads\/2016\/07\/img_2812-1024x1365.jpg 1024w, http:\/\/fridolin.vw-bulli.net\/wp-content\/uploads\/2016\/07\/img_2812-1200x1600.jpg 1200w\" sizes=\"(max-width: 500px) 85vw, 500px\" \/><\/a><\/p>\n<div class=\"sharedaddy sd-sharing-enabled\"><div class=\"robots-nocontent sd-block sd-social sd-social-icon-text sd-sharing\"><h3 class=\"sd-title\">Ich bin dann mal weg ...<\/h3><div class=\"sd-content\"><ul><li><a href=\"#\" class=\"sharing-anchor sd-button share-more\"><span>Teilen<\/span><\/a><\/li><li class=\"share-end\"><\/li><\/ul><div class=\"sharing-hidden\"><div class=\"inner\" style=\"display: none;\"><ul><li class=\"share-facebook\"><a rel=\"nofollow noopener noreferrer\" data-shared=\"sharing-facebook-315\" class=\"share-facebook sd-button share-icon\" href=\"http:\/\/fridolin.vw-bulli.net\/?p=315&amp;share=facebook\" target=\"_blank\" title=\"Klick, um auf Facebook zu teilen\"><span>Facebook<\/span><\/a><\/li><li class=\"share-twitter\"><a rel=\"nofollow noopener noreferrer\" data-shared=\"sharing-twitter-315\" class=\"share-twitter sd-button share-icon\" href=\"http:\/\/fridolin.vw-bulli.net\/?p=315&amp;share=twitter\" target=\"_blank\" title=\"Klick, um \u00fcber Twitter zu teilen\"><span>Twitter<\/span><\/a><\/li><li class=\"share-end\"><\/li><li class=\"share-end\"><\/li><\/ul><\/div><\/div><\/div><\/div><\/div>","protected":false},"excerpt":{"rendered":"<p>Nachdem heute zig tolle Bullis an mir vorbei gefahren sind musste ich recherchieren was da los ist und siehe da, keine 8 KM entfernt findet ein VW Bus Treffen statt. Also eine sch\u00f6ne Gelegenheit f\u00fcr etwas Gesellschaft f\u00fcr Fridolin und den Fahrer. Also nichts wie hin. Was soll ich sagen? Tolles Wetter, tolle Fahrzeuge und &hellip; <a href=\"http:\/\/fridolin.vw-bulli.net\/?p=315\" class=\"more-link\"><span class=\"screen-reader-text\">&#8222;VW Bus Treffen G\u00fcttingen 2016&#8220; <\/span>weiterlesen<\/a><\/p>\n<div class=\"sharedaddy sd-sharing-enabled\"><div class=\"robots-nocontent sd-block sd-social sd-social-icon-text sd-sharing\"><h3 class=\"sd-title\">Ich bin dann mal weg ...<\/h3><div class=\"sd-content\"><ul><li><a href=\"#\" class=\"sharing-anchor sd-button share-more\"><span>Teilen<\/span><\/a><\/li><li class=\"share-end\"><\/li><\/ul><div class=\"sharing-hidden\"><div class=\"inner\" style=\"display: none;\"><ul><li class=\"share-facebook\"><a rel=\"nofollow noopener noreferrer\" data-shared=\"sharing-facebook-315\" class=\"share-facebook sd-button share-icon\" href=\"http:\/\/fridolin.vw-bulli.net\/?p=315&amp;share=facebook\" target=\"_blank\" title=\"Klick, um auf Facebook zu teilen\"><span>Facebook<\/span><\/a><\/li><li class=\"share-twitter\"><a rel=\"nofollow noopener noreferrer\" data-shared=\"sharing-twitter-315\" class=\"share-twitter sd-button share-icon\" href=\"http:\/\/fridolin.vw-bulli.net\/?p=315&amp;share=twitter\" target=\"_blank\" title=\"Klick, um \u00fcber Twitter zu teilen\"><span>Twitter<\/span><\/a><\/li><li class=\"share-end\"><\/li><li class=\"share-end\"><\/li><\/ul><\/div><\/div><\/div><\/div><\/div>","protected":false},"author":1,"featured_media":0,"comment_status":"open","ping_status":"open","sticky":false,"template":"","format":"standard","meta":{"spay_email":"","jetpack_publicize_message":"","jetpack_is_tweetstorm":false,"jetpack_publicize_feature_enabled":true},"categories":[1],"tags":[],"jetpack_featured_media_url":"","jetpack_publicize_connections":[],"jetpack_sharing_enabled":true,"jetpack_shortlink":"https:\/\/wp.me\/pcLMis-55","jetpack_likes_enabled":true,"_links":{"self":[{"href":"http:\/\/fridolin.vw-bulli.net\/index.php?rest_route=\/wp\/v2\/posts\/315"}],"collection":[{"href":"http:\/\/fridolin.vw-bulli.net\/index.php?rest_route=\/wp\/v2\/posts"}],"about":[{"href":"http:\/\/fridolin.vw-bulli.net\/index.php?rest_route=\/wp\/v2\/types\/post"}],"author":[{"embeddable":true,"href":"http:\/\/fridolin.vw-bulli.net\/index.php?rest_route=\/wp\/v2\/users\/1"}],"replies":[{"embeddable":true,"href":"http:\/\/fridolin.vw-bulli.net\/index.php?rest_route=%2Fwp%2Fv2%2Fcomments&post=315"}],"version-history":[{"count":2,"href":"http:\/\/fridolin.vw-bulli.net\/index.php?rest_route=\/wp\/v2\/posts\/315\/revisions"}],"predecessor-version":[{"id":318,"href":"http:\/\/fridolin.vw-bulli.net\/index.php?rest_route=\/wp\/v2\/posts\/315\/revisions\/318"}],"wp:attachment":[{"href":"http:\/\/fridolin.vw-bulli.net\/index.php?rest_route=%2Fwp%2Fv2%2Fmedia&parent=315"}],"wp:term":[{"taxonomy":"category","embeddable":true,"href":"http:\/\/fridolin.vw-bulli.net\/index.php?rest_route=%2Fwp%2Fv2%2Fcategories&post=315"},{"taxonomy":"post_tag","embeddable":true,"href":"http:\/\/fridolin.vw-bulli.net\/index.php?rest_route=%2Fwp%2Fv2%2Ftags&post=315"}],"curies":[{"name":"wp","href":"https:\/\/api.w.org\/{rel}","templated":true}]}}