{"id":273,"date":"2016-06-29T20:52:47","date_gmt":"2016-06-29T18:52:47","guid":{"rendered":"http:\/\/fridolin.vw-bulli.net\/?p=273"},"modified":"2016-06-29T20:52:47","modified_gmt":"2016-06-29T18:52:47","slug":"jetzt-gibt-es-was-aufs-dach","status":"publish","type":"post","link":"http:\/\/fridolin.vw-bulli.net\/?p=273","title":{"rendered":"Jetzt gibt es was auf\u00b4s Dach"},"content":{"rendered":"<p>Endlich!!! Nachdem der erste Dachtr\u00e4ger, den ich bekommen habe, leider zu flach f\u00fcr den Bulli war, kam heute endlich der n\u00e4chste Dachtr\u00e4ger an und siehe da, er passt. Somit findet auch endlich die Dachbox ihre Verwendung.<\/p>\n<p><img loading=\"lazy\" class=\"alignnone size-medium wp-image-278\" src=\"http:\/\/fridolin.vw-bulli.net\/wp-content\/uploads\/2016\/06\/thumb_IMG_2784_1024-500x375.jpg\" alt=\"thumb_IMG_2784_1024\" width=\"500\" height=\"375\" srcset=\"http:\/\/fridolin.vw-bulli.net\/wp-content\/uploads\/2016\/06\/thumb_IMG_2784_1024-500x375.jpg 500w, http:\/\/fridolin.vw-bulli.net\/wp-content\/uploads\/2016\/06\/thumb_IMG_2784_1024.jpg 1024w\" sizes=\"(max-width: 500px) 85vw, 500px\" \/> <img loading=\"lazy\" class=\"alignnone size-medium wp-image-274\" src=\"http:\/\/fridolin.vw-bulli.net\/wp-content\/uploads\/2016\/06\/thumb_IMG_2780_1024-500x667.jpg\" alt=\"thumb_IMG_2780_1024\" width=\"500\" height=\"667\" srcset=\"http:\/\/fridolin.vw-bulli.net\/wp-content\/uploads\/2016\/06\/thumb_IMG_2780_1024-500x667.jpg 500w, http:\/\/fridolin.vw-bulli.net\/wp-content\/uploads\/2016\/06\/thumb_IMG_2780_1024.jpg 768w\" sizes=\"(max-width: 500px) 85vw, 500px\" \/> <img loading=\"lazy\" class=\"alignnone size-medium wp-image-275\" src=\"http:\/\/fridolin.vw-bulli.net\/wp-content\/uploads\/2016\/06\/thumb_IMG_2781_1024-500x375.jpg\" alt=\"thumb_IMG_2781_1024\" width=\"500\" height=\"375\" srcset=\"http:\/\/fridolin.vw-bulli.net\/wp-content\/uploads\/2016\/06\/thumb_IMG_2781_1024-500x375.jpg 500w, http:\/\/fridolin.vw-bulli.net\/wp-content\/uploads\/2016\/06\/thumb_IMG_2781_1024.jpg 1024w\" sizes=\"(max-width: 500px) 85vw, 500px\" \/> <img loading=\"lazy\" class=\"alignnone size-medium wp-image-276\" src=\"http:\/\/fridolin.vw-bulli.net\/wp-content\/uploads\/2016\/06\/thumb_IMG_2782_1024-500x375.jpg\" alt=\"thumb_IMG_2782_1024\" width=\"500\" height=\"375\" srcset=\"http:\/\/fridolin.vw-bulli.net\/wp-content\/uploads\/2016\/06\/thumb_IMG_2782_1024-500x375.jpg 500w, http:\/\/fridolin.vw-bulli.net\/wp-content\/uploads\/2016\/06\/thumb_IMG_2782_1024.jpg 1024w\" sizes=\"(max-width: 500px) 85vw, 500px\" \/><\/p>\n<p>Des Weiteren kamen gestern auch meine Wind- und Regenabweiser von ClimAir an. Anscheinend die Einzigen mit Schweizer DTC Gutachten und Deutscher ABE. Jetzt steht ein wenig Frischluft auf der Autobahn, bei Regen etc. auch ohne Zug nichts mehr entgegen.<\/p>\n<p><img loading=\"lazy\" class=\"alignnone size-medium wp-image-279\" src=\"http:\/\/fridolin.vw-bulli.net\/wp-content\/uploads\/2016\/06\/thumb_IMG_2785_1024-500x667.jpg\" alt=\"thumb_IMG_2785_1024\" width=\"500\" height=\"667\" srcset=\"http:\/\/fridolin.vw-bulli.net\/wp-content\/uploads\/2016\/06\/thumb_IMG_2785_1024-500x667.jpg 500w, http:\/\/fridolin.vw-bulli.net\/wp-content\/uploads\/2016\/06\/thumb_IMG_2785_1024.jpg 768w\" sizes=\"(max-width: 500px) 85vw, 500px\" \/> <img loading=\"lazy\" class=\"alignnone size-medium wp-image-280\" src=\"http:\/\/fridolin.vw-bulli.net\/wp-content\/uploads\/2016\/06\/thumb_IMG_2786_1024-500x667.jpg\" alt=\"thumb_IMG_2786_1024\" width=\"500\" height=\"667\" srcset=\"http:\/\/fridolin.vw-bulli.net\/wp-content\/uploads\/2016\/06\/thumb_IMG_2786_1024-500x667.jpg 500w, http:\/\/fridolin.vw-bulli.net\/wp-content\/uploads\/2016\/06\/thumb_IMG_2786_1024.jpg 768w\" sizes=\"(max-width: 500px) 85vw, 500px\" \/><\/p>\n<p>Und bald kommt endlich alles zur Anwendung. Bald kann der Countdown beginnen&#8230;<\/p>\n<div class=\"sharedaddy sd-sharing-enabled\"><div class=\"robots-nocontent sd-block sd-social sd-social-icon-text sd-sharing\"><h3 class=\"sd-title\">Ich bin dann mal weg ...<\/h3><div class=\"sd-content\"><ul><li><a href=\"#\" class=\"sharing-anchor sd-button share-more\"><span>Teilen<\/span><\/a><\/li><li class=\"share-end\"><\/li><\/ul><div class=\"sharing-hidden\"><div class=\"inner\" style=\"display: none;\"><ul><li class=\"share-facebook\"><a rel=\"nofollow noopener noreferrer\" data-shared=\"sharing-facebook-273\" class=\"share-facebook sd-button share-icon\" href=\"http:\/\/fridolin.vw-bulli.net\/?p=273&amp;share=facebook\" target=\"_blank\" title=\"Klick, um auf Facebook zu teilen\"><span>Facebook<\/span><\/a><\/li><li class=\"share-twitter\"><a rel=\"nofollow noopener noreferrer\" data-shared=\"sharing-twitter-273\" class=\"share-twitter sd-button share-icon\" href=\"http:\/\/fridolin.vw-bulli.net\/?p=273&amp;share=twitter\" target=\"_blank\" title=\"Klick, um \u00fcber Twitter zu teilen\"><span>Twitter<\/span><\/a><\/li><li class=\"share-end\"><\/li><li class=\"share-end\"><\/li><\/ul><\/div><\/div><\/div><\/div><\/div>","protected":false},"excerpt":{"rendered":"<p>Endlich!!! Nachdem der erste Dachtr\u00e4ger, den ich bekommen habe, leider zu flach f\u00fcr den Bulli war, kam heute endlich der n\u00e4chste Dachtr\u00e4ger an und siehe da, er passt. Somit findet auch endlich die Dachbox ihre Verwendung. Des Weiteren kamen gestern auch meine Wind- und Regenabweiser von ClimAir an. Anscheinend die Einzigen mit Schweizer DTC Gutachten &hellip; <a href=\"http:\/\/fridolin.vw-bulli.net\/?p=273\" class=\"more-link\"><span class=\"screen-reader-text\">&#8222;Jetzt gibt es was auf\u00b4s Dach&#8220; <\/span>weiterlesen<\/a><\/p>\n<div class=\"sharedaddy sd-sharing-enabled\"><div class=\"robots-nocontent sd-block sd-social sd-social-icon-text sd-sharing\"><h3 class=\"sd-title\">Ich bin dann mal weg ...<\/h3><div class=\"sd-content\"><ul><li><a href=\"#\" class=\"sharing-anchor sd-button share-more\"><span>Teilen<\/span><\/a><\/li><li class=\"share-end\"><\/li><\/ul><div class=\"sharing-hidden\"><div class=\"inner\" style=\"display: none;\"><ul><li class=\"share-facebook\"><a rel=\"nofollow noopener noreferrer\" data-shared=\"sharing-facebook-273\" class=\"share-facebook sd-button share-icon\" href=\"http:\/\/fridolin.vw-bulli.net\/?p=273&amp;share=facebook\" target=\"_blank\" title=\"Klick, um auf Facebook zu teilen\"><span>Facebook<\/span><\/a><\/li><li class=\"share-twitter\"><a rel=\"nofollow noopener noreferrer\" data-shared=\"sharing-twitter-273\" class=\"share-twitter sd-button share-icon\" href=\"http:\/\/fridolin.vw-bulli.net\/?p=273&amp;share=twitter\" target=\"_blank\" title=\"Klick, um \u00fcber Twitter zu teilen\"><span>Twitter<\/span><\/a><\/li><li class=\"share-end\"><\/li><li class=\"share-end\"><\/li><\/ul><\/div><\/div><\/div><\/div><\/div>","protected":false},"author":1,"featured_media":0,"comment_status":"open","ping_status":"open","sticky":false,"template":"","format":"standard","meta":{"spay_email":"","jetpack_publicize_message":"","jetpack_is_tweetstorm":false,"jetpack_publicize_feature_enabled":true},"categories":[1],"tags":[],"jetpack_featured_media_url":"","jetpack_publicize_connections":[],"jetpack_sharing_enabled":true,"jetpack_shortlink":"https:\/\/wp.me\/pcLMis-4p","jetpack_likes_enabled":true,"_links":{"self":[{"href":"http:\/\/fridolin.vw-bulli.net\/index.php?rest_route=\/wp\/v2\/posts\/273"}],"collection":[{"href":"http:\/\/fridolin.vw-bulli.net\/index.php?rest_route=\/wp\/v2\/posts"}],"about":[{"href":"http:\/\/fridolin.vw-bulli.net\/index.php?rest_route=\/wp\/v2\/types\/post"}],"author":[{"embeddable":true,"href":"http:\/\/fridolin.vw-bulli.net\/index.php?rest_route=\/wp\/v2\/users\/1"}],"replies":[{"embeddable":true,"href":"http:\/\/fridolin.vw-bulli.net\/index.php?rest_route=%2Fwp%2Fv2%2Fcomments&post=273"}],"version-history":[{"count":1,"href":"http:\/\/fridolin.vw-bulli.net\/index.php?rest_route=\/wp\/v2\/posts\/273\/revisions"}],"predecessor-version":[{"id":281,"href":"http:\/\/fridolin.vw-bulli.net\/index.php?rest_route=\/wp\/v2\/posts\/273\/revisions\/281"}],"wp:attachment":[{"href":"http:\/\/fridolin.vw-bulli.net\/index.php?rest_route=%2Fwp%2Fv2%2Fmedia&parent=273"}],"wp:term":[{"taxonomy":"category","embeddable":true,"href":"http:\/\/fridolin.vw-bulli.net\/index.php?rest_route=%2Fwp%2Fv2%2Fcategories&post=273"},{"taxonomy":"post_tag","embeddable":true,"href":"http:\/\/fridolin.vw-bulli.net\/index.php?rest_route=%2Fwp%2Fv2%2Ftags&post=273"}],"curies":[{"name":"wp","href":"https:\/\/api.w.org\/{rel}","templated":true}]}}