{"id":263,"date":"2016-06-17T21:01:22","date_gmt":"2016-06-17T19:01:22","guid":{"rendered":"http:\/\/fridolin.vw-bulli.net\/?p=263"},"modified":"2016-06-17T21:10:14","modified_gmt":"2016-06-17T19:10:14","slug":"ich-hab-keinen-vogel-mehr","status":"publish","type":"post","link":"http:\/\/fridolin.vw-bulli.net\/?p=263","title":{"rendered":"Ich hab (k)einen Vogel (mehr)"},"content":{"rendered":"<p>Da Fridolin ein ehemaliges DLRG Fahrzeug ist, musste ich mich doch die ein oder andere Stunde mit dem Entfernen der Schriftz\u00fcge besch\u00e4ftigen. Auf der Fahrert\u00fcre ging es recht ordentlich, auf der Beifahrert\u00fcre ging es mehr schlecht als recht und auf der Seitenwand den grossen Vogel zu entfernen war fast unm\u00f6glich. Erste Versuche, eine Spr\u00fchdose mit passender Farbe zu bekommen, grenzte an eine Unm\u00f6glichkeit, da der VW Lack nicht mehr hergestellt wird. Nach einiger Recherche bin ich auf die Firma <a href=\"http:\/\/www.gradmann.de\" target=\"_blank\">A. Gradmann<\/a> in Konstanz gestossen. Ein Fachgesch\u00e4ft rund um das Thema Farbe und deren Verarbeitung. Mit den angedachten 5 Minuten, reingehen, nehmen, zahlen, gehen wurde es nichts, aber es hat sich gelohnt. Die Beratung war umfangreich und einfach top. Angefangen damit, dass mein Lack gemessen und so ein passender Lack f\u00fcr mich angemischt wurde. Auch beim Thema Verarbeitung habe ich viel gelernt. Mit dem Ergebnis, f\u00fcr Selbstgemacht, bin ich mehr als zufrieden. Danke <a href=\"http:\/\/www.gradmann.de\" target=\"_blank\">Firma Gradmann<\/a>. Ich komme wieder und weiss jetzt, warum ich beim Thema Farbe gerne wieder auf Profis zur\u00fcckgreife.<\/p>\n<p>Hier die Vorher und Nachher Bilder:<\/p>\n<p><img loading=\"lazy\" class=\"alignnone size-medium wp-image-228\" src=\"http:\/\/fridolin.vw-bulli.net\/wp-content\/uploads\/2016\/05\/thumb_IMG_2526_1024-500x375.jpg\" alt=\"thumb_IMG_2526_1024\" width=\"500\" height=\"375\" srcset=\"http:\/\/fridolin.vw-bulli.net\/wp-content\/uploads\/2016\/05\/thumb_IMG_2526_1024-500x375.jpg 500w, http:\/\/fridolin.vw-bulli.net\/wp-content\/uploads\/2016\/05\/thumb_IMG_2526_1024.jpg 1024w\" sizes=\"(max-width: 500px) 85vw, 500px\" \/> <img loading=\"lazy\" class=\"alignnone size-medium wp-image-264\" src=\"http:\/\/fridolin.vw-bulli.net\/wp-content\/uploads\/2016\/06\/thumb_IMG_2735_1024-500x375.jpg\" alt=\"thumb_IMG_2735_1024\" width=\"500\" height=\"375\" srcset=\"http:\/\/fridolin.vw-bulli.net\/wp-content\/uploads\/2016\/06\/thumb_IMG_2735_1024-500x375.jpg 500w, http:\/\/fridolin.vw-bulli.net\/wp-content\/uploads\/2016\/06\/thumb_IMG_2735_1024.jpg 1024w\" sizes=\"(max-width: 500px) 85vw, 500px\" \/> <img loading=\"lazy\" class=\"alignnone size-medium wp-image-265\" src=\"http:\/\/fridolin.vw-bulli.net\/wp-content\/uploads\/2016\/06\/thumb_IMG_2736_1024-500x667.jpg\" alt=\"thumb_IMG_2736_1024\" width=\"500\" height=\"667\" srcset=\"http:\/\/fridolin.vw-bulli.net\/wp-content\/uploads\/2016\/06\/thumb_IMG_2736_1024-500x667.jpg 500w, http:\/\/fridolin.vw-bulli.net\/wp-content\/uploads\/2016\/06\/thumb_IMG_2736_1024.jpg 768w\" sizes=\"(max-width: 500px) 85vw, 500px\" \/><\/p>\n<p>Und da ich eh wieder am bastel war und heute eine weitere Lieferung von <a href=\"http:\/\/www.werk34.de\" target=\"_blank\">Werk34<\/a> ankam, habe ich die T\u00fcrpanele entfernt, alle defekten Gummih\u00fctchen und Halteklammern gegen Neue getauscht. Jetzt sitzen die Panele wieder wie sie sollen.<\/p>\n<div class=\"sharedaddy sd-sharing-enabled\"><div class=\"robots-nocontent sd-block sd-social sd-social-icon-text sd-sharing\"><h3 class=\"sd-title\">Ich bin dann mal weg ...<\/h3><div class=\"sd-content\"><ul><li><a href=\"#\" class=\"sharing-anchor sd-button share-more\"><span>Teilen<\/span><\/a><\/li><li class=\"share-end\"><\/li><\/ul><div class=\"sharing-hidden\"><div class=\"inner\" style=\"display: none;\"><ul><li class=\"share-facebook\"><a rel=\"nofollow noopener noreferrer\" data-shared=\"sharing-facebook-263\" class=\"share-facebook sd-button share-icon\" href=\"http:\/\/fridolin.vw-bulli.net\/?p=263&amp;share=facebook\" target=\"_blank\" title=\"Klick, um auf Facebook zu teilen\"><span>Facebook<\/span><\/a><\/li><li class=\"share-twitter\"><a rel=\"nofollow noopener noreferrer\" data-shared=\"sharing-twitter-263\" class=\"share-twitter sd-button share-icon\" href=\"http:\/\/fridolin.vw-bulli.net\/?p=263&amp;share=twitter\" target=\"_blank\" title=\"Klick, um \u00fcber Twitter zu teilen\"><span>Twitter<\/span><\/a><\/li><li class=\"share-end\"><\/li><li class=\"share-end\"><\/li><\/ul><\/div><\/div><\/div><\/div><\/div>","protected":false},"excerpt":{"rendered":"<p>Da Fridolin ein ehemaliges DLRG Fahrzeug ist, musste ich mich doch die ein oder andere Stunde mit dem Entfernen der Schriftz\u00fcge besch\u00e4ftigen. Auf der Fahrert\u00fcre ging es recht ordentlich, auf der Beifahrert\u00fcre ging es mehr schlecht als recht und auf der Seitenwand den grossen Vogel zu entfernen war fast unm\u00f6glich. Erste Versuche, eine Spr\u00fchdose mit &hellip; <a href=\"http:\/\/fridolin.vw-bulli.net\/?p=263\" class=\"more-link\"><span class=\"screen-reader-text\">&#8222;Ich hab (k)einen Vogel (mehr)&#8220; <\/span>weiterlesen<\/a><\/p>\n<div class=\"sharedaddy sd-sharing-enabled\"><div class=\"robots-nocontent sd-block sd-social sd-social-icon-text sd-sharing\"><h3 class=\"sd-title\">Ich bin dann mal weg ...<\/h3><div class=\"sd-content\"><ul><li><a href=\"#\" class=\"sharing-anchor sd-button share-more\"><span>Teilen<\/span><\/a><\/li><li class=\"share-end\"><\/li><\/ul><div class=\"sharing-hidden\"><div class=\"inner\" style=\"display: none;\"><ul><li class=\"share-facebook\"><a rel=\"nofollow noopener noreferrer\" data-shared=\"sharing-facebook-263\" class=\"share-facebook sd-button share-icon\" href=\"http:\/\/fridolin.vw-bulli.net\/?p=263&amp;share=facebook\" target=\"_blank\" title=\"Klick, um auf Facebook zu teilen\"><span>Facebook<\/span><\/a><\/li><li class=\"share-twitter\"><a rel=\"nofollow noopener noreferrer\" data-shared=\"sharing-twitter-263\" class=\"share-twitter sd-button share-icon\" href=\"http:\/\/fridolin.vw-bulli.net\/?p=263&amp;share=twitter\" target=\"_blank\" title=\"Klick, um \u00fcber Twitter zu teilen\"><span>Twitter<\/span><\/a><\/li><li class=\"share-end\"><\/li><li class=\"share-end\"><\/li><\/ul><\/div><\/div><\/div><\/div><\/div>","protected":false},"author":1,"featured_media":0,"comment_status":"open","ping_status":"open","sticky":false,"template":"","format":"standard","meta":{"spay_email":"","jetpack_publicize_message":"","jetpack_is_tweetstorm":false,"jetpack_publicize_feature_enabled":true},"categories":[1],"tags":[],"jetpack_featured_media_url":"","jetpack_publicize_connections":[],"jetpack_sharing_enabled":true,"jetpack_shortlink":"https:\/\/wp.me\/pcLMis-4f","jetpack_likes_enabled":true,"_links":{"self":[{"href":"http:\/\/fridolin.vw-bulli.net\/index.php?rest_route=\/wp\/v2\/posts\/263"}],"collection":[{"href":"http:\/\/fridolin.vw-bulli.net\/index.php?rest_route=\/wp\/v2\/posts"}],"about":[{"href":"http:\/\/fridolin.vw-bulli.net\/index.php?rest_route=\/wp\/v2\/types\/post"}],"author":[{"embeddable":true,"href":"http:\/\/fridolin.vw-bulli.net\/index.php?rest_route=\/wp\/v2\/users\/1"}],"replies":[{"embeddable":true,"href":"http:\/\/fridolin.vw-bulli.net\/index.php?rest_route=%2Fwp%2Fv2%2Fcomments&post=263"}],"version-history":[{"count":4,"href":"http:\/\/fridolin.vw-bulli.net\/index.php?rest_route=\/wp\/v2\/posts\/263\/revisions"}],"predecessor-version":[{"id":271,"href":"http:\/\/fridolin.vw-bulli.net\/index.php?rest_route=\/wp\/v2\/posts\/263\/revisions\/271"}],"wp:attachment":[{"href":"http:\/\/fridolin.vw-bulli.net\/index.php?rest_route=%2Fwp%2Fv2%2Fmedia&parent=263"}],"wp:term":[{"taxonomy":"category","embeddable":true,"href":"http:\/\/fridolin.vw-bulli.net\/index.php?rest_route=%2Fwp%2Fv2%2Fcategories&post=263"},{"taxonomy":"post_tag","embeddable":true,"href":"http:\/\/fridolin.vw-bulli.net\/index.php?rest_route=%2Fwp%2Fv2%2Ftags&post=263"}],"curies":[{"name":"wp","href":"https:\/\/api.w.org\/{rel}","templated":true}]}}