{"id":252,"date":"2016-05-29T10:11:59","date_gmt":"2016-05-29T08:11:59","guid":{"rendered":"http:\/\/fridolin.vw-bulli.net\/?p=252"},"modified":"2016-05-29T10:11:59","modified_gmt":"2016-05-29T08:11:59","slug":"ist-doch-klarglas","status":"publish","type":"post","link":"http:\/\/fridolin.vw-bulli.net\/?p=252","title":{"rendered":"Ist doch Klarglas"},"content":{"rendered":"<p>Dieses Wochenende ist Fridolin im wahrsten Sinne ein Licht aufgegangen. Leider habe ich es bei einem Scheinwerfer nicht geschafft, ihn sauber ab zu dichten. Bei Regen oder in der Waschstrasse war er immer von innen feucht. Somit habe ich mich f\u00fcr einen Austausch noch vor der Reise entschieden um \u00c4rger auf der Fahrt zu vermeiden. Und wenn schon, dann sollten es gleich Klarglas Scheinwerfer werden. Diese haben den Vorteil, dass deutlich mehr Licht auf der Strasse ankommt und auch die Optik ist sehr sch\u00f6n, ohne den klassischen Look eines Bullis kaputt zu machen. Hier sieht man den Unterschied in der Helligkeit (Bei Tag fotografiert).<\/p>\n<p><img loading=\"lazy\" class=\"alignnone size-medium wp-image-254\" src=\"http:\/\/fridolin.vw-bulli.net\/wp-content\/uploads\/2016\/05\/thumb_IMG_2536_1024-500x375.jpg\" alt=\"thumb_IMG_2536_1024\" width=\"500\" height=\"375\" srcset=\"http:\/\/fridolin.vw-bulli.net\/wp-content\/uploads\/2016\/05\/thumb_IMG_2536_1024-500x375.jpg 500w, http:\/\/fridolin.vw-bulli.net\/wp-content\/uploads\/2016\/05\/thumb_IMG_2536_1024.jpg 1024w\" sizes=\"(max-width: 500px) 85vw, 500px\" \/><img loading=\"lazy\" class=\"alignnone size-medium wp-image-253\" src=\"http:\/\/fridolin.vw-bulli.net\/wp-content\/uploads\/2016\/05\/thumb_IMG_2535_1024-500x375.jpg\" alt=\"thumb_IMG_2535_1024\" width=\"500\" height=\"375\" srcset=\"http:\/\/fridolin.vw-bulli.net\/wp-content\/uploads\/2016\/05\/thumb_IMG_2535_1024-500x375.jpg 500w, http:\/\/fridolin.vw-bulli.net\/wp-content\/uploads\/2016\/05\/thumb_IMG_2535_1024.jpg 1024w\" sizes=\"(max-width: 500px) 85vw, 500px\" \/><\/p>\n<p>Einen weiteren Punkt, den ich die letzten Wochen vor mir hergeschoben habe, konnte erledigt werden. Das Austauschen der letzten Wandpanele. Warum habe ich es vor mir hergeschoben? Um die Seitenteile aus zu tauschen, mussten grosse Teile der Sitzbank und Unterkonstruktion ausgebaut werden, da sich Befestigungsschrauben dahinter befunden haben. Nach dem Ausbau dienten die alten Panele als Vorlage um Neue anzufertigen. Das hat gut funktioniert, so langsam habe ich ja auch \u00dcbung darin.<\/p>\n<p><img loading=\"lazy\" class=\"alignnone size-medium wp-image-256\" src=\"http:\/\/fridolin.vw-bulli.net\/wp-content\/uploads\/2016\/05\/thumb_IMG_2538_1024-500x375.jpg\" alt=\"thumb_IMG_2538_1024\" width=\"500\" height=\"375\" srcset=\"http:\/\/fridolin.vw-bulli.net\/wp-content\/uploads\/2016\/05\/thumb_IMG_2538_1024-500x375.jpg 500w, http:\/\/fridolin.vw-bulli.net\/wp-content\/uploads\/2016\/05\/thumb_IMG_2538_1024.jpg 1024w\" sizes=\"(max-width: 500px) 85vw, 500px\" \/><\/p>\n<p>Neben der besseren Optik konnten weitere Kilos eingespart werden, da die neuen Panele 3mm, statt 6mm wie die alten Panele haben.<\/p>\n<p>Eigentlich sollte diese Woche noch ein Schiebefenster in die Schiebet\u00fcre eingebaut werden. Leider wurde der Verschluss beim Transport besch\u00e4digt. Somit musste ich es direkt wieder zur\u00fcck schicken und warte nun auf die erneute, und hoffentlich intakte, Lieferung.<\/p>\n<div class=\"sharedaddy sd-sharing-enabled\"><div class=\"robots-nocontent sd-block sd-social sd-social-icon-text sd-sharing\"><h3 class=\"sd-title\">Ich bin dann mal weg ...<\/h3><div class=\"sd-content\"><ul><li><a href=\"#\" class=\"sharing-anchor sd-button share-more\"><span>Teilen<\/span><\/a><\/li><li class=\"share-end\"><\/li><\/ul><div class=\"sharing-hidden\"><div class=\"inner\" style=\"display: none;\"><ul><li class=\"share-facebook\"><a rel=\"nofollow noopener noreferrer\" data-shared=\"sharing-facebook-252\" class=\"share-facebook sd-button share-icon\" href=\"http:\/\/fridolin.vw-bulli.net\/?p=252&amp;share=facebook\" target=\"_blank\" title=\"Klick, um auf Facebook zu teilen\"><span>Facebook<\/span><\/a><\/li><li class=\"share-twitter\"><a rel=\"nofollow noopener noreferrer\" data-shared=\"sharing-twitter-252\" class=\"share-twitter sd-button share-icon\" href=\"http:\/\/fridolin.vw-bulli.net\/?p=252&amp;share=twitter\" target=\"_blank\" title=\"Klick, um \u00fcber Twitter zu teilen\"><span>Twitter<\/span><\/a><\/li><li class=\"share-end\"><\/li><li class=\"share-end\"><\/li><\/ul><\/div><\/div><\/div><\/div><\/div>","protected":false},"excerpt":{"rendered":"<p>Dieses Wochenende ist Fridolin im wahrsten Sinne ein Licht aufgegangen. Leider habe ich es bei einem Scheinwerfer nicht geschafft, ihn sauber ab zu dichten. Bei Regen oder in der Waschstrasse war er immer von innen feucht. Somit habe ich mich f\u00fcr einen Austausch noch vor der Reise entschieden um \u00c4rger auf der Fahrt zu vermeiden. &hellip; <a href=\"http:\/\/fridolin.vw-bulli.net\/?p=252\" class=\"more-link\"><span class=\"screen-reader-text\">&#8222;Ist doch Klarglas&#8220; <\/span>weiterlesen<\/a><\/p>\n<div class=\"sharedaddy sd-sharing-enabled\"><div class=\"robots-nocontent sd-block sd-social sd-social-icon-text sd-sharing\"><h3 class=\"sd-title\">Ich bin dann mal weg ...<\/h3><div class=\"sd-content\"><ul><li><a href=\"#\" class=\"sharing-anchor sd-button share-more\"><span>Teilen<\/span><\/a><\/li><li class=\"share-end\"><\/li><\/ul><div class=\"sharing-hidden\"><div class=\"inner\" style=\"display: none;\"><ul><li class=\"share-facebook\"><a rel=\"nofollow noopener noreferrer\" data-shared=\"sharing-facebook-252\" class=\"share-facebook sd-button share-icon\" href=\"http:\/\/fridolin.vw-bulli.net\/?p=252&amp;share=facebook\" target=\"_blank\" title=\"Klick, um auf Facebook zu teilen\"><span>Facebook<\/span><\/a><\/li><li class=\"share-twitter\"><a rel=\"nofollow noopener noreferrer\" data-shared=\"sharing-twitter-252\" class=\"share-twitter sd-button share-icon\" href=\"http:\/\/fridolin.vw-bulli.net\/?p=252&amp;share=twitter\" target=\"_blank\" title=\"Klick, um \u00fcber Twitter zu teilen\"><span>Twitter<\/span><\/a><\/li><li class=\"share-end\"><\/li><li class=\"share-end\"><\/li><\/ul><\/div><\/div><\/div><\/div><\/div>","protected":false},"author":1,"featured_media":0,"comment_status":"open","ping_status":"open","sticky":false,"template":"","format":"standard","meta":{"spay_email":"","jetpack_publicize_message":"","jetpack_is_tweetstorm":false,"jetpack_publicize_feature_enabled":true},"categories":[1],"tags":[],"jetpack_featured_media_url":"","jetpack_publicize_connections":[],"jetpack_sharing_enabled":true,"jetpack_shortlink":"https:\/\/wp.me\/pcLMis-44","jetpack_likes_enabled":true,"_links":{"self":[{"href":"http:\/\/fridolin.vw-bulli.net\/index.php?rest_route=\/wp\/v2\/posts\/252"}],"collection":[{"href":"http:\/\/fridolin.vw-bulli.net\/index.php?rest_route=\/wp\/v2\/posts"}],"about":[{"href":"http:\/\/fridolin.vw-bulli.net\/index.php?rest_route=\/wp\/v2\/types\/post"}],"author":[{"embeddable":true,"href":"http:\/\/fridolin.vw-bulli.net\/index.php?rest_route=\/wp\/v2\/users\/1"}],"replies":[{"embeddable":true,"href":"http:\/\/fridolin.vw-bulli.net\/index.php?rest_route=%2Fwp%2Fv2%2Fcomments&post=252"}],"version-history":[{"count":1,"href":"http:\/\/fridolin.vw-bulli.net\/index.php?rest_route=\/wp\/v2\/posts\/252\/revisions"}],"predecessor-version":[{"id":257,"href":"http:\/\/fridolin.vw-bulli.net\/index.php?rest_route=\/wp\/v2\/posts\/252\/revisions\/257"}],"wp:attachment":[{"href":"http:\/\/fridolin.vw-bulli.net\/index.php?rest_route=%2Fwp%2Fv2%2Fmedia&parent=252"}],"wp:term":[{"taxonomy":"category","embeddable":true,"href":"http:\/\/fridolin.vw-bulli.net\/index.php?rest_route=%2Fwp%2Fv2%2Fcategories&post=252"},{"taxonomy":"post_tag","embeddable":true,"href":"http:\/\/fridolin.vw-bulli.net\/index.php?rest_route=%2Fwp%2Fv2%2Ftags&post=252"}],"curies":[{"name":"wp","href":"https:\/\/api.w.org\/{rel}","templated":true}]}}