{"id":226,"date":"2016-05-21T20:13:56","date_gmt":"2016-05-21T18:13:56","guid":{"rendered":"http:\/\/fridolin.vw-bulli.net\/?p=226"},"modified":"2016-05-23T09:03:32","modified_gmt":"2016-05-23T07:03:32","slug":"und-weiter-gehts","status":"publish","type":"post","link":"http:\/\/fridolin.vw-bulli.net\/?p=226","title":{"rendered":"Und weiter geht\u00b4s"},"content":{"rendered":"<p>Was hat sich seit dem letzten Mal getan?<\/p>\n<p>Der Probeurlaub war klasse und hat noch auf ein paar Kleinigkeiten aufmerksam gemacht, die verbessert werden k\u00f6nnen.<\/p>\n<p>Da ich\u00a0es leider noch immer nicht gewohnt bin, dass ich das Licht manuell ausschalten muss und mir deshalb schon einmal die Batterie leer gegangen ist, habe ich\u00a0einen Warnpipser eingebaut. Jetzt werde ich laut und deutlich an das angelassene Licht erinnert, wenn die Z\u00fcndung aus ist und ich die T\u00fcre \u00f6ffne.<\/p>\n<p>Ausserdem wurden\u00a0heute die ersten 3 Scheiben get\u00f6nt, um der Sommerhitze ein wenig entgegen zu wirken. Die mittleren Scheiben kommen erst n\u00e4chste Woche, wenn das Schiebefenster f\u00fcr die Schiebet\u00fcre angekommen ist und eingebaut wurde. Somit wird\u00a0auch f\u00fcr etwas mehr Luft im Wohn- und Schlafbereich gesorgt.<\/p>\n<p><img loading=\"lazy\" class=\"alignnone wp-image-227\" src=\"http:\/\/fridolin.vw-bulli.net\/wp-content\/uploads\/2016\/05\/thumb_IMG_2525_1024-500x375.jpg\" alt=\"thumb_IMG_2525_1024\" width=\"500\" height=\"375\" srcset=\"http:\/\/fridolin.vw-bulli.net\/wp-content\/uploads\/2016\/05\/thumb_IMG_2525_1024-500x375.jpg 500w, http:\/\/fridolin.vw-bulli.net\/wp-content\/uploads\/2016\/05\/thumb_IMG_2525_1024.jpg 1024w\" sizes=\"(max-width: 500px) 85vw, 500px\" \/> <img loading=\"lazy\" class=\"alignnone size-medium wp-image-228\" src=\"http:\/\/fridolin.vw-bulli.net\/wp-content\/uploads\/2016\/05\/thumb_IMG_2526_1024-500x375.jpg\" alt=\"thumb_IMG_2526_1024\" width=\"500\" height=\"375\" srcset=\"http:\/\/fridolin.vw-bulli.net\/wp-content\/uploads\/2016\/05\/thumb_IMG_2526_1024-500x375.jpg 500w, http:\/\/fridolin.vw-bulli.net\/wp-content\/uploads\/2016\/05\/thumb_IMG_2526_1024.jpg 1024w\" sizes=\"(max-width: 500px) 85vw, 500px\" \/><\/p>\n<p>Ach ja, einige Schriftz\u00fcge konnte ich auch entfernen, der Rest kommt nach und nach denn es ist doch eine sch&#8230; Arbeit.<\/p>\n<p>Eine weitere T\u00e4tigkeit war es den Steinschlagschutz in den Radk\u00e4sten wieder auf zu frischen. Dieser ist grossteils bereits abgegangen und da ich auch k\u00fcnftig keinen Rost an diesen Stellen w\u00fcnsche, eine notwendige T\u00e4tigkeit.<\/p>\n<p>Das Thema Stauraum sollte jetzt auch erledigt sein. Gestern konnte ich in Steinebrunn meine Dachbox abholen. Eine sch\u00f6ne kleine Ausfahrt bei tollem Wetter mit Fridolin. N\u00e4chste Woche kommt auch der n\u00f6tige Dachtr\u00e4ger.<\/p>\n<p><img loading=\"lazy\" class=\"alignnone size-medium wp-image-230\" src=\"http:\/\/fridolin.vw-bulli.net\/wp-content\/uploads\/2016\/05\/thumb_IMG_2528_1024-500x375.jpg\" alt=\"thumb_IMG_2528_1024\" width=\"500\" height=\"375\" srcset=\"http:\/\/fridolin.vw-bulli.net\/wp-content\/uploads\/2016\/05\/thumb_IMG_2528_1024-500x375.jpg 500w, http:\/\/fridolin.vw-bulli.net\/wp-content\/uploads\/2016\/05\/thumb_IMG_2528_1024.jpg 1024w\" sizes=\"(max-width: 500px) 85vw, 500px\" \/><\/p>\n<p>Somit kann einiges auf das Dach, wetterfest verpackt und abgeschlossen werden.<\/p>\n<p>Um weiter Gewicht zu sparen, wurden vorne an den T\u00fcren die L\u00fcftungskan\u00e4le demontiert. Diese waren urspr\u00fcnglich daf\u00fcr gedacht, den Fahrgastbereich hinten beheizen zu k\u00f6nnen. Da an den Luftaustrittsd\u00fcsen nun die Schrankwand eingebaut ist, und meinen K\u00fchlschrank muss ich nicht heizen, konnten sie entfernt werden, was ca. weitere\u00a05 KG Gewichtsersparnis bringt. In diesem Zuge waren die T\u00fcrverkleidungen demontiert. Das gab Gelegenheit zum einen die Regenschutzfolie wieder korrekt an zu bringen und wo n\u00f6tig zu reparieren, zum anderen konnte ich bei dieser Gelegenheit die Beifahrert\u00fcre vorne ausbeulen. Dort hatte Fridolin mal einen Schlag und eine doch sehr grosse Delle bekommen. Es ist wohl nicht ganz so gut wie vom Beulendoktor, doch 95% der Delle ist nun weg. Als Hobbyschrauber bin ich mit diesem Ergebnis sehr zufrieden.<\/p>\n<p>Ebenfalls zur Gewichtsersparnis wurden die Schrankb\u00f6den durch Pappelholz getauscht. Auch Kleinvieh macht Mist und tr\u00e4gt zur Gewichtsersparnis bei. Vor der Erfahrung San Bernardino Pass, voll beladen, Gaspedal durch das Bodenblech gedr\u00fcckt und maximal 50 Km\/h, achtet man doch ein wenig mehr auf das Gewicht.<\/p>\n<p>Und als Abschluss vom Wochenende noch eine kurze Ausfahrt nach Romanshorn.<\/p>\n<p><a href=\"http:\/\/fridolin.vw-bulli.net\/wp-content\/uploads\/2016\/05\/img_2529.jpg\"><img loading=\"lazy\" class=\"alignnone wp-image-234\" src=\"http:\/\/fridolin.vw-bulli.net\/wp-content\/uploads\/2016\/05\/img_2529.jpg\" alt=\"\" width=\"500\" height=\"375\" srcset=\"http:\/\/fridolin.vw-bulli.net\/wp-content\/uploads\/2016\/05\/img_2529.jpg 3264w, http:\/\/fridolin.vw-bulli.net\/wp-content\/uploads\/2016\/05\/img_2529-500x375.jpg 500w, http:\/\/fridolin.vw-bulli.net\/wp-content\/uploads\/2016\/05\/img_2529-1024x768.jpg 1024w, http:\/\/fridolin.vw-bulli.net\/wp-content\/uploads\/2016\/05\/img_2529-1200x900.jpg 1200w\" sizes=\"(max-width: 500px) 85vw, 500px\" \/><\/a><a href=\"http:\/\/fridolin.vw-bulli.net\/wp-content\/uploads\/2016\/05\/img_2532.jpg\"><img loading=\"lazy\" class=\"alignnone wp-image-235\" src=\"http:\/\/fridolin.vw-bulli.net\/wp-content\/uploads\/2016\/05\/img_2532.jpg\" alt=\"\" width=\"500\" height=\"667\" srcset=\"http:\/\/fridolin.vw-bulli.net\/wp-content\/uploads\/2016\/05\/img_2532.jpg 2448w, http:\/\/fridolin.vw-bulli.net\/wp-content\/uploads\/2016\/05\/img_2532-375x500.jpg 375w, http:\/\/fridolin.vw-bulli.net\/wp-content\/uploads\/2016\/05\/img_2532-768x1024.jpg 768w, http:\/\/fridolin.vw-bulli.net\/wp-content\/uploads\/2016\/05\/img_2532-1200x1600.jpg 1200w\" sizes=\"(max-width: 500px) 85vw, 500px\" \/><\/a><\/p>\n<div class=\"sharedaddy sd-sharing-enabled\"><div class=\"robots-nocontent sd-block sd-social sd-social-icon-text sd-sharing\"><h3 class=\"sd-title\">Ich bin dann mal weg ...<\/h3><div class=\"sd-content\"><ul><li><a href=\"#\" class=\"sharing-anchor sd-button share-more\"><span>Teilen<\/span><\/a><\/li><li class=\"share-end\"><\/li><\/ul><div class=\"sharing-hidden\"><div class=\"inner\" style=\"display: none;\"><ul><li class=\"share-facebook\"><a rel=\"nofollow noopener noreferrer\" data-shared=\"sharing-facebook-226\" class=\"share-facebook sd-button share-icon\" href=\"http:\/\/fridolin.vw-bulli.net\/?p=226&amp;share=facebook\" target=\"_blank\" title=\"Klick, um auf Facebook zu teilen\"><span>Facebook<\/span><\/a><\/li><li class=\"share-twitter\"><a rel=\"nofollow noopener noreferrer\" data-shared=\"sharing-twitter-226\" class=\"share-twitter sd-button share-icon\" href=\"http:\/\/fridolin.vw-bulli.net\/?p=226&amp;share=twitter\" target=\"_blank\" title=\"Klick, um \u00fcber Twitter zu teilen\"><span>Twitter<\/span><\/a><\/li><li class=\"share-end\"><\/li><li class=\"share-end\"><\/li><\/ul><\/div><\/div><\/div><\/div><\/div>","protected":false},"excerpt":{"rendered":"<p>Was hat sich seit dem letzten Mal getan? Der Probeurlaub war klasse und hat noch auf ein paar Kleinigkeiten aufmerksam gemacht, die verbessert werden k\u00f6nnen. Da ich\u00a0es leider noch immer nicht gewohnt bin, dass ich das Licht manuell ausschalten muss und mir deshalb schon einmal die Batterie leer gegangen ist, habe ich\u00a0einen Warnpipser eingebaut. Jetzt &hellip; <a href=\"http:\/\/fridolin.vw-bulli.net\/?p=226\" class=\"more-link\"><span class=\"screen-reader-text\">&#8222;Und weiter geht\u00b4s&#8220; <\/span>weiterlesen<\/a><\/p>\n<div class=\"sharedaddy sd-sharing-enabled\"><div class=\"robots-nocontent sd-block sd-social sd-social-icon-text sd-sharing\"><h3 class=\"sd-title\">Ich bin dann mal weg ...<\/h3><div class=\"sd-content\"><ul><li><a href=\"#\" class=\"sharing-anchor sd-button share-more\"><span>Teilen<\/span><\/a><\/li><li class=\"share-end\"><\/li><\/ul><div class=\"sharing-hidden\"><div class=\"inner\" style=\"display: none;\"><ul><li class=\"share-facebook\"><a rel=\"nofollow noopener noreferrer\" data-shared=\"sharing-facebook-226\" class=\"share-facebook sd-button share-icon\" href=\"http:\/\/fridolin.vw-bulli.net\/?p=226&amp;share=facebook\" target=\"_blank\" title=\"Klick, um auf Facebook zu teilen\"><span>Facebook<\/span><\/a><\/li><li class=\"share-twitter\"><a rel=\"nofollow noopener noreferrer\" data-shared=\"sharing-twitter-226\" class=\"share-twitter sd-button share-icon\" href=\"http:\/\/fridolin.vw-bulli.net\/?p=226&amp;share=twitter\" target=\"_blank\" title=\"Klick, um \u00fcber Twitter zu teilen\"><span>Twitter<\/span><\/a><\/li><li class=\"share-end\"><\/li><li class=\"share-end\"><\/li><\/ul><\/div><\/div><\/div><\/div><\/div>","protected":false},"author":1,"featured_media":0,"comment_status":"open","ping_status":"open","sticky":false,"template":"","format":"standard","meta":{"spay_email":"","jetpack_publicize_message":"","jetpack_is_tweetstorm":false,"jetpack_publicize_feature_enabled":true},"categories":[1],"tags":[],"jetpack_featured_media_url":"","jetpack_publicize_connections":[],"jetpack_sharing_enabled":true,"jetpack_shortlink":"https:\/\/wp.me\/pcLMis-3E","jetpack_likes_enabled":true,"_links":{"self":[{"href":"http:\/\/fridolin.vw-bulli.net\/index.php?rest_route=\/wp\/v2\/posts\/226"}],"collection":[{"href":"http:\/\/fridolin.vw-bulli.net\/index.php?rest_route=\/wp\/v2\/posts"}],"about":[{"href":"http:\/\/fridolin.vw-bulli.net\/index.php?rest_route=\/wp\/v2\/types\/post"}],"author":[{"embeddable":true,"href":"http:\/\/fridolin.vw-bulli.net\/index.php?rest_route=\/wp\/v2\/users\/1"}],"replies":[{"embeddable":true,"href":"http:\/\/fridolin.vw-bulli.net\/index.php?rest_route=%2Fwp%2Fv2%2Fcomments&post=226"}],"version-history":[{"count":9,"href":"http:\/\/fridolin.vw-bulli.net\/index.php?rest_route=\/wp\/v2\/posts\/226\/revisions"}],"predecessor-version":[{"id":249,"href":"http:\/\/fridolin.vw-bulli.net\/index.php?rest_route=\/wp\/v2\/posts\/226\/revisions\/249"}],"wp:attachment":[{"href":"http:\/\/fridolin.vw-bulli.net\/index.php?rest_route=%2Fwp%2Fv2%2Fmedia&parent=226"}],"wp:term":[{"taxonomy":"category","embeddable":true,"href":"http:\/\/fridolin.vw-bulli.net\/index.php?rest_route=%2Fwp%2Fv2%2Fcategories&post=226"},{"taxonomy":"post_tag","embeddable":true,"href":"http:\/\/fridolin.vw-bulli.net\/index.php?rest_route=%2Fwp%2Fv2%2Ftags&post=226"}],"curies":[{"name":"wp","href":"https:\/\/api.w.org\/{rel}","templated":true}]}}