{"id":224,"date":"2016-05-20T10:04:47","date_gmt":"2016-05-20T08:04:47","guid":{"rendered":"http:\/\/fridolin.vw-bulli.net\/?p=224"},"modified":"2016-05-20T10:05:19","modified_gmt":"2016-05-20T08:05:19","slug":"neues-menue-auf-dem-blog","status":"publish","type":"post","link":"http:\/\/fridolin.vw-bulli.net\/?p=224","title":{"rendered":"Neues Men\u00fc auf dem Blog"},"content":{"rendered":"<p>Heute geht es mal nicht direkt um Fridolin sondern um den Blog.<\/p>\n<p>Neu ist ein Men\u00fc rechts oben mit den Seiten:<\/p>\n<ul>\n<li>Startseite &#8211; Blog<\/li>\n<li>Das Vorhaben<\/li>\n<li>Reiseroute<\/li>\n<li>Kontaktformular \u2013 Eure Reisetipps<\/li>\n<\/ul>\n<p><strong>Reiseroute<\/strong><\/p>\n<p>Hier habe ich angefangen die Orte zu markieren, die ich bereits besucht habe (Gr\u00fcne Pins) und die Orte, die ich noch besuchen m\u00f6chte (Rote Pins). Auch eure Reisetipps werde ich dort aufnehmen. Ebenso werde ich, sobald ich auf dem Weg bin, dort meine Reiseroute dokumentieren.<\/p>\n<p><strong>Kontaktformular &#8211; Eure Reisetipps<\/strong><\/p>\n<p>Neu habe ich ein Kontaktformular eingebaut. Dies k\u00f6nnt ihr auch daf\u00fcr nutzen, mir eure Reisetipps zu senden. \u00dcber Reisetipps w\u00fcrde ich mich sehr freuen.<\/p>\n<p><strong>Startseite &#8211; Blog<\/strong><\/p>\n<p>Hiermit kommt ihr zur\u00fcck zur Startseite bzw. dem Blog.<\/p>\n<div class=\"sharedaddy sd-sharing-enabled\"><div class=\"robots-nocontent sd-block sd-social sd-social-icon-text sd-sharing\"><h3 class=\"sd-title\">Ich bin dann mal weg ...<\/h3><div class=\"sd-content\"><ul><li><a href=\"#\" class=\"sharing-anchor sd-button share-more\"><span>Teilen<\/span><\/a><\/li><li class=\"share-end\"><\/li><\/ul><div class=\"sharing-hidden\"><div class=\"inner\" style=\"display: none;\"><ul><li class=\"share-facebook\"><a rel=\"nofollow noopener noreferrer\" data-shared=\"sharing-facebook-224\" class=\"share-facebook sd-button share-icon\" href=\"http:\/\/fridolin.vw-bulli.net\/?p=224&amp;share=facebook\" target=\"_blank\" title=\"Klick, um auf Facebook zu teilen\"><span>Facebook<\/span><\/a><\/li><li class=\"share-twitter\"><a rel=\"nofollow noopener noreferrer\" data-shared=\"sharing-twitter-224\" class=\"share-twitter sd-button share-icon\" href=\"http:\/\/fridolin.vw-bulli.net\/?p=224&amp;share=twitter\" target=\"_blank\" title=\"Klick, um \u00fcber Twitter zu teilen\"><span>Twitter<\/span><\/a><\/li><li class=\"share-end\"><\/li><li class=\"share-end\"><\/li><\/ul><\/div><\/div><\/div><\/div><\/div>","protected":false},"excerpt":{"rendered":"<p>Heute geht es mal nicht direkt um Fridolin sondern um den Blog. Neu ist ein Men\u00fc rechts oben mit den Seiten: Startseite &#8211; Blog Das Vorhaben Reiseroute Kontaktformular \u2013 Eure Reisetipps Reiseroute Hier habe ich angefangen die Orte zu markieren, die ich bereits besucht habe (Gr\u00fcne Pins) und die Orte, die ich noch besuchen m\u00f6chte &hellip; <a href=\"http:\/\/fridolin.vw-bulli.net\/?p=224\" class=\"more-link\"><span class=\"screen-reader-text\">&#8222;Neues Men\u00fc auf dem Blog&#8220; <\/span>weiterlesen<\/a><\/p>\n<div class=\"sharedaddy sd-sharing-enabled\"><div class=\"robots-nocontent sd-block sd-social sd-social-icon-text sd-sharing\"><h3 class=\"sd-title\">Ich bin dann mal weg ...<\/h3><div class=\"sd-content\"><ul><li><a href=\"#\" class=\"sharing-anchor sd-button share-more\"><span>Teilen<\/span><\/a><\/li><li class=\"share-end\"><\/li><\/ul><div class=\"sharing-hidden\"><div class=\"inner\" style=\"display: none;\"><ul><li class=\"share-facebook\"><a rel=\"nofollow noopener noreferrer\" data-shared=\"sharing-facebook-224\" class=\"share-facebook sd-button share-icon\" href=\"http:\/\/fridolin.vw-bulli.net\/?p=224&amp;share=facebook\" target=\"_blank\" title=\"Klick, um auf Facebook zu teilen\"><span>Facebook<\/span><\/a><\/li><li class=\"share-twitter\"><a rel=\"nofollow noopener noreferrer\" data-shared=\"sharing-twitter-224\" class=\"share-twitter sd-button share-icon\" href=\"http:\/\/fridolin.vw-bulli.net\/?p=224&amp;share=twitter\" target=\"_blank\" title=\"Klick, um \u00fcber Twitter zu teilen\"><span>Twitter<\/span><\/a><\/li><li class=\"share-end\"><\/li><li class=\"share-end\"><\/li><\/ul><\/div><\/div><\/div><\/div><\/div>","protected":false},"author":1,"featured_media":0,"comment_status":"open","ping_status":"open","sticky":false,"template":"","format":"standard","meta":{"spay_email":"","jetpack_publicize_message":"","jetpack_is_tweetstorm":false,"jetpack_publicize_feature_enabled":true},"categories":[1],"tags":[],"jetpack_featured_media_url":"","jetpack_publicize_connections":[],"jetpack_sharing_enabled":true,"jetpack_shortlink":"https:\/\/wp.me\/pcLMis-3C","jetpack_likes_enabled":true,"_links":{"self":[{"href":"http:\/\/fridolin.vw-bulli.net\/index.php?rest_route=\/wp\/v2\/posts\/224"}],"collection":[{"href":"http:\/\/fridolin.vw-bulli.net\/index.php?rest_route=\/wp\/v2\/posts"}],"about":[{"href":"http:\/\/fridolin.vw-bulli.net\/index.php?rest_route=\/wp\/v2\/types\/post"}],"author":[{"embeddable":true,"href":"http:\/\/fridolin.vw-bulli.net\/index.php?rest_route=\/wp\/v2\/users\/1"}],"replies":[{"embeddable":true,"href":"http:\/\/fridolin.vw-bulli.net\/index.php?rest_route=%2Fwp%2Fv2%2Fcomments&post=224"}],"version-history":[{"count":1,"href":"http:\/\/fridolin.vw-bulli.net\/index.php?rest_route=\/wp\/v2\/posts\/224\/revisions"}],"predecessor-version":[{"id":225,"href":"http:\/\/fridolin.vw-bulli.net\/index.php?rest_route=\/wp\/v2\/posts\/224\/revisions\/225"}],"wp:attachment":[{"href":"http:\/\/fridolin.vw-bulli.net\/index.php?rest_route=%2Fwp%2Fv2%2Fmedia&parent=224"}],"wp:term":[{"taxonomy":"category","embeddable":true,"href":"http:\/\/fridolin.vw-bulli.net\/index.php?rest_route=%2Fwp%2Fv2%2Fcategories&post=224"},{"taxonomy":"post_tag","embeddable":true,"href":"http:\/\/fridolin.vw-bulli.net\/index.php?rest_route=%2Fwp%2Fv2%2Ftags&post=224"}],"curies":[{"name":"wp","href":"https:\/\/api.w.org\/{rel}","templated":true}]}}