{"id":181,"date":"2016-05-08T13:22:12","date_gmt":"2016-05-08T11:22:12","guid":{"rendered":"http:\/\/fridolin.vw-bulli.net\/?p=181"},"modified":"2016-05-12T13:39:48","modified_gmt":"2016-05-12T11:39:48","slug":"die-rueckfahrt-oder-auch-irrfahrt-mit-haertetest","status":"publish","type":"post","link":"http:\/\/fridolin.vw-bulli.net\/?p=181","title":{"rendered":"Die R\u00fcckfahrt &#8211; oder auch Irrfahrt mit H\u00e4rtetest"},"content":{"rendered":"<p>Was soll ich sagen? Ich bin einer, der fast blind seinem Navi vertraut. Bisher hat mir mein TomTom auch keinen Anlass zum zweifeln gegeben. Also, Route \u00fcber den Arlberg zur\u00fcck nach Bottighofen eingegeben und losgefahren. Keine Ahnung was passiert ist. Entweder hat das Navi, als ich kurz tanken war, auf eine schnellere Route umgeschalten oder ich habe irgendwas angestellt. Auf einmal merkte ich, dass das TomTom mich \u00fcber den San Bernardino leiten will. Da es schon zu weit war um umzudrehen also tapfer weiter gefahren. Dann&#8230; OHA, das sind aber steile Serpentinen, vor denen ich auch mit einem neuen Auto Respekt habe.\u00a0Jammern hilft nicht, also Fridolin, voll beladen, hoch k\u00e4mpfen lassen. Ok, wir waren nicht so schnell wie andere (Aber wir waren vor Ihnen) und bei 50KM\/h haben sich ein paar Autos hinter uns gesammelt. Kurz vor dem Tunnel, Stillstand. Internetcheck: Irgendwas ist im Tunnel passiert und es gibt beidseitig eine Vollsperrung. Feuerwehr und Polizei ist auch schon anger\u00fcckt. Ich hatte &#8222;Gl\u00fcck&#8220; und konnte in 200m Entfernung eine Ausfahrt nehmen und umdrehen. Also alles wieder zur\u00fcck. Mein TomTom will mich nun \u00fcber den Gotthard leiten. Ok, wird Stau geben aber was bleibt mir \u00fcbrig? Bei der Frage &#8222;Route mit 27 Minuten Zeitersparnis gefunden&#8220; best\u00e4tigt. Das h\u00e4tte ich nicht tun sollen! Es ging nicht \u00fcber die Autobahn sondern \u00fcber die D\u00f6rfer die Berg hoch und auf einmal stand ich in Airolo. OK, dann geht es halt durch den Airolo Tunnel, wenn ich schon hier oben bin. Falsch gedacht: Airolo Tunnel gesperrt. Also wieder zur\u00fcck bis Faido, Navi aus und ab auf die Autobahn und in den Stau vor dem Gotthard Tunnel. Die 5 KM Stau gingen jedoch besser als gedacht und als ich endlich die gr\u00fcne Ampel gesehen habe&#8230; Puh&#8230;<\/p>\n<p><img loading=\"lazy\" class=\"alignnone size-medium wp-image-182\" src=\"http:\/\/fridolin.vw-bulli.net\/wp-content\/uploads\/2016\/05\/thumb_IMG_2507_1024-500x375.jpg\" alt=\"thumb_IMG_2507_1024\" width=\"500\" height=\"375\" srcset=\"http:\/\/fridolin.vw-bulli.net\/wp-content\/uploads\/2016\/05\/thumb_IMG_2507_1024-500x375.jpg 500w, http:\/\/fridolin.vw-bulli.net\/wp-content\/uploads\/2016\/05\/thumb_IMG_2507_1024.jpg 1024w\" sizes=\"(max-width: 500px) 85vw, 500px\" \/><\/p>\n<p>Danach lief es (endlich) glatt und Fridolin konnte durch schnurren bis zum Ziel. Anbei ein paar Eindr\u00fccke.<\/p>\n<p><img loading=\"lazy\" class=\"alignnone size-medium wp-image-183\" src=\"http:\/\/fridolin.vw-bulli.net\/wp-content\/uploads\/2016\/05\/thumb_IMG_2510_1024-500x375.jpg\" alt=\"thumb_IMG_2510_1024\" width=\"500\" height=\"375\" srcset=\"http:\/\/fridolin.vw-bulli.net\/wp-content\/uploads\/2016\/05\/thumb_IMG_2510_1024-500x375.jpg 500w, http:\/\/fridolin.vw-bulli.net\/wp-content\/uploads\/2016\/05\/thumb_IMG_2510_1024.jpg 1024w\" sizes=\"(max-width: 500px) 85vw, 500px\" \/> <img loading=\"lazy\" class=\"alignnone size-medium wp-image-184\" src=\"http:\/\/fridolin.vw-bulli.net\/wp-content\/uploads\/2016\/05\/thumb_IMG_2511_1024-500x375.jpg\" alt=\"thumb_IMG_2511_1024\" width=\"500\" height=\"375\" srcset=\"http:\/\/fridolin.vw-bulli.net\/wp-content\/uploads\/2016\/05\/thumb_IMG_2511_1024-500x375.jpg 500w, http:\/\/fridolin.vw-bulli.net\/wp-content\/uploads\/2016\/05\/thumb_IMG_2511_1024.jpg 1024w\" sizes=\"(max-width: 500px) 85vw, 500px\" \/> <img loading=\"lazy\" class=\"alignnone size-medium wp-image-185\" src=\"http:\/\/fridolin.vw-bulli.net\/wp-content\/uploads\/2016\/05\/thumb_IMG_2512_1024-500x375.jpg\" alt=\"thumb_IMG_2512_1024\" width=\"500\" height=\"375\" srcset=\"http:\/\/fridolin.vw-bulli.net\/wp-content\/uploads\/2016\/05\/thumb_IMG_2512_1024-500x375.jpg 500w, http:\/\/fridolin.vw-bulli.net\/wp-content\/uploads\/2016\/05\/thumb_IMG_2512_1024.jpg 1024w\" sizes=\"(max-width: 500px) 85vw, 500px\" \/> <img loading=\"lazy\" class=\"alignnone size-medium wp-image-186\" src=\"http:\/\/fridolin.vw-bulli.net\/wp-content\/uploads\/2016\/05\/thumb_IMG_2513_1024-500x375.jpg\" alt=\"thumb_IMG_2513_1024\" width=\"500\" height=\"375\" srcset=\"http:\/\/fridolin.vw-bulli.net\/wp-content\/uploads\/2016\/05\/thumb_IMG_2513_1024-500x375.jpg 500w, http:\/\/fridolin.vw-bulli.net\/wp-content\/uploads\/2016\/05\/thumb_IMG_2513_1024.jpg 1024w\" sizes=\"(max-width: 500px) 85vw, 500px\" \/><img loading=\"lazy\" class=\"alignnone size-medium wp-image-188\" src=\"http:\/\/fridolin.vw-bulli.net\/wp-content\/uploads\/2016\/05\/thumb_IMG_2515_1024-500x375.jpg\" alt=\"thumb_IMG_2515_1024\" width=\"500\" height=\"375\" srcset=\"http:\/\/fridolin.vw-bulli.net\/wp-content\/uploads\/2016\/05\/thumb_IMG_2515_1024-500x375.jpg 500w, http:\/\/fridolin.vw-bulli.net\/wp-content\/uploads\/2016\/05\/thumb_IMG_2515_1024.jpg 1024w\" sizes=\"(max-width: 500px) 85vw, 500px\" \/><\/p>\n<p>Nach 14 Stunden war ich jedoch dankbar endlich Zuhause zu sein und bin ins Bett gefallen.<\/p>\n<p>Auch wenn die R\u00fcckfahrt anstrengend war, ich freue mich schon jetzt auf die n\u00e4chste Reise.<\/p>\n<div class=\"sharedaddy sd-sharing-enabled\"><div class=\"robots-nocontent sd-block sd-social sd-social-icon-text sd-sharing\"><h3 class=\"sd-title\">Ich bin dann mal weg ...<\/h3><div class=\"sd-content\"><ul><li><a href=\"#\" class=\"sharing-anchor sd-button share-more\"><span>Teilen<\/span><\/a><\/li><li class=\"share-end\"><\/li><\/ul><div class=\"sharing-hidden\"><div class=\"inner\" style=\"display: none;\"><ul><li class=\"share-facebook\"><a rel=\"nofollow noopener noreferrer\" data-shared=\"sharing-facebook-181\" class=\"share-facebook sd-button share-icon\" href=\"http:\/\/fridolin.vw-bulli.net\/?p=181&amp;share=facebook\" target=\"_blank\" title=\"Klick, um auf Facebook zu teilen\"><span>Facebook<\/span><\/a><\/li><li class=\"share-twitter\"><a rel=\"nofollow noopener noreferrer\" data-shared=\"sharing-twitter-181\" class=\"share-twitter sd-button share-icon\" href=\"http:\/\/fridolin.vw-bulli.net\/?p=181&amp;share=twitter\" target=\"_blank\" title=\"Klick, um \u00fcber Twitter zu teilen\"><span>Twitter<\/span><\/a><\/li><li class=\"share-end\"><\/li><li class=\"share-end\"><\/li><\/ul><\/div><\/div><\/div><\/div><\/div>","protected":false},"excerpt":{"rendered":"<p>Was soll ich sagen? Ich bin einer, der fast blind seinem Navi vertraut. Bisher hat mir mein TomTom auch keinen Anlass zum zweifeln gegeben. Also, Route \u00fcber den Arlberg zur\u00fcck nach Bottighofen eingegeben und losgefahren. Keine Ahnung was passiert ist. Entweder hat das Navi, als ich kurz tanken war, auf eine schnellere Route umgeschalten oder &hellip; <a href=\"http:\/\/fridolin.vw-bulli.net\/?p=181\" class=\"more-link\"><span class=\"screen-reader-text\">&#8222;Die R\u00fcckfahrt &#8211; oder auch Irrfahrt mit H\u00e4rtetest&#8220; <\/span>weiterlesen<\/a><\/p>\n<div class=\"sharedaddy sd-sharing-enabled\"><div class=\"robots-nocontent sd-block sd-social sd-social-icon-text sd-sharing\"><h3 class=\"sd-title\">Ich bin dann mal weg ...<\/h3><div class=\"sd-content\"><ul><li><a href=\"#\" class=\"sharing-anchor sd-button share-more\"><span>Teilen<\/span><\/a><\/li><li class=\"share-end\"><\/li><\/ul><div class=\"sharing-hidden\"><div class=\"inner\" style=\"display: none;\"><ul><li class=\"share-facebook\"><a rel=\"nofollow noopener noreferrer\" data-shared=\"sharing-facebook-181\" class=\"share-facebook sd-button share-icon\" href=\"http:\/\/fridolin.vw-bulli.net\/?p=181&amp;share=facebook\" target=\"_blank\" title=\"Klick, um auf Facebook zu teilen\"><span>Facebook<\/span><\/a><\/li><li class=\"share-twitter\"><a rel=\"nofollow noopener noreferrer\" data-shared=\"sharing-twitter-181\" class=\"share-twitter sd-button share-icon\" href=\"http:\/\/fridolin.vw-bulli.net\/?p=181&amp;share=twitter\" target=\"_blank\" title=\"Klick, um \u00fcber Twitter zu teilen\"><span>Twitter<\/span><\/a><\/li><li class=\"share-end\"><\/li><li class=\"share-end\"><\/li><\/ul><\/div><\/div><\/div><\/div><\/div>","protected":false},"author":1,"featured_media":0,"comment_status":"open","ping_status":"open","sticky":false,"template":"","format":"standard","meta":{"spay_email":"","jetpack_publicize_message":"","jetpack_is_tweetstorm":false,"jetpack_publicize_feature_enabled":true},"categories":[1],"tags":[],"jetpack_featured_media_url":"","jetpack_publicize_connections":[],"jetpack_sharing_enabled":true,"jetpack_shortlink":"https:\/\/wp.me\/pcLMis-2V","jetpack_likes_enabled":true,"_links":{"self":[{"href":"http:\/\/fridolin.vw-bulli.net\/index.php?rest_route=\/wp\/v2\/posts\/181"}],"collection":[{"href":"http:\/\/fridolin.vw-bulli.net\/index.php?rest_route=\/wp\/v2\/posts"}],"about":[{"href":"http:\/\/fridolin.vw-bulli.net\/index.php?rest_route=\/wp\/v2\/types\/post"}],"author":[{"embeddable":true,"href":"http:\/\/fridolin.vw-bulli.net\/index.php?rest_route=\/wp\/v2\/users\/1"}],"replies":[{"embeddable":true,"href":"http:\/\/fridolin.vw-bulli.net\/index.php?rest_route=%2Fwp%2Fv2%2Fcomments&post=181"}],"version-history":[{"count":2,"href":"http:\/\/fridolin.vw-bulli.net\/index.php?rest_route=\/wp\/v2\/posts\/181\/revisions"}],"predecessor-version":[{"id":220,"href":"http:\/\/fridolin.vw-bulli.net\/index.php?rest_route=\/wp\/v2\/posts\/181\/revisions\/220"}],"wp:attachment":[{"href":"http:\/\/fridolin.vw-bulli.net\/index.php?rest_route=%2Fwp%2Fv2%2Fmedia&parent=181"}],"wp:term":[{"taxonomy":"category","embeddable":true,"href":"http:\/\/fridolin.vw-bulli.net\/index.php?rest_route=%2Fwp%2Fv2%2Fcategories&post=181"},{"taxonomy":"post_tag","embeddable":true,"href":"http:\/\/fridolin.vw-bulli.net\/index.php?rest_route=%2Fwp%2Fv2%2Ftags&post=181"}],"curies":[{"name":"wp","href":"https:\/\/api.w.org\/{rel}","templated":true}]}}