{"id":174,"date":"2016-05-08T13:05:25","date_gmt":"2016-05-08T11:05:25","guid":{"rendered":"http:\/\/fridolin.vw-bulli.net\/?p=174"},"modified":"2016-05-23T08:45:48","modified_gmt":"2016-05-23T06:45:48","slug":"der-urlaub-marina-die-venezia","status":"publish","type":"post","link":"http:\/\/fridolin.vw-bulli.net\/?p=174","title":{"rendered":"Der Urlaub &#8211; Marina die Venezia"},"content":{"rendered":"<p>Die erste Fahrt mit Fridolin ging zum Campingplatz <a href=\"http:\/\/www.marinadivenezia.it\/deu\/\">Marina di Venezia<\/a>. Ein wirklich phantastischer Campingplatz f\u00fcr \u00fcber 2000 Personen. Ich hatte Gl\u00fcck und konnte noch einen Platz, nur 20m vom Standzugang entfernt ergattern.<\/p>\n<p><img loading=\"lazy\" class=\"alignnone size-medium wp-image-175\" src=\"http:\/\/fridolin.vw-bulli.net\/wp-content\/uploads\/2016\/05\/thumb_IMG_2460_1024-500x154.jpg\" alt=\"thumb_IMG_2460_1024\" width=\"500\" height=\"154\" srcset=\"http:\/\/fridolin.vw-bulli.net\/wp-content\/uploads\/2016\/05\/thumb_IMG_2460_1024-500x154.jpg 500w, http:\/\/fridolin.vw-bulli.net\/wp-content\/uploads\/2016\/05\/thumb_IMG_2460_1024-1024x315.jpg 1024w, http:\/\/fridolin.vw-bulli.net\/wp-content\/uploads\/2016\/05\/thumb_IMG_2460_1024-1200x369.jpg 1200w, http:\/\/fridolin.vw-bulli.net\/wp-content\/uploads\/2016\/05\/thumb_IMG_2460_1024.jpg 1598w\" sizes=\"(max-width: 500px) 85vw, 500px\" \/><\/p>\n<p>Der Strand ist riesig (mehrere Kilometer) und wird top gepflegt. Der Campingplatz wird durch bewachsene D\u00fcnen und B\u00e4ume vom Campingplatz getrennt.<\/p>\n<p><img loading=\"lazy\" class=\"alignnone  wp-image-191\" src=\"http:\/\/fridolin.vw-bulli.net\/wp-content\/uploads\/2016\/05\/thumb_IMG_2450_1024-375x500.jpg\" alt=\"thumb_IMG_2450_1024\" width=\"500\" height=\"667\" srcset=\"http:\/\/fridolin.vw-bulli.net\/wp-content\/uploads\/2016\/05\/thumb_IMG_2450_1024-375x500.jpg 375w, http:\/\/fridolin.vw-bulli.net\/wp-content\/uploads\/2016\/05\/thumb_IMG_2450_1024.jpg 768w\" sizes=\"(max-width: 500px) 85vw, 500px\" \/> <img loading=\"lazy\" class=\"alignnone size-medium wp-image-194\" src=\"http:\/\/fridolin.vw-bulli.net\/wp-content\/uploads\/2016\/05\/thumb_IMG_2485_1024-500x375.jpg\" alt=\"thumb_IMG_2485_1024\" width=\"500\" height=\"375\" srcset=\"http:\/\/fridolin.vw-bulli.net\/wp-content\/uploads\/2016\/05\/thumb_IMG_2485_1024-500x375.jpg 500w, http:\/\/fridolin.vw-bulli.net\/wp-content\/uploads\/2016\/05\/thumb_IMG_2485_1024.jpg 1024w\" sizes=\"(max-width: 500px) 85vw, 500px\" \/> <img loading=\"lazy\" class=\"alignnone size-medium wp-image-195\" src=\"http:\/\/fridolin.vw-bulli.net\/wp-content\/uploads\/2016\/05\/thumb_IMG_2486_1024-500x375.jpg\" alt=\"thumb_IMG_2486_1024\" width=\"500\" height=\"375\" srcset=\"http:\/\/fridolin.vw-bulli.net\/wp-content\/uploads\/2016\/05\/thumb_IMG_2486_1024-500x375.jpg 500w, http:\/\/fridolin.vw-bulli.net\/wp-content\/uploads\/2016\/05\/thumb_IMG_2486_1024.jpg 1024w\" sizes=\"(max-width: 500px) 85vw, 500px\" \/> <img loading=\"lazy\" class=\"alignnone size-medium wp-image-196\" src=\"http:\/\/fridolin.vw-bulli.net\/wp-content\/uploads\/2016\/05\/thumb_IMG_2487_1024-500x375.jpg\" alt=\"thumb_IMG_2487_1024\" width=\"500\" height=\"375\" srcset=\"http:\/\/fridolin.vw-bulli.net\/wp-content\/uploads\/2016\/05\/thumb_IMG_2487_1024-500x375.jpg 500w, http:\/\/fridolin.vw-bulli.net\/wp-content\/uploads\/2016\/05\/thumb_IMG_2487_1024.jpg 1024w\" sizes=\"(max-width: 500px) 85vw, 500px\" \/> <img loading=\"lazy\" class=\"alignnone size-medium wp-image-198\" src=\"http:\/\/fridolin.vw-bulli.net\/wp-content\/uploads\/2016\/05\/thumb_IMG_2500_1024-500x375.jpg\" alt=\"thumb_IMG_2500_1024\" width=\"500\" height=\"375\" srcset=\"http:\/\/fridolin.vw-bulli.net\/wp-content\/uploads\/2016\/05\/thumb_IMG_2500_1024-500x375.jpg 500w, http:\/\/fridolin.vw-bulli.net\/wp-content\/uploads\/2016\/05\/thumb_IMG_2500_1024.jpg 1024w\" sizes=\"(max-width: 500px) 85vw, 500px\" \/> <img loading=\"lazy\" class=\"alignnone size-medium wp-image-199\" src=\"http:\/\/fridolin.vw-bulli.net\/wp-content\/uploads\/2016\/05\/thumb_IMG_2501_1024-500x375.jpg\" alt=\"thumb_IMG_2501_1024\" width=\"500\" height=\"375\" srcset=\"http:\/\/fridolin.vw-bulli.net\/wp-content\/uploads\/2016\/05\/thumb_IMG_2501_1024-500x375.jpg 500w, http:\/\/fridolin.vw-bulli.net\/wp-content\/uploads\/2016\/05\/thumb_IMG_2501_1024.jpg 1024w\" sizes=\"(max-width: 500px) 85vw, 500px\" \/> <img loading=\"lazy\" class=\"alignnone size-medium wp-image-200\" src=\"http:\/\/fridolin.vw-bulli.net\/wp-content\/uploads\/2016\/05\/thumb_IMG_2502_1024-500x375.jpg\" alt=\"thumb_IMG_2502_1024\" width=\"500\" height=\"375\" srcset=\"http:\/\/fridolin.vw-bulli.net\/wp-content\/uploads\/2016\/05\/thumb_IMG_2502_1024-500x375.jpg 500w, http:\/\/fridolin.vw-bulli.net\/wp-content\/uploads\/2016\/05\/thumb_IMG_2502_1024.jpg 1024w\" sizes=\"(max-width: 500px) 85vw, 500px\" \/><\/p>\n<p>Und wenn das Meer noch zu kalt zum baden ist, bietet der Campingplatz mit 1500qm einen tolle Badelandschaft.<\/p>\n<p><img loading=\"lazy\" class=\"alignnone size-medium wp-image-176\" src=\"http:\/\/fridolin.vw-bulli.net\/wp-content\/uploads\/2016\/05\/thumb_IMG_2473_1024-500x192.jpg\" alt=\"thumb_IMG_2473_1024\" width=\"500\" height=\"192\" srcset=\"http:\/\/fridolin.vw-bulli.net\/wp-content\/uploads\/2016\/05\/thumb_IMG_2473_1024-500x192.jpg 500w, http:\/\/fridolin.vw-bulli.net\/wp-content\/uploads\/2016\/05\/thumb_IMG_2473_1024-1024x393.jpg 1024w, http:\/\/fridolin.vw-bulli.net\/wp-content\/uploads\/2016\/05\/thumb_IMG_2473_1024-1200x460.jpg 1200w, http:\/\/fridolin.vw-bulli.net\/wp-content\/uploads\/2016\/05\/thumb_IMG_2473_1024.jpg 1431w\" sizes=\"(max-width: 500px) 85vw, 500px\" \/> <img loading=\"lazy\" class=\"alignnone size-medium wp-image-177\" src=\"http:\/\/fridolin.vw-bulli.net\/wp-content\/uploads\/2016\/05\/thumb_IMG_2474_1024-500x164.jpg\" alt=\"thumb_IMG_2474_1024\" width=\"500\" height=\"164\" srcset=\"http:\/\/fridolin.vw-bulli.net\/wp-content\/uploads\/2016\/05\/thumb_IMG_2474_1024-500x164.jpg 500w, http:\/\/fridolin.vw-bulli.net\/wp-content\/uploads\/2016\/05\/thumb_IMG_2474_1024-1024x335.jpg 1024w, http:\/\/fridolin.vw-bulli.net\/wp-content\/uploads\/2016\/05\/thumb_IMG_2474_1024-1200x393.jpg 1200w, http:\/\/fridolin.vw-bulli.net\/wp-content\/uploads\/2016\/05\/thumb_IMG_2474_1024.jpg 1548w\" sizes=\"(max-width: 500px) 85vw, 500px\" \/><\/p>\n<p>Da die h\u00e4lfte der Pools sogar beheizt ist hat es selbst Anfang Mai schon richtig Spass gemacht. Und hierbei hatten die Kinder (manchmal auch die grossen Kinder) besonders viel Freude.<\/p>\n<p><img loading=\"lazy\" class=\"alignnone size-medium wp-image-179\" src=\"http:\/\/fridolin.vw-bulli.net\/wp-content\/uploads\/2016\/05\/thumb_IMG_2423_1024-500x375.jpg\" alt=\"thumb_IMG_2423_1024\" width=\"500\" height=\"375\" srcset=\"http:\/\/fridolin.vw-bulli.net\/wp-content\/uploads\/2016\/05\/thumb_IMG_2423_1024-500x375.jpg 500w, http:\/\/fridolin.vw-bulli.net\/wp-content\/uploads\/2016\/05\/thumb_IMG_2423_1024.jpg 1024w\" sizes=\"(max-width: 500px) 85vw, 500px\" \/><\/p>\n<p>Auch von der Infrastruktur Supermarkt, Eisdielen, Campingbedarf, Kleidung, Bars, Minigolf und und und einfach top.<\/p>\n<p><img loading=\"lazy\" class=\"alignnone size-medium wp-image-178\" src=\"http:\/\/fridolin.vw-bulli.net\/wp-content\/uploads\/2016\/05\/thumb_IMG_2443_1024-500x375.jpg\" alt=\"thumb_IMG_2443_1024\" width=\"500\" height=\"375\" srcset=\"http:\/\/fridolin.vw-bulli.net\/wp-content\/uploads\/2016\/05\/thumb_IMG_2443_1024-500x375.jpg 500w, http:\/\/fridolin.vw-bulli.net\/wp-content\/uploads\/2016\/05\/thumb_IMG_2443_1024.jpg 1024w\" sizes=\"(max-width: 500px) 85vw, 500px\" \/><\/p>\n<p>Fazit: Marina die Venezia ist rund um eine Empfehlung wert. Ich komme wieder.<\/p>\n<p>&nbsp;<\/p>\n<div class=\"sharedaddy sd-sharing-enabled\"><div class=\"robots-nocontent sd-block sd-social sd-social-icon-text sd-sharing\"><h3 class=\"sd-title\">Ich bin dann mal weg ...<\/h3><div class=\"sd-content\"><ul><li><a href=\"#\" class=\"sharing-anchor sd-button share-more\"><span>Teilen<\/span><\/a><\/li><li class=\"share-end\"><\/li><\/ul><div class=\"sharing-hidden\"><div class=\"inner\" style=\"display: none;\"><ul><li class=\"share-facebook\"><a rel=\"nofollow noopener noreferrer\" data-shared=\"sharing-facebook-174\" class=\"share-facebook sd-button share-icon\" href=\"http:\/\/fridolin.vw-bulli.net\/?p=174&amp;share=facebook\" target=\"_blank\" title=\"Klick, um auf Facebook zu teilen\"><span>Facebook<\/span><\/a><\/li><li class=\"share-twitter\"><a rel=\"nofollow noopener noreferrer\" data-shared=\"sharing-twitter-174\" class=\"share-twitter sd-button share-icon\" href=\"http:\/\/fridolin.vw-bulli.net\/?p=174&amp;share=twitter\" target=\"_blank\" title=\"Klick, um \u00fcber Twitter zu teilen\"><span>Twitter<\/span><\/a><\/li><li class=\"share-end\"><\/li><li class=\"share-end\"><\/li><\/ul><\/div><\/div><\/div><\/div><\/div>","protected":false},"excerpt":{"rendered":"<p>Die erste Fahrt mit Fridolin ging zum Campingplatz Marina di Venezia. Ein wirklich phantastischer Campingplatz f\u00fcr \u00fcber 2000 Personen. Ich hatte Gl\u00fcck und konnte noch einen Platz, nur 20m vom Standzugang entfernt ergattern. Der Strand ist riesig (mehrere Kilometer) und wird top gepflegt. Der Campingplatz wird durch bewachsene D\u00fcnen und B\u00e4ume vom Campingplatz getrennt. Und &hellip; <a href=\"http:\/\/fridolin.vw-bulli.net\/?p=174\" class=\"more-link\"><span class=\"screen-reader-text\">&#8222;Der Urlaub &#8211; Marina die Venezia&#8220; <\/span>weiterlesen<\/a><\/p>\n<div class=\"sharedaddy sd-sharing-enabled\"><div class=\"robots-nocontent sd-block sd-social sd-social-icon-text sd-sharing\"><h3 class=\"sd-title\">Ich bin dann mal weg ...<\/h3><div class=\"sd-content\"><ul><li><a href=\"#\" class=\"sharing-anchor sd-button share-more\"><span>Teilen<\/span><\/a><\/li><li class=\"share-end\"><\/li><\/ul><div class=\"sharing-hidden\"><div class=\"inner\" style=\"display: none;\"><ul><li class=\"share-facebook\"><a rel=\"nofollow noopener noreferrer\" data-shared=\"sharing-facebook-174\" class=\"share-facebook sd-button share-icon\" href=\"http:\/\/fridolin.vw-bulli.net\/?p=174&amp;share=facebook\" target=\"_blank\" title=\"Klick, um auf Facebook zu teilen\"><span>Facebook<\/span><\/a><\/li><li class=\"share-twitter\"><a rel=\"nofollow noopener noreferrer\" data-shared=\"sharing-twitter-174\" class=\"share-twitter sd-button share-icon\" href=\"http:\/\/fridolin.vw-bulli.net\/?p=174&amp;share=twitter\" target=\"_blank\" title=\"Klick, um \u00fcber Twitter zu teilen\"><span>Twitter<\/span><\/a><\/li><li class=\"share-end\"><\/li><li class=\"share-end\"><\/li><\/ul><\/div><\/div><\/div><\/div><\/div>","protected":false},"author":1,"featured_media":0,"comment_status":"open","ping_status":"open","sticky":false,"template":"","format":"standard","meta":{"spay_email":"","jetpack_publicize_message":"","jetpack_is_tweetstorm":false,"jetpack_publicize_feature_enabled":true},"categories":[1],"tags":[],"jetpack_featured_media_url":"","jetpack_publicize_connections":[],"jetpack_sharing_enabled":true,"jetpack_shortlink":"https:\/\/wp.me\/pcLMis-2O","jetpack_likes_enabled":true,"_links":{"self":[{"href":"http:\/\/fridolin.vw-bulli.net\/index.php?rest_route=\/wp\/v2\/posts\/174"}],"collection":[{"href":"http:\/\/fridolin.vw-bulli.net\/index.php?rest_route=\/wp\/v2\/posts"}],"about":[{"href":"http:\/\/fridolin.vw-bulli.net\/index.php?rest_route=\/wp\/v2\/types\/post"}],"author":[{"embeddable":true,"href":"http:\/\/fridolin.vw-bulli.net\/index.php?rest_route=\/wp\/v2\/users\/1"}],"replies":[{"embeddable":true,"href":"http:\/\/fridolin.vw-bulli.net\/index.php?rest_route=%2Fwp%2Fv2%2Fcomments&post=174"}],"version-history":[{"count":5,"href":"http:\/\/fridolin.vw-bulli.net\/index.php?rest_route=\/wp\/v2\/posts\/174\/revisions"}],"predecessor-version":[{"id":239,"href":"http:\/\/fridolin.vw-bulli.net\/index.php?rest_route=\/wp\/v2\/posts\/174\/revisions\/239"}],"wp:attachment":[{"href":"http:\/\/fridolin.vw-bulli.net\/index.php?rest_route=%2Fwp%2Fv2%2Fmedia&parent=174"}],"wp:term":[{"taxonomy":"category","embeddable":true,"href":"http:\/\/fridolin.vw-bulli.net\/index.php?rest_route=%2Fwp%2Fv2%2Fcategories&post=174"},{"taxonomy":"post_tag","embeddable":true,"href":"http:\/\/fridolin.vw-bulli.net\/index.php?rest_route=%2Fwp%2Fv2%2Ftags&post=174"}],"curies":[{"name":"wp","href":"https:\/\/api.w.org\/{rel}","templated":true}]}}