{"id":162,"date":"2016-05-01T09:40:51","date_gmt":"2016-05-01T07:40:51","guid":{"rendered":"http:\/\/fridolin.vw-bulli.net\/2016\/05\/01\/einmal-anbauen\/"},"modified":"2016-05-08T07:58:51","modified_gmt":"2016-05-08T05:58:51","slug":"einmal-anbauen","status":"publish","type":"post","link":"http:\/\/fridolin.vw-bulli.net\/?p=162","title":{"rendered":"Einmal anbauen"},"content":{"rendered":"<p>Zus\u00e4tzlich zu Fridolin habe ich ein Vorzelt erworben das nun zum ersten Mal zum Einsatz kommt. DWT soll qualitativ zwar top sein aber Anleitungen sind nicht deren St\u00e4rke. Egal, es steht und h\u00e4lt beim heutigen Dauerregen dicht und den Bewohner trocken.<\/p>\n<p><a href=\"http:\/\/fridolin.vw-bulli.net\/wp-content\/uploads\/2016\/05\/img_2429.jpg\"><img loading=\"lazy\" class=\"alignnone  wp-image-160\" src=\"http:\/\/fridolin.vw-bulli.net\/wp-content\/uploads\/2016\/05\/img_2429.jpg\" alt=\"\" width=\"500\" height=\"375\" srcset=\"http:\/\/fridolin.vw-bulli.net\/wp-content\/uploads\/2016\/05\/img_2429.jpg 3264w, http:\/\/fridolin.vw-bulli.net\/wp-content\/uploads\/2016\/05\/img_2429-500x375.jpg 500w, http:\/\/fridolin.vw-bulli.net\/wp-content\/uploads\/2016\/05\/img_2429-1024x768.jpg 1024w, http:\/\/fridolin.vw-bulli.net\/wp-content\/uploads\/2016\/05\/img_2429-1200x900.jpg 1200w\" sizes=\"(max-width: 500px) 85vw, 500px\" \/><\/a><br \/>\nAls erstes Fr\u00fchst\u00fcck in der neuen Behausung und der gute Berner Blaser Caf\u00e9 darf nicht fehlen.<\/p>\n<p><a href=\"http:\/\/fridolin.vw-bulli.net\/wp-content\/uploads\/2016\/05\/img_2431.jpg\"><img loading=\"lazy\" class=\"alignnone  wp-image-161\" src=\"http:\/\/fridolin.vw-bulli.net\/wp-content\/uploads\/2016\/05\/img_2431.jpg\" alt=\"\" width=\"500\" height=\"375\" srcset=\"http:\/\/fridolin.vw-bulli.net\/wp-content\/uploads\/2016\/05\/img_2431.jpg 3264w, http:\/\/fridolin.vw-bulli.net\/wp-content\/uploads\/2016\/05\/img_2431-500x375.jpg 500w, http:\/\/fridolin.vw-bulli.net\/wp-content\/uploads\/2016\/05\/img_2431-1024x768.jpg 1024w, http:\/\/fridolin.vw-bulli.net\/wp-content\/uploads\/2016\/05\/img_2431-1200x900.jpg 1200w\" sizes=\"(max-width: 500px) 85vw, 500px\" \/><\/a><\/p>\n<p><a href=\"http:\/\/fridolin.vw-bulli.net\/wp-content\/uploads\/2016\/05\/img_0074.jpg\"><img loading=\"lazy\" class=\"alignnone  wp-image-163\" src=\"http:\/\/fridolin.vw-bulli.net\/wp-content\/uploads\/2016\/05\/img_0074.jpg\" alt=\"\" width=\"500\" height=\"373\" srcset=\"http:\/\/fridolin.vw-bulli.net\/wp-content\/uploads\/2016\/05\/img_0074.jpg 2592w, http:\/\/fridolin.vw-bulli.net\/wp-content\/uploads\/2016\/05\/img_0074-500x373.jpg 500w, http:\/\/fridolin.vw-bulli.net\/wp-content\/uploads\/2016\/05\/img_0074-1024x765.jpg 1024w, http:\/\/fridolin.vw-bulli.net\/wp-content\/uploads\/2016\/05\/img_0074-1200x896.jpg 1200w\" sizes=\"(max-width: 500px) 85vw, 500px\" \/><\/a><\/p>\n<div class=\"sharedaddy sd-sharing-enabled\"><div class=\"robots-nocontent sd-block sd-social sd-social-icon-text sd-sharing\"><h3 class=\"sd-title\">Ich bin dann mal weg ...<\/h3><div class=\"sd-content\"><ul><li><a href=\"#\" class=\"sharing-anchor sd-button share-more\"><span>Teilen<\/span><\/a><\/li><li class=\"share-end\"><\/li><\/ul><div class=\"sharing-hidden\"><div class=\"inner\" style=\"display: none;\"><ul><li class=\"share-facebook\"><a rel=\"nofollow noopener noreferrer\" data-shared=\"sharing-facebook-162\" class=\"share-facebook sd-button share-icon\" href=\"http:\/\/fridolin.vw-bulli.net\/?p=162&amp;share=facebook\" target=\"_blank\" title=\"Klick, um auf Facebook zu teilen\"><span>Facebook<\/span><\/a><\/li><li class=\"share-twitter\"><a rel=\"nofollow noopener noreferrer\" data-shared=\"sharing-twitter-162\" class=\"share-twitter sd-button share-icon\" href=\"http:\/\/fridolin.vw-bulli.net\/?p=162&amp;share=twitter\" target=\"_blank\" title=\"Klick, um \u00fcber Twitter zu teilen\"><span>Twitter<\/span><\/a><\/li><li class=\"share-end\"><\/li><li class=\"share-end\"><\/li><\/ul><\/div><\/div><\/div><\/div><\/div>","protected":false},"excerpt":{"rendered":"<p>Zus\u00e4tzlich zu Fridolin habe ich ein Vorzelt erworben das nun zum ersten Mal zum Einsatz kommt. DWT soll qualitativ zwar top sein aber Anleitungen sind nicht deren St\u00e4rke. Egal, es steht und h\u00e4lt beim heutigen Dauerregen dicht und den Bewohner trocken. Als erstes Fr\u00fchst\u00fcck in der neuen Behausung und der gute Berner Blaser Caf\u00e9 darf &hellip; <a href=\"http:\/\/fridolin.vw-bulli.net\/?p=162\" class=\"more-link\"><span class=\"screen-reader-text\">&#8222;Einmal anbauen&#8220; <\/span>weiterlesen<\/a><\/p>\n<div class=\"sharedaddy sd-sharing-enabled\"><div class=\"robots-nocontent sd-block sd-social sd-social-icon-text sd-sharing\"><h3 class=\"sd-title\">Ich bin dann mal weg ...<\/h3><div class=\"sd-content\"><ul><li><a href=\"#\" class=\"sharing-anchor sd-button share-more\"><span>Teilen<\/span><\/a><\/li><li class=\"share-end\"><\/li><\/ul><div class=\"sharing-hidden\"><div class=\"inner\" style=\"display: none;\"><ul><li class=\"share-facebook\"><a rel=\"nofollow noopener noreferrer\" data-shared=\"sharing-facebook-162\" class=\"share-facebook sd-button share-icon\" href=\"http:\/\/fridolin.vw-bulli.net\/?p=162&amp;share=facebook\" target=\"_blank\" title=\"Klick, um auf Facebook zu teilen\"><span>Facebook<\/span><\/a><\/li><li class=\"share-twitter\"><a rel=\"nofollow noopener noreferrer\" data-shared=\"sharing-twitter-162\" class=\"share-twitter sd-button share-icon\" href=\"http:\/\/fridolin.vw-bulli.net\/?p=162&amp;share=twitter\" target=\"_blank\" title=\"Klick, um \u00fcber Twitter zu teilen\"><span>Twitter<\/span><\/a><\/li><li class=\"share-end\"><\/li><li class=\"share-end\"><\/li><\/ul><\/div><\/div><\/div><\/div><\/div>","protected":false},"author":1,"featured_media":0,"comment_status":"open","ping_status":"open","sticky":false,"template":"","format":"standard","meta":{"spay_email":"","jetpack_publicize_message":"","jetpack_is_tweetstorm":false,"jetpack_publicize_feature_enabled":true},"categories":[1],"tags":[],"jetpack_featured_media_url":"","jetpack_publicize_connections":[],"jetpack_sharing_enabled":true,"jetpack_shortlink":"https:\/\/wp.me\/pcLMis-2C","jetpack_likes_enabled":true,"_links":{"self":[{"href":"http:\/\/fridolin.vw-bulli.net\/index.php?rest_route=\/wp\/v2\/posts\/162"}],"collection":[{"href":"http:\/\/fridolin.vw-bulli.net\/index.php?rest_route=\/wp\/v2\/posts"}],"about":[{"href":"http:\/\/fridolin.vw-bulli.net\/index.php?rest_route=\/wp\/v2\/types\/post"}],"author":[{"embeddable":true,"href":"http:\/\/fridolin.vw-bulli.net\/index.php?rest_route=\/wp\/v2\/users\/1"}],"replies":[{"embeddable":true,"href":"http:\/\/fridolin.vw-bulli.net\/index.php?rest_route=%2Fwp%2Fv2%2Fcomments&post=162"}],"version-history":[{"count":3,"href":"http:\/\/fridolin.vw-bulli.net\/index.php?rest_route=\/wp\/v2\/posts\/162\/revisions"}],"predecessor-version":[{"id":169,"href":"http:\/\/fridolin.vw-bulli.net\/index.php?rest_route=\/wp\/v2\/posts\/162\/revisions\/169"}],"wp:attachment":[{"href":"http:\/\/fridolin.vw-bulli.net\/index.php?rest_route=%2Fwp%2Fv2%2Fmedia&parent=162"}],"wp:term":[{"taxonomy":"category","embeddable":true,"href":"http:\/\/fridolin.vw-bulli.net\/index.php?rest_route=%2Fwp%2Fv2%2Fcategories&post=162"},{"taxonomy":"post_tag","embeddable":true,"href":"http:\/\/fridolin.vw-bulli.net\/index.php?rest_route=%2Fwp%2Fv2%2Ftags&post=162"}],"curies":[{"name":"wp","href":"https:\/\/api.w.org\/{rel}","templated":true}]}}