{"id":159,"date":"2016-05-01T09:08:12","date_gmt":"2016-05-01T07:08:12","guid":{"rendered":"http:\/\/fridolin.vw-bulli.net\/2016\/05\/01\/probeurlaub-die-anfahrt\/"},"modified":"2016-05-23T08:46:58","modified_gmt":"2016-05-23T06:46:58","slug":"probeurlaub-die-anfahrt","status":"publish","type":"post","link":"http:\/\/fridolin.vw-bulli.net\/?p=159","title":{"rendered":"Probeurlaub &#8211; Die Anfahrt"},"content":{"rendered":"<p>Bevor es auf grosse Reise geht ist erst einmal eine Woche Probeurlaub angesagt. Testen wie sich Fridolin bei einer knapp 700 KM langen Fahrt durch die Berge bis an&#8217;s Meer macht. Um das \u00e4ltere M\u00e4nnchen, und damit ist nicht der Fahrer gemeint, nicht zu \u00fcberfordern wurde folgende Strecke gew\u00e4hlt.<\/p>\n<p><a href=\"http:\/\/fridolin.vw-bulli.net\/wp-content\/uploads\/2016\/05\/img_2432.jpg\"><img loading=\"lazy\" class=\"alignnone wp-image-156\" src=\"http:\/\/fridolin.vw-bulli.net\/wp-content\/uploads\/2016\/05\/img_2432.jpg\" alt=\"\" width=\"500\" height=\"722\" srcset=\"http:\/\/fridolin.vw-bulli.net\/wp-content\/uploads\/2016\/05\/img_2432.jpg 750w, http:\/\/fridolin.vw-bulli.net\/wp-content\/uploads\/2016\/05\/img_2432-346x500.jpg 346w, http:\/\/fridolin.vw-bulli.net\/wp-content\/uploads\/2016\/05\/img_2432-709x1024.jpg 709w\" sizes=\"(max-width: 500px) 85vw, 500px\" \/><\/a><br \/>\nDiese hat den Vorteil nicht ganz so starke Steigungen zu haben, wobei Arlberg und Brenner nicht zu untersch\u00e4tzen sind. Am Arlberg wurde es Fridolin auch ein wenig warm (\u00d6l: 115 Grad) aber alles im gr\u00fcnen Bereich. Nach dem Arlberg gab es 20 Minuten Powernapping bevor es weiter ging.<\/p>\n<p>Fridolin schnurrte bis an&#8217;s Ziel durch. Lediglich bei Steigungen schnauft er und musste k\u00e4mpfen seine 70 KM\/h zu halten.<\/p>\n<p>Jetzt sind wir angekommen und haben ein sch\u00f6nes Pl\u00e4tzchen, nur 20m vom Strandzugang, gefunden.<\/p>\n<p><a href=\"http:\/\/fridolin.vw-bulli.net\/wp-content\/uploads\/2016\/05\/img_2414.jpg\"><img loading=\"lazy\" class=\"alignnone wp-image-157\" src=\"http:\/\/fridolin.vw-bulli.net\/wp-content\/uploads\/2016\/05\/img_2414.jpg\" alt=\"\" width=\"500\" height=\"375\" srcset=\"http:\/\/fridolin.vw-bulli.net\/wp-content\/uploads\/2016\/05\/img_2414.jpg 3264w, http:\/\/fridolin.vw-bulli.net\/wp-content\/uploads\/2016\/05\/img_2414-500x375.jpg 500w, http:\/\/fridolin.vw-bulli.net\/wp-content\/uploads\/2016\/05\/img_2414-1024x768.jpg 1024w, http:\/\/fridolin.vw-bulli.net\/wp-content\/uploads\/2016\/05\/img_2414-1200x900.jpg 1200w\" sizes=\"(max-width: 500px) 85vw, 500px\" \/><\/a><br \/>\nUnd daf\u00fcr hat es sich gelohnt um 4 Uhr auf zu stehen.<\/p>\n<p><a href=\"http:\/\/fridolin.vw-bulli.net\/wp-content\/uploads\/2016\/05\/img_2419.jpg\"><img loading=\"lazy\" class=\"alignnone wp-image-158\" src=\"http:\/\/fridolin.vw-bulli.net\/wp-content\/uploads\/2016\/05\/img_2419.jpg\" alt=\"\" width=\"500\" height=\"375\" srcset=\"http:\/\/fridolin.vw-bulli.net\/wp-content\/uploads\/2016\/05\/img_2419.jpg 3264w, http:\/\/fridolin.vw-bulli.net\/wp-content\/uploads\/2016\/05\/img_2419-500x375.jpg 500w, http:\/\/fridolin.vw-bulli.net\/wp-content\/uploads\/2016\/05\/img_2419-1024x768.jpg 1024w, http:\/\/fridolin.vw-bulli.net\/wp-content\/uploads\/2016\/05\/img_2419-1200x900.jpg 1200w\" sizes=\"(max-width: 500px) 85vw, 500px\" \/><\/a><\/p>\n<p>PS: Notieren&#8230; Ein Bulli gibt auch mal Ger\u00e4usche von sich die man bei einem neuen Auto nicht h\u00f6rt und manchmal verschwinden diese auch wieder ganz schnell. Learning&#8230; Cool bleiben<\/p>\n<div class=\"sharedaddy sd-sharing-enabled\"><div class=\"robots-nocontent sd-block sd-social sd-social-icon-text sd-sharing\"><h3 class=\"sd-title\">Ich bin dann mal weg ...<\/h3><div class=\"sd-content\"><ul><li><a href=\"#\" class=\"sharing-anchor sd-button share-more\"><span>Teilen<\/span><\/a><\/li><li class=\"share-end\"><\/li><\/ul><div class=\"sharing-hidden\"><div class=\"inner\" style=\"display: none;\"><ul><li class=\"share-facebook\"><a rel=\"nofollow noopener noreferrer\" data-shared=\"sharing-facebook-159\" class=\"share-facebook sd-button share-icon\" href=\"http:\/\/fridolin.vw-bulli.net\/?p=159&amp;share=facebook\" target=\"_blank\" title=\"Klick, um auf Facebook zu teilen\"><span>Facebook<\/span><\/a><\/li><li class=\"share-twitter\"><a rel=\"nofollow noopener noreferrer\" data-shared=\"sharing-twitter-159\" class=\"share-twitter sd-button share-icon\" href=\"http:\/\/fridolin.vw-bulli.net\/?p=159&amp;share=twitter\" target=\"_blank\" title=\"Klick, um \u00fcber Twitter zu teilen\"><span>Twitter<\/span><\/a><\/li><li class=\"share-end\"><\/li><li class=\"share-end\"><\/li><\/ul><\/div><\/div><\/div><\/div><\/div>","protected":false},"excerpt":{"rendered":"<p>Bevor es auf grosse Reise geht ist erst einmal eine Woche Probeurlaub angesagt. Testen wie sich Fridolin bei einer knapp 700 KM langen Fahrt durch die Berge bis an&#8217;s Meer macht. Um das \u00e4ltere M\u00e4nnchen, und damit ist nicht der Fahrer gemeint, nicht zu \u00fcberfordern wurde folgende Strecke gew\u00e4hlt. Diese hat den Vorteil nicht ganz &hellip; <a href=\"http:\/\/fridolin.vw-bulli.net\/?p=159\" class=\"more-link\"><span class=\"screen-reader-text\">&#8222;Probeurlaub &#8211; Die Anfahrt&#8220; <\/span>weiterlesen<\/a><\/p>\n<div class=\"sharedaddy sd-sharing-enabled\"><div class=\"robots-nocontent sd-block sd-social sd-social-icon-text sd-sharing\"><h3 class=\"sd-title\">Ich bin dann mal weg ...<\/h3><div class=\"sd-content\"><ul><li><a href=\"#\" class=\"sharing-anchor sd-button share-more\"><span>Teilen<\/span><\/a><\/li><li class=\"share-end\"><\/li><\/ul><div class=\"sharing-hidden\"><div class=\"inner\" style=\"display: none;\"><ul><li class=\"share-facebook\"><a rel=\"nofollow noopener noreferrer\" data-shared=\"sharing-facebook-159\" class=\"share-facebook sd-button share-icon\" href=\"http:\/\/fridolin.vw-bulli.net\/?p=159&amp;share=facebook\" target=\"_blank\" title=\"Klick, um auf Facebook zu teilen\"><span>Facebook<\/span><\/a><\/li><li class=\"share-twitter\"><a rel=\"nofollow noopener noreferrer\" data-shared=\"sharing-twitter-159\" class=\"share-twitter sd-button share-icon\" href=\"http:\/\/fridolin.vw-bulli.net\/?p=159&amp;share=twitter\" target=\"_blank\" title=\"Klick, um \u00fcber Twitter zu teilen\"><span>Twitter<\/span><\/a><\/li><li class=\"share-end\"><\/li><li class=\"share-end\"><\/li><\/ul><\/div><\/div><\/div><\/div><\/div>","protected":false},"author":1,"featured_media":0,"comment_status":"open","ping_status":"open","sticky":false,"template":"","format":"standard","meta":{"spay_email":"","jetpack_publicize_message":"","jetpack_is_tweetstorm":false,"jetpack_publicize_feature_enabled":true},"categories":[1],"tags":[],"jetpack_featured_media_url":"","jetpack_publicize_connections":[],"jetpack_sharing_enabled":true,"jetpack_shortlink":"https:\/\/wp.me\/pcLMis-2z","jetpack_likes_enabled":true,"_links":{"self":[{"href":"http:\/\/fridolin.vw-bulli.net\/index.php?rest_route=\/wp\/v2\/posts\/159"}],"collection":[{"href":"http:\/\/fridolin.vw-bulli.net\/index.php?rest_route=\/wp\/v2\/posts"}],"about":[{"href":"http:\/\/fridolin.vw-bulli.net\/index.php?rest_route=\/wp\/v2\/types\/post"}],"author":[{"embeddable":true,"href":"http:\/\/fridolin.vw-bulli.net\/index.php?rest_route=\/wp\/v2\/users\/1"}],"replies":[{"embeddable":true,"href":"http:\/\/fridolin.vw-bulli.net\/index.php?rest_route=%2Fwp%2Fv2%2Fcomments&post=159"}],"version-history":[{"count":4,"href":"http:\/\/fridolin.vw-bulli.net\/index.php?rest_route=\/wp\/v2\/posts\/159\/revisions"}],"predecessor-version":[{"id":241,"href":"http:\/\/fridolin.vw-bulli.net\/index.php?rest_route=\/wp\/v2\/posts\/159\/revisions\/241"}],"wp:attachment":[{"href":"http:\/\/fridolin.vw-bulli.net\/index.php?rest_route=%2Fwp%2Fv2%2Fmedia&parent=159"}],"wp:term":[{"taxonomy":"category","embeddable":true,"href":"http:\/\/fridolin.vw-bulli.net\/index.php?rest_route=%2Fwp%2Fv2%2Fcategories&post=159"},{"taxonomy":"post_tag","embeddable":true,"href":"http:\/\/fridolin.vw-bulli.net\/index.php?rest_route=%2Fwp%2Fv2%2Ftags&post=159"}],"curies":[{"name":"wp","href":"https:\/\/api.w.org\/{rel}","templated":true}]}}