{"id":113,"date":"2016-04-17T15:17:26","date_gmt":"2016-04-17T13:17:26","guid":{"rendered":"http:\/\/fridolin.vw-bulli.net\/?p=113"},"modified":"2016-05-23T08:48:14","modified_gmt":"2016-05-23T06:48:14","slug":"noch-mehr-stauraum-sicherheit-und-kuehlung","status":"publish","type":"post","link":"http:\/\/fridolin.vw-bulli.net\/?p=113","title":{"rendered":"Noch mehr Stauraum, Sicherheit und K\u00fchlung"},"content":{"rendered":"<p>N\u00e4chstes Wochenende, n\u00e4chste Umbauarbeiten.<\/p>\n<p>Nachdem die erste Staubox im Heck gut gelungen ist, ging es an die zweite Staubox auf der anderen Seite.<\/p>\n<p><img loading=\"lazy\" class=\"alignnone size-medium wp-image-115\" src=\"http:\/\/fridolin.vw-bulli.net\/wp-content\/uploads\/2016\/04\/thumb_IMG_2365_1024-500x375.jpg\" alt=\"thumb_IMG_2365_1024\" width=\"500\" height=\"375\" srcset=\"http:\/\/fridolin.vw-bulli.net\/wp-content\/uploads\/2016\/04\/thumb_IMG_2365_1024-500x375.jpg 500w, http:\/\/fridolin.vw-bulli.net\/wp-content\/uploads\/2016\/04\/thumb_IMG_2365_1024.jpg 1024w\" sizes=\"(max-width: 500px) 85vw, 500px\" \/> <img loading=\"lazy\" class=\"alignnone size-medium wp-image-116\" src=\"http:\/\/fridolin.vw-bulli.net\/wp-content\/uploads\/2016\/04\/thumb_IMG_2366_1024-500x375.jpg\" alt=\"thumb_IMG_2366_1024\" width=\"500\" height=\"375\" srcset=\"http:\/\/fridolin.vw-bulli.net\/wp-content\/uploads\/2016\/04\/thumb_IMG_2366_1024-500x375.jpg 500w, http:\/\/fridolin.vw-bulli.net\/wp-content\/uploads\/2016\/04\/thumb_IMG_2366_1024.jpg 1024w\" sizes=\"(max-width: 500px) 85vw, 500px\" \/> <img loading=\"lazy\" class=\"alignnone  wp-image-117\" src=\"http:\/\/fridolin.vw-bulli.net\/wp-content\/uploads\/2016\/04\/thumb_IMG_2367_1024-375x500.jpg\" alt=\"thumb_IMG_2367_1024\" width=\"500\" height=\"667\" srcset=\"http:\/\/fridolin.vw-bulli.net\/wp-content\/uploads\/2016\/04\/thumb_IMG_2367_1024-375x500.jpg 375w, http:\/\/fridolin.vw-bulli.net\/wp-content\/uploads\/2016\/04\/thumb_IMG_2367_1024.jpg 768w\" sizes=\"(max-width: 500px) 85vw, 500px\" \/> <img loading=\"lazy\" class=\"alignnone size-medium wp-image-122\" src=\"http:\/\/fridolin.vw-bulli.net\/wp-content\/uploads\/2016\/04\/thumb_IMG_2372_1024-500x375.jpg\" alt=\"thumb_IMG_2372_1024\" width=\"500\" height=\"375\" srcset=\"http:\/\/fridolin.vw-bulli.net\/wp-content\/uploads\/2016\/04\/thumb_IMG_2372_1024-500x375.jpg 500w, http:\/\/fridolin.vw-bulli.net\/wp-content\/uploads\/2016\/04\/thumb_IMG_2372_1024.jpg 1024w\" sizes=\"(max-width: 500px) 85vw, 500px\" \/><\/p>\n<p>Ausserdem ging es an das Thema K\u00fchlung. Leider keine Klimaanlage f\u00fcr den Fahrer sondern f\u00fcr den K\u00fchlschrank. Da der Absorber K\u00fchlschrank in seiner Behausung auch W\u00e4rme erzeugt und sich gerne staut, sorgen nun zwei Arctic PC K\u00fchler mit Temperatursteuerung daf\u00fcr, dass die W\u00e4rme zuverl\u00e4ssig abgef\u00fchrt wird. Je nach Temperatur laufen die L\u00fcfter mit 500-1800 U\/Min. Zus\u00e4tzlich k\u00f6nnen die L\u00fcfter aber auch manuell, \u00fcber einen Schalter, ausgeschalten werden. Diese Massnahme sollte 5-7 Grad mehr K\u00fchlung erm\u00f6glichen, was sich im Hochsommer beim Bierchen oder den Cocktails positiv bemerkbar machen sollte.<\/p>\n<p><img loading=\"lazy\" class=\"alignnone  wp-image-121\" src=\"http:\/\/fridolin.vw-bulli.net\/wp-content\/uploads\/2016\/04\/thumb_IMG_2371_1024-375x500.jpg\" alt=\"thumb_IMG_2371_1024\" width=\"500\" height=\"667\" srcset=\"http:\/\/fridolin.vw-bulli.net\/wp-content\/uploads\/2016\/04\/thumb_IMG_2371_1024-375x500.jpg 375w, http:\/\/fridolin.vw-bulli.net\/wp-content\/uploads\/2016\/04\/thumb_IMG_2371_1024.jpg 768w\" sizes=\"(max-width: 500px) 85vw, 500px\" \/><\/p>\n<p>Und zu guter letzt wurde auf Anraten von Kollegen und verschiedenen Foreneintr\u00e4gen, noch f\u00fcr etwas Sicherheit gesorgt.<\/p>\n<p><img loading=\"lazy\" class=\"alignnone  wp-image-114\" src=\"http:\/\/fridolin.vw-bulli.net\/wp-content\/uploads\/2016\/04\/thumb_IMG_2364_1024-375x500.jpg\" alt=\"thumb_IMG_2364_1024\" width=\"500\" height=\"667\" srcset=\"http:\/\/fridolin.vw-bulli.net\/wp-content\/uploads\/2016\/04\/thumb_IMG_2364_1024-375x500.jpg 375w, http:\/\/fridolin.vw-bulli.net\/wp-content\/uploads\/2016\/04\/thumb_IMG_2364_1024.jpg 768w\" sizes=\"(max-width: 500px) 85vw, 500px\" \/><\/p>\n<p>&nbsp;<\/p>\n<div class=\"sharedaddy sd-sharing-enabled\"><div class=\"robots-nocontent sd-block sd-social sd-social-icon-text sd-sharing\"><h3 class=\"sd-title\">Ich bin dann mal weg ...<\/h3><div class=\"sd-content\"><ul><li><a href=\"#\" class=\"sharing-anchor sd-button share-more\"><span>Teilen<\/span><\/a><\/li><li class=\"share-end\"><\/li><\/ul><div class=\"sharing-hidden\"><div class=\"inner\" style=\"display: none;\"><ul><li class=\"share-facebook\"><a rel=\"nofollow noopener noreferrer\" data-shared=\"sharing-facebook-113\" class=\"share-facebook sd-button share-icon\" href=\"http:\/\/fridolin.vw-bulli.net\/?p=113&amp;share=facebook\" target=\"_blank\" title=\"Klick, um auf Facebook zu teilen\"><span>Facebook<\/span><\/a><\/li><li class=\"share-twitter\"><a rel=\"nofollow noopener noreferrer\" data-shared=\"sharing-twitter-113\" class=\"share-twitter sd-button share-icon\" href=\"http:\/\/fridolin.vw-bulli.net\/?p=113&amp;share=twitter\" target=\"_blank\" title=\"Klick, um \u00fcber Twitter zu teilen\"><span>Twitter<\/span><\/a><\/li><li class=\"share-end\"><\/li><li class=\"share-end\"><\/li><\/ul><\/div><\/div><\/div><\/div><\/div>","protected":false},"excerpt":{"rendered":"<p>N\u00e4chstes Wochenende, n\u00e4chste Umbauarbeiten. Nachdem die erste Staubox im Heck gut gelungen ist, ging es an die zweite Staubox auf der anderen Seite. Ausserdem ging es an das Thema K\u00fchlung. Leider keine Klimaanlage f\u00fcr den Fahrer sondern f\u00fcr den K\u00fchlschrank. Da der Absorber K\u00fchlschrank in seiner Behausung auch W\u00e4rme erzeugt und sich gerne staut, sorgen &hellip; <a href=\"http:\/\/fridolin.vw-bulli.net\/?p=113\" class=\"more-link\"><span class=\"screen-reader-text\">&#8222;Noch mehr Stauraum, Sicherheit und K\u00fchlung&#8220; <\/span>weiterlesen<\/a><\/p>\n<div class=\"sharedaddy sd-sharing-enabled\"><div class=\"robots-nocontent sd-block sd-social sd-social-icon-text sd-sharing\"><h3 class=\"sd-title\">Ich bin dann mal weg ...<\/h3><div class=\"sd-content\"><ul><li><a href=\"#\" class=\"sharing-anchor sd-button share-more\"><span>Teilen<\/span><\/a><\/li><li class=\"share-end\"><\/li><\/ul><div class=\"sharing-hidden\"><div class=\"inner\" style=\"display: none;\"><ul><li class=\"share-facebook\"><a rel=\"nofollow noopener noreferrer\" data-shared=\"sharing-facebook-113\" class=\"share-facebook sd-button share-icon\" href=\"http:\/\/fridolin.vw-bulli.net\/?p=113&amp;share=facebook\" target=\"_blank\" title=\"Klick, um auf Facebook zu teilen\"><span>Facebook<\/span><\/a><\/li><li class=\"share-twitter\"><a rel=\"nofollow noopener noreferrer\" data-shared=\"sharing-twitter-113\" class=\"share-twitter sd-button share-icon\" href=\"http:\/\/fridolin.vw-bulli.net\/?p=113&amp;share=twitter\" target=\"_blank\" title=\"Klick, um \u00fcber Twitter zu teilen\"><span>Twitter<\/span><\/a><\/li><li class=\"share-end\"><\/li><li class=\"share-end\"><\/li><\/ul><\/div><\/div><\/div><\/div><\/div>","protected":false},"author":1,"featured_media":0,"comment_status":"open","ping_status":"open","sticky":false,"template":"","format":"standard","meta":{"spay_email":"","jetpack_publicize_message":"","jetpack_is_tweetstorm":false,"jetpack_publicize_feature_enabled":true},"categories":[1],"tags":[],"jetpack_featured_media_url":"","jetpack_publicize_connections":[],"jetpack_sharing_enabled":true,"jetpack_shortlink":"https:\/\/wp.me\/pcLMis-1P","jetpack_likes_enabled":true,"_links":{"self":[{"href":"http:\/\/fridolin.vw-bulli.net\/index.php?rest_route=\/wp\/v2\/posts\/113"}],"collection":[{"href":"http:\/\/fridolin.vw-bulli.net\/index.php?rest_route=\/wp\/v2\/posts"}],"about":[{"href":"http:\/\/fridolin.vw-bulli.net\/index.php?rest_route=\/wp\/v2\/types\/post"}],"author":[{"embeddable":true,"href":"http:\/\/fridolin.vw-bulli.net\/index.php?rest_route=\/wp\/v2\/users\/1"}],"replies":[{"embeddable":true,"href":"http:\/\/fridolin.vw-bulli.net\/index.php?rest_route=%2Fwp%2Fv2%2Fcomments&post=113"}],"version-history":[{"count":4,"href":"http:\/\/fridolin.vw-bulli.net\/index.php?rest_route=\/wp\/v2\/posts\/113\/revisions"}],"predecessor-version":[{"id":243,"href":"http:\/\/fridolin.vw-bulli.net\/index.php?rest_route=\/wp\/v2\/posts\/113\/revisions\/243"}],"wp:attachment":[{"href":"http:\/\/fridolin.vw-bulli.net\/index.php?rest_route=%2Fwp%2Fv2%2Fmedia&parent=113"}],"wp:term":[{"taxonomy":"category","embeddable":true,"href":"http:\/\/fridolin.vw-bulli.net\/index.php?rest_route=%2Fwp%2Fv2%2Fcategories&post=113"},{"taxonomy":"post_tag","embeddable":true,"href":"http:\/\/fridolin.vw-bulli.net\/index.php?rest_route=%2Fwp%2Fv2%2Ftags&post=113"}],"curies":[{"name":"wp","href":"https:\/\/api.w.org\/{rel}","templated":true}]}}